{"id":10194,"date":"2023-03-07T09:41:51","date_gmt":"2023-03-07T08:41:51","guid":{"rendered":"https:\/\/lecasierfrancais.fr\/?p=10194"},"modified":"2024-06-04T16:13:30","modified_gmt":"2024-06-04T14:13:30","slug":"des-ouvertures","status":"publish","type":"post","link":"https:\/\/lecasierfrancais.es\/index.php\/2023\/03\/07\/des-ouvertures\/","title":{"rendered":"Des nouvelles installations !"},"content":{"rendered":"[vc_row type=\u00a0\u00bbin_container\u00a0\u00bb full_screen_row_position=\u00a0\u00bbmiddle\u00a0\u00bb scene_position=\u00a0\u00bbcenter\u00a0\u00bb text_color=\u00a0\u00bbdark\u00a0\u00bb text_align=\u00a0\u00bbleft\u00a0\u00bb overlay_strength=\u00a0\u00bb0.3&Prime; shape_divider_position=\u00a0\u00bbbottom\u00a0\u00bb][vc_column column_padding=\u00a0\u00bbno-extra-padding\u00a0\u00bb column_padding_position=\u00a0\u00bball\u00a0\u00bb background_color_opacity=\u00a0\u00bb1&Prime; background_hover_color_opacity=\u00a0\u00bb1&Prime; column_shadow=\u00a0\u00bbnone\u00a0\u00bb column_border_radius=\u00a0\u00bbnone\u00a0\u00bb width=\u00a0\u00bb1\/1&Prime; tablet_text_alignment=\u00a0\u00bbdefault\u00a0\u00bb phone_text_alignment=\u00a0\u00bbdefault\u00a0\u00bb column_border_width=\u00a0\u00bbnone\u00a0\u00bb column_border_style=\u00a0\u00bbsolid\u00a0\u00bb][vc_column_text]\n<div class=\"x11i5rnm xat24cr x1mh8g0r x1vvkbs xdj266r x126k92a\">\n<div dir=\"auto\" style=\"text-align: justify;\">Nouvelle installation Le Casier Fran\u00e7ais en Bretagne !<\/div>\n<div dir=\"auto\" style=\"text-align: justify;\"><\/div>\n<\/div>\n<div class=\"x11i5rnm xat24cr x1mh8g0r x1vvkbs xtlvy1s x126k92a\" style=\"text-align: justify;\">\n<div dir=\"auto\">Depuis le 3 septembre 2022, <a class=\"x1i10hfl xjbqb8w x6umtig x1b1mbwd xaqea5y xav7gou x9f619 x1ypdohk xt0psk2 xe8uvvx xdj266r x11i5rnm xat24cr x1mh8g0r xexx8yu x4uap5 x18d9i69 xkhd6sd x16tdsg8 x1hl2dhg xggy1nq x1a2a7pz xt0b8zv x1qq9wsj xo1l8bm\" tabindex=\"0\" role=\"link\" href=\"https:\/\/www.facebook.com\/lafermeaemporter?__cft__[0]=AZVV6vjf3W_tJPOv-WqKHXqGPvh2RucLCRjDEe9pOdZYGCerAMd7Zh-R_G2QDjaFyZFqrrvcltek3jl16W3QeX112Y73_uwx01L7GqLxn4z17MjXzp1ZLtzrpbo78iVZsE7HY_9O_YDAOexEu0wuO0rHwLm3G59LIeDLcVxIg-apaLyJmJag7XFnbRpdgNA8OWc&amp;__tn__=-]K-R\"><span class=\"xt0psk2\">La Ferme \u00e0 Emporter<\/span><\/a> s&rsquo;associe \u00e0 plusieurs producteurs et artisans de Grand-Fougeray (35) pour vous proposer une gamme compl\u00e8te de produits frais et de saison.<\/div>\n<div dir=\"auto\">Optez pour le circuit court et venez d\u00e9couvrir une large gamme de produits disponibles \u00e0 toute heure gr\u00e2ce \u00e0 des casiers approvisionn\u00e9s quotidiennement par les producteurs locaux.<\/div>\n<div dir=\"auto\"><\/div>\n<\/div>\n<div class=\"x11i5rnm xat24cr x1mh8g0r x1vvkbs xtlvy1s x126k92a\" style=\"text-align: justify;\">\n<div dir=\"auto\">Au programme :<\/div>\n<div dir=\"auto\"><\/div>\n<\/div>\n<div class=\"x11i5rnm xat24cr x1mh8g0r x1vvkbs xtlvy1s x126k92a\" style=\"text-align: justify;\">\n<div dir=\"auto\">Retrouvez le pain \u00ab des Menhirs du Sel-de-Bretagne \u00bb, du caf\u00e9 venant d\u2019une torr\u00e9factrice locale \u00ab Caf\u00e9e Des Vallons \u00bb, des \u0153ufs frais de \u00ab la ferme de la Plouti\u00e8re \u00bb, des l\u00e9gumes de \u00ab La Gr\u00e9e en Bio \u00bb, de la viande et charcuterie, des hu\u00eetres selon l\u2019arrivage\u2026<\/div>\n<div dir=\"auto\"><\/div>\n<div dir=\"auto\">Mais aussi des cookies de la biscuiterie Equi\u2019Croq, du jus frais de chez \u00ab Saveurs &amp; Couleurs \u00bb et des fromages de ch\u00e8vre par \u00ab Les ch\u00e8vres du p&rsquo;tit bout \u00bb.<\/div>\n<div dir=\"auto\"><\/div>\n<\/div>\n<div class=\"x11i5rnm xat24cr x1mh8g0r x1vvkbs xtlvy1s x126k92a\" style=\"text-align: justify;\">\n<div dir=\"auto\"><span class=\"x3nfvp2 x1j61x8r x1fcty0u xdj266r xhhsvwb xat24cr xgzva0m xxymvpz xlup9mm x1kky2od\" style=\"font-size: 8pt;\"><img decoding=\"async\" src=\"https:\/\/static.xx.fbcdn.net\/images\/emoji.php\/v9\/t82\/1.5\/16\/1f551.png\" alt=\"\ud83d\udd51\" width=\"16\" height=\"16\" \/> <\/span>Ouverture 24h\/24 et 7j\/7 <span class=\"x3nfvp2 x1j61x8r x1fcty0u xdj266r xhhsvwb xat24cr xgzva0m xxymvpz xlup9mm x1kky2od\"><img decoding=\"async\" src=\"https:\/\/static.xx.fbcdn.net\/images\/emoji.php\/v9\/td7\/1.5\/16\/1f4c5.png\" alt=\"\ud83d\udcc5\" width=\"16\" height=\"16\" \/><\/span> pour satisfaire toutes vos envies !<\/div>\n<div dir=\"auto\"><span class=\"x3nfvp2 x1j61x8r x1fcty0u xdj266r xhhsvwb xat24cr xgzva0m xxymvpz xlup9mm x1kky2od\"><img decoding=\"async\" src=\"https:\/\/static.xx.fbcdn.net\/images\/emoji.php\/v9\/t86\/1.5\/16\/1f4cd.png\" alt=\"\ud83d\udccd\" width=\"16\" height=\"16\" \/><\/span> Adresse : 14 Place de l&rsquo;\u00c9glise (35390) \u00e0 Grand-Fougeray.<\/div>\n<div dir=\"auto\"><\/div>\n<\/div>\n<div class=\"x11i5rnm xat24cr x1mh8g0r x1vvkbs xtlvy1s x126k92a\">\n<div dir=\"auto\" style=\"text-align: justify;\">Retrouvez l\u2019actualit\u00e9 de La Ferme \u00e0 Emporter sur sa page Facebook : <a class=\"x1i10hfl xjbqb8w x6umtig x1b1mbwd xaqea5y xav7gou x9f619 x1ypdohk xt0psk2 xe8uvvx xdj266r x11i5rnm xat24cr x1mh8g0r xexx8yu x4uap5 x18d9i69 xkhd6sd x16tdsg8 x1hl2dhg xggy1nq x1a2a7pz xt0b8zv xzsf02u x1s688f\" tabindex=\"0\" role=\"link\" href=\"https:\/\/www.facebook.com\/lafermeaemporter?__cft__[0]=AZVV6vjf3W_tJPOv-WqKHXqGPvh2RucLCRjDEe9pOdZYGCerAMd7Zh-R_G2QDjaFyZFqrrvcltek3jl16W3QeX112Y73_uwx01L7GqLxn4z17MjXzp1ZLtzrpbo78iVZsE7HY_9O_YDAOexEu0wuO0rHwLm3G59LIeDLcVxIg-apaLyJmJag7XFnbRpdgNA8OWc&amp;__tn__=-UK-R\">https:\/\/www.facebook.com\/lafermeaemporter<\/a><\/div>\n<\/div>\n[\/vc_column_text][vc_gallery type=\u00a0\u00bbflickity_style\u00a0\u00bb images=\u00a0\u00bb10195,10196&Prime; flickity_controls=\u00a0\u00bbpagination\u00a0\u00bb flickity_desktop_columns=\u00a0\u00bb1&Prime; flickity_small_desktop_columns=\u00a0\u00bb1&Prime; flickity_tablet_columns=\u00a0\u00bb1&Prime; flickity_autoplay=\u00a0\u00bbtrue\u00a0\u00bb flickity_box_shadow=\u00a0\u00bbnone\u00a0\u00bb onclick=\u00a0\u00bblink_no\u00a0\u00bb][vc_zigzag color=\u00a0\u00bbvista_blue\u00a0\u00bb][vc_column_text]\n<div class=\"x11i5rnm xat24cr x1mh8g0r x1vvkbs xdj266r x126k92a\">\n<div dir=\"auto\" style=\"text-align: justify;\">Ouverture de distributeurs \u00e0 casiers en Belgique ! <span class=\"x3nfvp2 x1j61x8r x1fcty0u xdj266r xhhsvwb xat24cr xgzva0m xxymvpz xlup9mm x1kky2od\"><img decoding=\"async\" src=\"https:\/\/static.xx.fbcdn.net\/images\/emoji.php\/v9\/t2d\/1.5\/16\/1f1e7_1f1ea.png\" alt=\"\ud83c\udde7\ud83c\uddea\" width=\"16\" height=\"16\" \/><\/span> Retrouvez d\u00e8s \u00e0 pr\u00e9sent nos solutions chez <a class=\"x1i10hfl xjbqb8w x6umtig x1b1mbwd xaqea5y xav7gou x9f619 x1ypdohk xt0psk2 xe8uvvx xdj266r x11i5rnm xat24cr x1mh8g0r xexx8yu x4uap5 x18d9i69 xkhd6sd x16tdsg8 x1hl2dhg xggy1nq x1a2a7pz xt0b8zv x1qq9wsj xo1l8bm\" tabindex=\"0\" role=\"link\" href=\"https:\/\/www.facebook.com\/profile.php?id=100088091521000&amp;__cft__[0]=AZVnFxIqShqEdEhPiLzgnRiAipKWqlh4i5AmyOM46MNRURy-eNO78GqJ1siKLqST-VqRymilks1Qm-EcZ1VMcX8SDSehdONkA5bGA25KUhKEvfwxvpItsGIH_w6vFJ32klul67uVZjDeCWuzhBX5r9Gh97GzdMjn3klD3ossT49piNKGoXvugoTM60Fv9OVM3F4&amp;__tn__=-]K-R\"><span class=\"xt0psk2\">Hills Market<\/span><\/a> \u00e0 Comines-Warneton (7780) !<\/div>\n<div dir=\"auto\" style=\"text-align: justify;\"><\/div>\n<\/div>\n<div class=\"x11i5rnm xat24cr x1mh8g0r x1vvkbs xtlvy1s x126k92a\" style=\"text-align: justify;\">\n<div dir=\"auto\">Merci \u00e0 la famille Hillewaere pour sa confiance dans l\u2019\u00e9laboration de ce beau projet de mise en avant des acteurs et producteurs locaux !<\/div>\n<div dir=\"auto\"><\/div>\n<div dir=\"auto\">Au programme :<\/div>\n<div dir=\"auto\"><\/div>\n<\/div>\n<div class=\"x11i5rnm xat24cr x1mh8g0r x1vvkbs xtlvy1s x126k92a\" style=\"text-align: justify;\">\n<div dir=\"auto\">\u2022 A Table : traiteur \u00e9picerie fine (Comines) d\u00e9couvrez une cuisine familiale et gourmande au travers de plats traiteurs cuisin\u00e9s \u00e0 la main.<\/div>\n<\/div>\n<div class=\"x11i5rnm xat24cr x1mh8g0r x1vvkbs xtlvy1s x126k92a\" style=\"text-align: justify;\">\n<div dir=\"auto\">\u2022 Boucherie Vincent (Bas-Warneton \/ Le Bizet) : viandes, assortiments et plateaux de charcuteries.<\/div>\n<\/div>\n<div class=\"x11i5rnm xat24cr x1mh8g0r x1vvkbs xtlvy1s x126k92a\" style=\"text-align: justify;\">\n<div dir=\"auto\">\u2022 B-A-Gel (Houtem) : retrouvez des produits frais de la ferme, fruits et l\u00e9gumes, mais aussi de la cr\u00e9merie.<\/div>\n<div dir=\"auto\">Gr\u00e2ce \u00e0 notre solution connect\u00e9e, ces exploitants disposent d\u2019un outil de gestion en ligne en temps r\u00e9el, garantissant disponibilit\u00e9 et fra\u00eecheur des produits !<\/div>\n<div dir=\"auto\"><\/div>\n<\/div>\n<div class=\"x11i5rnm xat24cr x1mh8g0r x1vvkbs xtlvy1s x126k92a\" style=\"text-align: justify;\">\n<div dir=\"auto\"><span class=\"x3nfvp2 x1j61x8r x1fcty0u xdj266r xhhsvwb xat24cr xgzva0m xxymvpz xlup9mm x1kky2od\"><img decoding=\"async\" src=\"https:\/\/static.xx.fbcdn.net\/images\/emoji.php\/v9\/t86\/1.5\/16\/1f4cd.png\" alt=\"\ud83d\udccd\" width=\"16\" height=\"16\" \/><\/span> Adresse : Chauss\u00e9e d&rsquo;Ypres 2 (7784) \u00e0 Warneton, dans la station-service Gabriel Warneton.<\/div>\n<\/div>\n<div class=\"x11i5rnm xat24cr x1mh8g0r x1vvkbs xtlvy1s x126k92a\">\n<div dir=\"auto\" style=\"text-align: justify;\"><span class=\"x3nfvp2 x1j61x8r x1fcty0u xdj266r xhhsvwb xat24cr xgzva0m xxymvpz xlup9mm x1kky2od\"><img decoding=\"async\" src=\"https:\/\/static.xx.fbcdn.net\/images\/emoji.php\/v9\/t82\/1.5\/16\/1f551.png\" alt=\"\ud83d\udd51\" width=\"16\" height=\"16\" \/><\/span> Disponibles 24h\/24 &#8211; 7j\/7 pour satisfaire toutes vos envies et vos besoins !<\/div>\n<\/div>\n[\/vc_column_text][vc_text_separator title=\u00a0\u00bb\u00a0\u00bb]<div class=\"img-with-aniamtion-wrap center\" data-max-width=\"100%\" data-border-radius=\"none\"><div class=\"inner\"><img decoding=\"async\" data-shadow=\"none\" data-shadow-direction=\"middle\" class=\"img-with-animation \" data-delay=\"0\" height=\"960\" width=\"1280\" data-animation=\"fade-in\" src=\"https:\/\/lecasierfrancais.es\/wp-content\/uploads\/2023\/03\/hillscorps.jpg\" srcset=\"https:\/\/lecasierfrancais.es\/wp-content\/uploads\/2023\/03\/hillscorps.jpg 1280w, https:\/\/lecasierfrancais.es\/wp-content\/uploads\/2023\/03\/hillscorps-300x225.jpg 300w, https:\/\/lecasierfrancais.es\/wp-content\/uploads\/2023\/03\/hillscorps-1024x768.jpg 1024w, https:\/\/lecasierfrancais.es\/wp-content\/uploads\/2023\/03\/hillscorps-768x576.jpg 768w\" sizes=\"100vw\" alt=\"\" \/><\/div><\/div>[vc_zigzag color=\u00a0\u00bbvista_blue\u00a0\u00bb]<div class=\"nectar-social  hide-share-count items_2\"><a class='facebook-share nectar-sharing' href='#' title='Partager ceci'> <i class='fa fa-facebook'><\/i> <span class='count'><\/span><\/a><a class='linkedin-share nectar-sharing' href='#' title='Partager ceci'> <i class='fa fa-linkedin'><\/i> <span class='count'><\/span><\/a><\/div>[\/vc_column][\/vc_row]\n","protected":false},"excerpt":{"rendered":"<p>[vc_row type=\u00a0\u00bbin_container\u00a0\u00bb full_screen_row_position=\u00a0\u00bbmiddle\u00a0\u00bb scene_position=\u00a0\u00bbcenter\u00a0\u00bb text_color=\u00a0\u00bbdark\u00a0\u00bb text_align=\u00a0\u00bbleft\u00a0\u00bb overlay_strength=\u00a0\u00bb0.3&Prime; shape_divider_position=\u00a0\u00bbbottom\u00a0\u00bb][vc_column column_padding=\u00a0\u00bbno-extra-padding\u00a0\u00bb column_padding_position=\u00a0\u00bball\u00a0\u00bb background_color_opacity=\u00a0\u00bb1&Prime; background_hover_color_opacity=\u00a0\u00bb1&Prime; column_shadow=\u00a0\u00bbnone\u00a0\u00bb column_border_radius=\u00a0\u00bbnone\u00a0\u00bb width=\u00a0\u00bb1\/1&Prime;&#8230;<\/p>\n","protected":false},"author":8,"featured_media":10197,"comment_status":"open","ping_status":"open","sticky":false,"template":"","format":"standard","meta":{"footnotes":""},"categories":[381],"tags":[389,384,460,387,422,390,416,382,383,434,437,411,447,461],"class_list":{"0":"post-10194","1":"post","2":"type-post","3":"status-publish","4":"format-standard","5":"has-post-thumbnail","7":"category-ouvertures","8":"tag-automatique","9":"tag-casier","10":"tag-casierautomatique","11":"tag-circuitcourt","12":"tag-distributeur-connecte","13":"tag-distributeurautomatique","14":"tag-fabrication-francaise","15":"tag-lcf","16":"tag-lecasierfrancais","17":"tag-madeinfrance","18":"tag-originefrancegarantie","19":"tag-production-locale","20":"tag-productionlocale","21":"tag-ventedirecte"},"yoast_head":"<!-- This site is optimized with the Yoast SEO Premium plugin v26.1 (Yoast SEO v26.1.1) - https:\/\/yoast.com\/wordpress\/plugins\/seo\/ -->\n<title>Des nouvelles installations ! - Le Casier Fran\u00e7ais<\/title>\n<meta name=\"robots\" content=\"index, follow, max-snippet:-1, max-image-preview:large, max-video-preview:-1\" \/>\n<link rel=\"canonical\" href=\"https:\/\/lecasierfrancais.es\/index.php\/2023\/03\/07\/des-ouvertures\/\" \/>\n<meta property=\"og:locale\" content=\"fr_FR\" \/>\n<meta property=\"og:type\" content=\"article\" \/>\n<meta property=\"og:title\" content=\"Des nouvelles installations !\" \/>\n<meta property=\"og:description\" content=\"[vc_row type=\u00a0\u00bbin_container\u00a0\u00bb full_screen_row_position=\u00a0\u00bbmiddle\u00a0\u00bb scene_position=\u00a0\u00bbcenter\u00a0\u00bb text_color=\u00a0\u00bbdark\u00a0\u00bb text_align=\u00a0\u00bbleft\u00a0\u00bb overlay_strength=\u00a0\u00bb0.3&Prime; shape_divider_position=\u00a0\u00bbbottom\u00a0\u00bb][vc_column column_padding=\u00a0\u00bbno-extra-padding\u00a0\u00bb column_padding_position=\u00a0\u00bball\u00a0\u00bb background_color_opacity=\u00a0\u00bb1&Prime; background_hover_color_opacity=\u00a0\u00bb1&Prime; column_shadow=\u00a0\u00bbnone\u00a0\u00bb column_border_radius=\u00a0\u00bbnone\u00a0\u00bb width=\u00a0\u00bb1\/1&Prime;...\" \/>\n<meta property=\"og:url\" content=\"https:\/\/lecasierfrancais.es\/index.php\/2023\/03\/07\/des-ouvertures\/\" \/>\n<meta property=\"og:site_name\" content=\"Le Casier Fran\u00e7ais\" \/>\n<meta property=\"article:publisher\" content=\"https:\/\/www.facebook.com\/lecasierfrancais\/\" \/>\n<meta property=\"article:published_time\" content=\"2023-03-07T08:41:51+00:00\" \/>\n<meta property=\"article:modified_time\" content=\"2024-06-04T14:13:30+00:00\" \/>\n<meta property=\"og:image\" content=\"https:\/\/lecasierfrancais.es\/wp-content\/uploads\/2023\/03\/hillscorps.jpg\" \/>\n\t<meta property=\"og:image:width\" content=\"1280\" \/>\n\t<meta property=\"og:image:height\" content=\"960\" \/>\n\t<meta property=\"og:image:type\" content=\"image\/jpeg\" \/>\n<meta name=\"author\" content=\"Le Casier Francais\" \/>\n<meta name=\"twitter:card\" content=\"summary_large_image\" \/>\n<meta name=\"twitter:label1\" content=\"\u00c9crit par\" \/>\n\t<meta name=\"twitter:data1\" content=\"Le Casier Francais\" \/>\n\t<meta name=\"twitter:label2\" content=\"Dur\u00e9e de lecture estim\u00e9e\" \/>\n\t<meta name=\"twitter:data2\" content=\"2 minutes\" \/>\n<script type=\"application\/ld+json\" class=\"yoast-schema-graph\">{\"@context\":\"https:\/\/schema.org\",\"@graph\":[{\"@type\":\"WebPage\",\"@id\":\"https:\/\/lecasierfrancais.es\/index.php\/2023\/03\/07\/des-ouvertures\/\",\"url\":\"https:\/\/lecasierfrancais.es\/index.php\/2023\/03\/07\/des-ouvertures\/\",\"name\":\"Des nouvelles installations ! - Le Casier Fran\u00e7ais\",\"isPartOf\":{\"@id\":\"https:\/\/lecasierfrancais.es\/#website\"},\"primaryImageOfPage\":{\"@id\":\"https:\/\/lecasierfrancais.es\/index.php\/2023\/03\/07\/des-ouvertures\/#primaryimage\"},\"image\":{\"@id\":\"https:\/\/lecasierfrancais.es\/index.php\/2023\/03\/07\/des-ouvertures\/#primaryimage\"},\"thumbnailUrl\":\"https:\/\/lecasierfrancais.es\/wp-content\/uploads\/2023\/03\/hillscorps.jpg\",\"datePublished\":\"2023-03-07T08:41:51+00:00\",\"dateModified\":\"2024-06-04T14:13:30+00:00\",\"author\":{\"@id\":\"https:\/\/lecasierfrancais.es\/#\/schema\/person\/ac95c6138096844c56f2c49f81730a7a\"},\"breadcrumb\":{\"@id\":\"https:\/\/lecasierfrancais.es\/index.php\/2023\/03\/07\/des-ouvertures\/#breadcrumb\"},\"inLanguage\":\"fr-FR\",\"potentialAction\":[{\"@type\":\"ReadAction\",\"target\":[\"https:\/\/lecasierfrancais.es\/index.php\/2023\/03\/07\/des-ouvertures\/\"]}]},{\"@type\":\"ImageObject\",\"inLanguage\":\"fr-FR\",\"@id\":\"https:\/\/lecasierfrancais.es\/index.php\/2023\/03\/07\/des-ouvertures\/#primaryimage\",\"url\":\"https:\/\/lecasierfrancais.es\/wp-content\/uploads\/2023\/03\/hillscorps.jpg\",\"contentUrl\":\"https:\/\/lecasierfrancais.es\/wp-content\/uploads\/2023\/03\/hillscorps.jpg\",\"width\":1280,\"height\":960},{\"@type\":\"BreadcrumbList\",\"@id\":\"https:\/\/lecasierfrancais.es\/index.php\/2023\/03\/07\/des-ouvertures\/#breadcrumb\",\"itemListElement\":[{\"@type\":\"ListItem\",\"position\":1,\"name\":\"Accueil\",\"item\":\"https:\/\/lecasierfrancais.es\/\"},{\"@type\":\"ListItem\",\"position\":2,\"name\":\"Des nouvelles installations !\"}]},{\"@type\":\"WebSite\",\"@id\":\"https:\/\/lecasierfrancais.es\/#website\",\"url\":\"https:\/\/lecasierfrancais.es\/\",\"name\":\"Le Casier Fran\u00e7ais\",\"description\":\"\",\"potentialAction\":[{\"@type\":\"SearchAction\",\"target\":{\"@type\":\"EntryPoint\",\"urlTemplate\":\"https:\/\/lecasierfrancais.es\/?s={search_term_string}\"},\"query-input\":{\"@type\":\"PropertyValueSpecification\",\"valueRequired\":true,\"valueName\":\"search_term_string\"}}],\"inLanguage\":\"fr-FR\"},{\"@type\":\"Person\",\"@id\":\"https:\/\/lecasierfrancais.es\/#\/schema\/person\/ac95c6138096844c56f2c49f81730a7a\",\"name\":\"Le Casier Francais\",\"image\":{\"@type\":\"ImageObject\",\"inLanguage\":\"fr-FR\",\"@id\":\"https:\/\/lecasierfrancais.es\/#\/schema\/person\/image\/\",\"url\":\"https:\/\/secure.gravatar.com\/avatar\/f29776dfd97a4c78aee2ab31cb63a0f4097b8cc071a068daac2d914eb26fbbd4?s=96&d=mm&r=g\",\"contentUrl\":\"https:\/\/secure.gravatar.com\/avatar\/f29776dfd97a4c78aee2ab31cb63a0f4097b8cc071a068daac2d914eb26fbbd4?s=96&d=mm&r=g\",\"caption\":\"Le Casier Francais\"},\"url\":\"https:\/\/lecasierfrancais.es\/index.php\/author\/le-casier-francais\/\"}]}<\/script>\n<!-- \/ Yoast SEO Premium plugin. -->","yoast_head_json":{"title":"Des nouvelles installations ! - Le Casier Fran\u00e7ais","robots":{"index":"index","follow":"follow","max-snippet":"max-snippet:-1","max-image-preview":"max-image-preview:large","max-video-preview":"max-video-preview:-1"},"canonical":"https:\/\/lecasierfrancais.es\/index.php\/2023\/03\/07\/des-ouvertures\/","og_locale":"fr_FR","og_type":"article","og_title":"Des nouvelles installations !","og_description":"[vc_row type=\u00a0\u00bbin_container\u00a0\u00bb full_screen_row_position=\u00a0\u00bbmiddle\u00a0\u00bb scene_position=\u00a0\u00bbcenter\u00a0\u00bb text_color=\u00a0\u00bbdark\u00a0\u00bb text_align=\u00a0\u00bbleft\u00a0\u00bb overlay_strength=\u00a0\u00bb0.3&Prime; shape_divider_position=\u00a0\u00bbbottom\u00a0\u00bb][vc_column column_padding=\u00a0\u00bbno-extra-padding\u00a0\u00bb column_padding_position=\u00a0\u00bball\u00a0\u00bb background_color_opacity=\u00a0\u00bb1&Prime; background_hover_color_opacity=\u00a0\u00bb1&Prime; column_shadow=\u00a0\u00bbnone\u00a0\u00bb column_border_radius=\u00a0\u00bbnone\u00a0\u00bb width=\u00a0\u00bb1\/1&Prime;...","og_url":"https:\/\/lecasierfrancais.es\/index.php\/2023\/03\/07\/des-ouvertures\/","og_site_name":"Le Casier Fran\u00e7ais","article_publisher":"https:\/\/www.facebook.com\/lecasierfrancais\/","article_published_time":"2023-03-07T08:41:51+00:00","article_modified_time":"2024-06-04T14:13:30+00:00","og_image":[{"width":1280,"height":960,"url":"https:\/\/lecasierfrancais.es\/wp-content\/uploads\/2023\/03\/hillscorps.jpg","type":"image\/jpeg"}],"author":"Le Casier Francais","twitter_card":"summary_large_image","twitter_misc":{"\u00c9crit par":"Le Casier Francais","Dur\u00e9e de lecture estim\u00e9e":"2 minutes"},"schema":{"@context":"https:\/\/schema.org","@graph":[{"@type":"WebPage","@id":"https:\/\/lecasierfrancais.es\/index.php\/2023\/03\/07\/des-ouvertures\/","url":"https:\/\/lecasierfrancais.es\/index.php\/2023\/03\/07\/des-ouvertures\/","name":"Des nouvelles installations ! - Le Casier Fran\u00e7ais","isPartOf":{"@id":"https:\/\/lecasierfrancais.es\/#website"},"primaryImageOfPage":{"@id":"https:\/\/lecasierfrancais.es\/index.php\/2023\/03\/07\/des-ouvertures\/#primaryimage"},"image":{"@id":"https:\/\/lecasierfrancais.es\/index.php\/2023\/03\/07\/des-ouvertures\/#primaryimage"},"thumbnailUrl":"https:\/\/lecasierfrancais.es\/wp-content\/uploads\/2023\/03\/hillscorps.jpg","datePublished":"2023-03-07T08:41:51+00:00","dateModified":"2024-06-04T14:13:30+00:00","author":{"@id":"https:\/\/lecasierfrancais.es\/#\/schema\/person\/ac95c6138096844c56f2c49f81730a7a"},"breadcrumb":{"@id":"https:\/\/lecasierfrancais.es\/index.php\/2023\/03\/07\/des-ouvertures\/#breadcrumb"},"inLanguage":"fr-FR","potentialAction":[{"@type":"ReadAction","target":["https:\/\/lecasierfrancais.es\/index.php\/2023\/03\/07\/des-ouvertures\/"]}]},{"@type":"ImageObject","inLanguage":"fr-FR","@id":"https:\/\/lecasierfrancais.es\/index.php\/2023\/03\/07\/des-ouvertures\/#primaryimage","url":"https:\/\/lecasierfrancais.es\/wp-content\/uploads\/2023\/03\/hillscorps.jpg","contentUrl":"https:\/\/lecasierfrancais.es\/wp-content\/uploads\/2023\/03\/hillscorps.jpg","width":1280,"height":960},{"@type":"BreadcrumbList","@id":"https:\/\/lecasierfrancais.es\/index.php\/2023\/03\/07\/des-ouvertures\/#breadcrumb","itemListElement":[{"@type":"ListItem","position":1,"name":"Accueil","item":"https:\/\/lecasierfrancais.es\/"},{"@type":"ListItem","position":2,"name":"Des nouvelles installations !"}]},{"@type":"WebSite","@id":"https:\/\/lecasierfrancais.es\/#website","url":"https:\/\/lecasierfrancais.es\/","name":"Le Casier Fran\u00e7ais","description":"","potentialAction":[{"@type":"SearchAction","target":{"@type":"EntryPoint","urlTemplate":"https:\/\/lecasierfrancais.es\/?s={search_term_string}"},"query-input":{"@type":"PropertyValueSpecification","valueRequired":true,"valueName":"search_term_string"}}],"inLanguage":"fr-FR"},{"@type":"Person","@id":"https:\/\/lecasierfrancais.es\/#\/schema\/person\/ac95c6138096844c56f2c49f81730a7a","name":"Le Casier Francais","image":{"@type":"ImageObject","inLanguage":"fr-FR","@id":"https:\/\/lecasierfrancais.es\/#\/schema\/person\/image\/","url":"https:\/\/secure.gravatar.com\/avatar\/f29776dfd97a4c78aee2ab31cb63a0f4097b8cc071a068daac2d914eb26fbbd4?s=96&d=mm&r=g","contentUrl":"https:\/\/secure.gravatar.com\/avatar\/f29776dfd97a4c78aee2ab31cb63a0f4097b8cc071a068daac2d914eb26fbbd4?s=96&d=mm&r=g","caption":"Le Casier Francais"},"url":"https:\/\/lecasierfrancais.es\/index.php\/author\/le-casier-francais\/"}]}},"_links":{"self":[{"href":"https:\/\/lecasierfrancais.es\/index.php\/wp-json\/wp\/v2\/posts\/10194","targetHints":{"allow":["GET"]}}],"collection":[{"href":"https:\/\/lecasierfrancais.es\/index.php\/wp-json\/wp\/v2\/posts"}],"about":[{"href":"https:\/\/lecasierfrancais.es\/index.php\/wp-json\/wp\/v2\/types\/post"}],"author":[{"embeddable":true,"href":"https:\/\/lecasierfrancais.es\/index.php\/wp-json\/wp\/v2\/users\/8"}],"replies":[{"embeddable":true,"href":"https:\/\/lecasierfrancais.es\/index.php\/wp-json\/wp\/v2\/comments?post=10194"}],"version-history":[{"count":18,"href":"https:\/\/lecasierfrancais.es\/index.php\/wp-json\/wp\/v2\/posts\/10194\/revisions"}],"predecessor-version":[{"id":10217,"href":"https:\/\/lecasierfrancais.es\/index.php\/wp-json\/wp\/v2\/posts\/10194\/revisions\/10217"}],"wp:featuredmedia":[{"embeddable":true,"href":"https:\/\/lecasierfrancais.es\/index.php\/wp-json\/wp\/v2\/media\/10197"}],"wp:attachment":[{"href":"https:\/\/lecasierfrancais.es\/index.php\/wp-json\/wp\/v2\/media?parent=10194"}],"wp:term":[{"taxonomy":"category","embeddable":true,"href":"https:\/\/lecasierfrancais.es\/index.php\/wp-json\/wp\/v2\/categories?post=10194"},{"taxonomy":"post_tag","embeddable":true,"href":"https:\/\/lecasierfrancais.es\/index.php\/wp-json\/wp\/v2\/tags?post=10194"}],"curies":[{"name":"wp","href":"https:\/\/api.w.org\/{rel}","templated":true}]}}