{"id":10312,"date":"2024-01-09T14:09:06","date_gmt":"2024-01-09T13:09:06","guid":{"rendered":"https:\/\/lecasierfrancais.fr\/?p=10312"},"modified":"2024-06-04T16:15:39","modified_gmt":"2024-06-04T14:15:39","slug":"le-casier-francais-arrive-dans-le-vieux-lille","status":"publish","type":"post","link":"https:\/\/lecasierfrancais.es\/index.php\/2024\/01\/09\/le-casier-francais-arrive-dans-le-vieux-lille\/","title":{"rendered":"[OUVERTURE] Le Casier Fran\u00e7ais arrive dans le Vieux Lille ! \ud83e\udd6c\ud83c\udf4e\ud83d\udce6"},"content":{"rendered":"[vc_row type=\u00a0\u00bbin_container\u00a0\u00bb full_screen_row_position=\u00a0\u00bbmiddle\u00a0\u00bb scene_position=\u00a0\u00bbcenter\u00a0\u00bb text_color=\u00a0\u00bbdark\u00a0\u00bb text_align=\u00a0\u00bbleft\u00a0\u00bb overlay_strength=\u00a0\u00bb0.3&Prime; shape_divider_position=\u00a0\u00bbbottom\u00a0\u00bb][vc_column column_padding=\u00a0\u00bbno-extra-padding\u00a0\u00bb column_padding_position=\u00a0\u00bball\u00a0\u00bb background_color_opacity=\u00a0\u00bb1&Prime; background_hover_color_opacity=\u00a0\u00bb1&Prime; column_shadow=\u00a0\u00bbnone\u00a0\u00bb column_border_radius=\u00a0\u00bbnone\u00a0\u00bb width=\u00a0\u00bb1\/1&Prime; tablet_text_alignment=\u00a0\u00bbdefault\u00a0\u00bb phone_text_alignment=\u00a0\u00bbdefault\u00a0\u00bb column_border_width=\u00a0\u00bbnone\u00a0\u00bb column_border_style=\u00a0\u00bbsolid\u00a0\u00bb][vc_column_text]<strong>Le Casier Fran\u00e7ais arrive dans le Vieux Lille<\/strong> ! Une ouverture de plus \u00e0 notre actif cette semaine avec l&rsquo;arriv\u00e9e de Qomod rue Saint S\u00e9bastien. Un partenariat multi enseignes qui propose un service de proximit\u00e9 allant du<strong>\u00a0retrait de courses et colis<\/strong> aux <strong>achats alimentaires et locaux<\/strong>. Ce service vise \u00e0 r\u00e9duire les \u00e9missions de CO2 des livraisons en tous genres, promeut une consommation \u00e9thique et durable et participe \u00e0 la vie de tout un quartier.[\/vc_column_text][\/vc_column][vc_column column_padding=\u00a0\u00bbno-extra-padding\u00a0\u00bb column_padding_position=\u00a0\u00bball\u00a0\u00bb background_color_opacity=\u00a0\u00bb1&Prime; background_hover_color_opacity=\u00a0\u00bb1&Prime; column_shadow=\u00a0\u00bbnone\u00a0\u00bb column_border_radius=\u00a0\u00bbnone\u00a0\u00bb width=\u00a0\u00bb1\/1&Prime; tablet_text_alignment=\u00a0\u00bbdefault\u00a0\u00bb phone_text_alignment=\u00a0\u00bbdefault\u00a0\u00bb column_border_width=\u00a0\u00bbnone\u00a0\u00bb column_border_style=\u00a0\u00bbsolid\u00a0\u00bb][vc_custom_heading text=\u00a0\u00bbDes casiers multi-enseignes\u00a0\u00bb use_theme_fonts=\u00a0\u00bbyes\u00a0\u00bb][vc_column_text]C\u2019est en plein c\u0153ur du Vieux Lille dans la rue Saint S\u00e9bastien que s\u2019ouvrent aujourd\u2019hui <strong>nos nouveaux casiers au sein de <a href=\"https:\/\/www.qomod.fr\/\">Qomod<\/a><\/strong>. Comme \u00e0 Lille Europe, ouvert en Octobre 2023, l\u2019espace propose un service 100% casiers multi enseignes ouvert 24h\/24, 7j\/7 qui vous permettra de :<\/p>\n<ul>\n<li><strong>R\u00e9cup\u00e9rer vos courses<\/strong> Carrefour ou Monop, par exemple, avec Delipop,<\/li>\n<li><strong>R\u00e9cup\u00e9rer ou d\u00e9poser un colis<\/strong> d\u2019enseignes nationales (Leroy Merlin, Kiabi, Electro D\u00e9p\u00f4t\u2026) avec Qomod,<\/li>\n<li><strong>Acheter des produits frais de producteurs locaux <\/strong>avec <a href=\"https:\/\/laboutiquelecasierfrancais.fr\/\">La Boutique&#8230;<\/a><\/li>\n<\/ul>\n<p>Une initiative commune qui fera vivre le quartier du Vieux Lille en proposant de nouveaux modes de consommation qui r\u00e9duisent les \u00e9missions de CO2.[\/vc_column_text][\/vc_column][\/vc_row][vc_row type=\u00a0\u00bbin_container\u00a0\u00bb full_screen_row_position=\u00a0\u00bbmiddle\u00a0\u00bb scene_position=\u00a0\u00bbcenter\u00a0\u00bb text_color=\u00a0\u00bbdark\u00a0\u00bb text_align=\u00a0\u00bbleft\u00a0\u00bb overlay_strength=\u00a0\u00bb0.3&Prime; shape_divider_position=\u00a0\u00bbbottom\u00a0\u00bb][vc_column column_padding=\u00a0\u00bbno-extra-padding\u00a0\u00bb column_padding_position=\u00a0\u00bball\u00a0\u00bb background_color_opacity=\u00a0\u00bb1&Prime; background_hover_color_opacity=\u00a0\u00bb1&Prime; column_shadow=\u00a0\u00bbnone\u00a0\u00bb column_border_radius=\u00a0\u00bbnone\u00a0\u00bb width=\u00a0\u00bb1\/1&Prime; tablet_text_alignment=\u00a0\u00bbdefault\u00a0\u00bb phone_text_alignment=\u00a0\u00bbdefault\u00a0\u00bb column_border_width=\u00a0\u00bbnone\u00a0\u00bb column_border_style=\u00a0\u00bbsolid\u00a0\u00bb]<div class=\"img-with-aniamtion-wrap center\" data-max-width=\"100%\" data-border-radius=\"none\"><div class=\"inner\"><img decoding=\"async\" data-shadow=\"none\" data-shadow-direction=\"middle\" class=\"img-with-animation \" data-delay=\"0\" height=\"600\" width=\"450\" data-animation=\"none\" src=\"https:\/\/lecasierfrancais.es\/wp-content\/uploads\/2024\/01\/IMG_20240108_111223-scaled-e1704801603596.jpg\"  alt=\"Enseigne Qomod dans le Vieux Lille\" \/><\/div><\/div>[vc_custom_heading text=\u00a0\u00bbComment acc\u00e9der \u00e0 l\u2019espace Qomod et \u00e0 vos casiers La Boutique ?\u00a0\u00bb use_theme_fonts=\u00a0\u00bbyes\u00a0\u00bb][\/vc_column][\/vc_row][vc_row type=\u00a0\u00bbin_container\u00a0\u00bb full_screen_row_position=\u00a0\u00bbmiddle\u00a0\u00bb scene_position=\u00a0\u00bbcenter\u00a0\u00bb text_color=\u00a0\u00bbdark\u00a0\u00bb text_align=\u00a0\u00bbleft\u00a0\u00bb overlay_strength=\u00a0\u00bb0.3&Prime; shape_divider_position=\u00a0\u00bbbottom\u00a0\u00bb][vc_column column_padding=\u00a0\u00bbno-extra-padding\u00a0\u00bb column_padding_position=\u00a0\u00bball\u00a0\u00bb background_color_opacity=\u00a0\u00bb1&Prime; background_hover_color_opacity=\u00a0\u00bb1&Prime; column_shadow=\u00a0\u00bbnone\u00a0\u00bb column_border_radius=\u00a0\u00bbnone\u00a0\u00bb width=\u00a0\u00bb1\/1&Prime; tablet_text_alignment=\u00a0\u00bbdefault\u00a0\u00bb phone_text_alignment=\u00a0\u00bbdefault\u00a0\u00bb column_border_width=\u00a0\u00bbnone\u00a0\u00bb column_border_style=\u00a0\u00bbsolid\u00a0\u00bb][vc_column_text]L&rsquo;arriv\u00e9e des casiers connect\u00e9s dans le Vieux Lille vous permettra d&rsquo;acc\u00e9der \u00e0 tous les services Qomod. L&rsquo;<strong>acc\u00e8s \u00e0 l&rsquo;espace est s\u00e9curis\u00e9<\/strong> gr\u00e2ce \u00e0 un syst\u00e8me de code et QR code. On vous dit tout&#8230;<\/p>\n<p>Si vous venez chercher un colis, vous recevrez <strong>un QR code qu\u2019il faudra scanner \u00e0 l\u2019entr\u00e9e<\/strong>. Si vous venez vous approvisionner en produits frais et locaux La Boutique, vous <strong>pourrez g\u00e9n\u00e9rer un QR code<\/strong> une fois devant le b\u00e2timent. Suivez les instructions ! Une fois entr\u00e9s, profitez pleinement de tous vos services ![\/vc_column_text][\/vc_column][\/vc_row][vc_row type=\u00a0\u00bbin_container\u00a0\u00bb full_screen_row_position=\u00a0\u00bbmiddle\u00a0\u00bb scene_position=\u00a0\u00bbcenter\u00a0\u00bb text_color=\u00a0\u00bbdark\u00a0\u00bb text_align=\u00a0\u00bbleft\u00a0\u00bb overlay_strength=\u00a0\u00bb0.3&Prime; shape_divider_position=\u00a0\u00bbbottom\u00a0\u00bb][vc_column column_padding=\u00a0\u00bbno-extra-padding\u00a0\u00bb column_padding_position=\u00a0\u00bball\u00a0\u00bb background_color_opacity=\u00a0\u00bb1&Prime; background_hover_color_opacity=\u00a0\u00bb1&Prime; column_shadow=\u00a0\u00bbnone\u00a0\u00bb column_border_radius=\u00a0\u00bbnone\u00a0\u00bb width=\u00a0\u00bb1\/1&Prime; tablet_text_alignment=\u00a0\u00bbdefault\u00a0\u00bb phone_text_alignment=\u00a0\u00bbdefault\u00a0\u00bb column_border_width=\u00a0\u00bbnone\u00a0\u00bb column_border_style=\u00a0\u00bbsolid\u00a0\u00bb][vc_custom_heading text=\u00a0\u00bbLa Boutique, vos casiers de produits frais et r\u00e9gionaux\u00a0\u00bb use_theme_fonts=\u00a0\u00bbyes\u00a0\u00bb]<div class=\"img-with-aniamtion-wrap center\" data-max-width=\"100%\" data-border-radius=\"none\"><div class=\"inner\"><img decoding=\"async\" data-shadow=\"none\" data-shadow-direction=\"middle\" class=\"img-with-animation \" data-delay=\"0\" height=\"375\" width=\"500\" data-animation=\"none\" src=\"https:\/\/lecasierfrancais.es\/wp-content\/uploads\/2024\/01\/IMG_20240108_111534-scaled-e1704805193703.jpg\"  alt=\"Les produits locaux remplissent les Casiers de La Boutique du Vieux Lille\" \/><\/div><\/div>[\/vc_column][\/vc_row][vc_row type=\u00a0\u00bbin_container\u00a0\u00bb full_screen_row_position=\u00a0\u00bbmiddle\u00a0\u00bb scene_position=\u00a0\u00bbcenter\u00a0\u00bb text_color=\u00a0\u00bbdark\u00a0\u00bb text_align=\u00a0\u00bbleft\u00a0\u00bb overlay_strength=\u00a0\u00bb0.3&Prime; shape_divider_position=\u00a0\u00bbbottom\u00a0\u00bb][vc_column column_padding=\u00a0\u00bbno-extra-padding\u00a0\u00bb column_padding_position=\u00a0\u00bball\u00a0\u00bb background_color_opacity=\u00a0\u00bb1&Prime; background_hover_color_opacity=\u00a0\u00bb1&Prime; column_shadow=\u00a0\u00bbnone\u00a0\u00bb column_border_radius=\u00a0\u00bbnone\u00a0\u00bb width=\u00a0\u00bb1\/1&Prime; tablet_text_alignment=\u00a0\u00bbdefault\u00a0\u00bb phone_text_alignment=\u00a0\u00bbdefault\u00a0\u00bb column_border_width=\u00a0\u00bbnone\u00a0\u00bb column_border_style=\u00a0\u00bbsolid\u00a0\u00bb][vc_column_text]Parmi les acteurs de ces <strong>nouveaux casiers du Vieux Lille<\/strong>, vous retrouverez notamment\u00a0 <a href=\"https:\/\/lecasierfrancais.es\/index.php\/la-boutique\/\"><strong>La Boutique<\/strong><\/a>, des distributeurs automatiques des meilleurs produits de la r\u00e9gion.<\/p>\n<p>Enseigne du Casier Fran\u00e7ais, La Boutique met en lumi\u00e8re<strong> artisans et producteurs de la r\u00e9gion des Hauts de France<\/strong>. 84 casiers r\u00e9frig\u00e9r\u00e9s sont d\u00e9di\u00e9s \u00e0 la vente des produits locaux venant d\u2019un rayon de 50 km. Fruits et l\u00e9gumes, produits laitiers, \u0153ufs, viande, soupes et jus\u2026 \u00a0Tous ces produits sont accessibles sur place en un clin d\u2019\u0153il.[\/vc_column_text][\/vc_column][\/vc_row][vc_row type=\u00a0\u00bbin_container\u00a0\u00bb full_screen_row_position=\u00a0\u00bbmiddle\u00a0\u00bb scene_position=\u00a0\u00bbcenter\u00a0\u00bb text_color=\u00a0\u00bbdark\u00a0\u00bb text_align=\u00a0\u00bbleft\u00a0\u00bb overlay_strength=\u00a0\u00bb0.3&Prime; shape_divider_position=\u00a0\u00bbbottom\u00a0\u00bb][vc_column column_padding=\u00a0\u00bbno-extra-padding\u00a0\u00bb column_padding_position=\u00a0\u00bball\u00a0\u00bb background_color_opacity=\u00a0\u00bb1&Prime; background_hover_color_opacity=\u00a0\u00bb1&Prime; column_shadow=\u00a0\u00bbnone\u00a0\u00bb column_border_radius=\u00a0\u00bbnone\u00a0\u00bb width=\u00a0\u00bb1\/1&Prime; tablet_text_alignment=\u00a0\u00bbdefault\u00a0\u00bb phone_text_alignment=\u00a0\u00bbdefault\u00a0\u00bb column_border_width=\u00a0\u00bbnone\u00a0\u00bb column_border_style=\u00a0\u00bbsolid\u00a0\u00bb][vc_custom_heading text=\u00a0\u00bbDes casiers par Le Casier Fran\u00e7ais\u00a0\u00bb use_theme_fonts=\u00a0\u00bbyes\u00a0\u00bb][\/vc_column][\/vc_row][vc_row type=\u00a0\u00bbin_container\u00a0\u00bb full_screen_row_position=\u00a0\u00bbmiddle\u00a0\u00bb scene_position=\u00a0\u00bbcenter\u00a0\u00bb text_color=\u00a0\u00bbdark\u00a0\u00bb text_align=\u00a0\u00bbleft\u00a0\u00bb overlay_strength=\u00a0\u00bb0.3&Prime; shape_divider_position=\u00a0\u00bbbottom\u00a0\u00bb][vc_column column_padding=\u00a0\u00bbno-extra-padding\u00a0\u00bb column_padding_position=\u00a0\u00bball\u00a0\u00bb background_color_opacity=\u00a0\u00bb1&Prime; background_hover_color_opacity=\u00a0\u00bb1&Prime; column_shadow=\u00a0\u00bbnone\u00a0\u00bb column_border_radius=\u00a0\u00bbnone\u00a0\u00bb width=\u00a0\u00bb1\/1&Prime; tablet_text_alignment=\u00a0\u00bbdefault\u00a0\u00bb phone_text_alignment=\u00a0\u00bbdefault\u00a0\u00bb column_border_width=\u00a0\u00bbnone\u00a0\u00bb column_border_style=\u00a0\u00bbsolid\u00a0\u00bb][vc_column_text]L&rsquo;ouverture des casiers rue Saint S\u00e9bastien (Lille) nous a permis de collaborer avec d&rsquo;autres acteurs du service et de d\u00e9montrer encore une fois la qualit\u00e9 de nos casiers.<\/p>\n<p>Nous sommes fiers de collaborer avec ces enseignes qui nous ont fait confiance pour leurs casiers. Ainsi, dans l\u2019espace Qomod du Vieux Lille, <strong>Delipop, l&rsquo;espace Boulanger et les casiers des commer\u00e7ants du quartier<\/strong> sont labellis\u00e9s Le Casier Fran\u00e7ais.<\/p>\n<p>Bonne d\u00e9couverte\u00a0![\/vc_column_text][\/vc_column][\/vc_row][vc_row type=\u00a0\u00bbin_container\u00a0\u00bb full_screen_row_position=\u00a0\u00bbmiddle\u00a0\u00bb scene_position=\u00a0\u00bbcenter\u00a0\u00bb text_color=\u00a0\u00bbdark\u00a0\u00bb text_align=\u00a0\u00bbleft\u00a0\u00bb overlay_strength=\u00a0\u00bb0.3&Prime; shape_divider_position=\u00a0\u00bbbottom\u00a0\u00bb][vc_column column_padding=\u00a0\u00bbno-extra-padding\u00a0\u00bb column_padding_position=\u00a0\u00bball\u00a0\u00bb background_color_opacity=\u00a0\u00bb1&Prime; background_hover_color_opacity=\u00a0\u00bb1&Prime; column_shadow=\u00a0\u00bbnone\u00a0\u00bb column_border_radius=\u00a0\u00bbnone\u00a0\u00bb width=\u00a0\u00bb1\/1&Prime; tablet_text_alignment=\u00a0\u00bbdefault\u00a0\u00bb phone_text_alignment=\u00a0\u00bbdefault\u00a0\u00bb column_border_width=\u00a0\u00bbnone\u00a0\u00bb column_border_style=\u00a0\u00bbsolid\u00a0\u00bb][vc_column_text]\ud83d\udcf1Pour conna\u00eetre, l&#8217;emplacement de tous les casiers Le Casier Fran\u00e7ais et leur contenu, <a href=\"https:\/\/lecasierfrancais.es\/index.php\/application_mobile\/\">t\u00e9l\u00e9chargez l&rsquo;application Le Casier Fran\u00e7ais<\/a> sur Google Play ou l&rsquo;App Store.[\/vc_column_text][\/vc_column][\/vc_row][vc_row type=\u00a0\u00bbin_container\u00a0\u00bb full_screen_row_position=\u00a0\u00bbmiddle\u00a0\u00bb scene_position=\u00a0\u00bbcenter\u00a0\u00bb text_color=\u00a0\u00bbdark\u00a0\u00bb text_align=\u00a0\u00bbleft\u00a0\u00bb overlay_strength=\u00a0\u00bb0.3&Prime; shape_divider_position=\u00a0\u00bbbottom\u00a0\u00bb][vc_column column_padding=\u00a0\u00bbno-extra-padding\u00a0\u00bb column_padding_position=\u00a0\u00bball\u00a0\u00bb background_color_opacity=\u00a0\u00bb1&Prime; background_hover_color_opacity=\u00a0\u00bb1&Prime; column_shadow=\u00a0\u00bbnone\u00a0\u00bb column_border_radius=\u00a0\u00bbnone\u00a0\u00bb width=\u00a0\u00bb1\/1&Prime; tablet_text_alignment=\u00a0\u00bbdefault\u00a0\u00bb phone_text_alignment=\u00a0\u00bbdefault\u00a0\u00bb column_border_width=\u00a0\u00bbnone\u00a0\u00bb column_border_style=\u00a0\u00bbsolid\u00a0\u00bb][vc_column_text]\ud83d\udccd46 bis rue Saint S\u00e9bastien \u00e0 Lille[\/vc_column_text][\/vc_column][\/vc_row][vc_row type=\u00a0\u00bbin_container\u00a0\u00bb full_screen_row_position=\u00a0\u00bbmiddle\u00a0\u00bb scene_position=\u00a0\u00bbcenter\u00a0\u00bb text_color=\u00a0\u00bbdark\u00a0\u00bb text_align=\u00a0\u00bbleft\u00a0\u00bb overlay_strength=\u00a0\u00bb0.3&Prime; shape_divider_position=\u00a0\u00bbbottom\u00a0\u00bb][vc_column column_padding=\u00a0\u00bbno-extra-padding\u00a0\u00bb column_padding_position=\u00a0\u00bball\u00a0\u00bb background_color_opacity=\u00a0\u00bb1&Prime; background_hover_color_opacity=\u00a0\u00bb1&Prime; column_shadow=\u00a0\u00bbnone\u00a0\u00bb column_border_radius=\u00a0\u00bbnone\u00a0\u00bb width=\u00a0\u00bb1\/1&Prime; tablet_text_alignment=\u00a0\u00bbdefault\u00a0\u00bb phone_text_alignment=\u00a0\u00bbdefault\u00a0\u00bb column_border_width=\u00a0\u00bbnone\u00a0\u00bb column_border_style=\u00a0\u00bbsolid\u00a0\u00bb]<div class=\"nectar-social  hide-share-count items_2\"><a class='facebook-share nectar-sharing' href='#' title='Partager ceci'> <i class='fa fa-facebook'><\/i> <span class='count'><\/span><\/a><a class='linkedin-share nectar-sharing' href='#' title='Partager ceci'> <i class='fa fa-linkedin'><\/i> <span class='count'><\/span><\/a><\/div>[\/vc_column][\/vc_row]\n","protected":false},"excerpt":{"rendered":"<p>[vc_row type=\u00a0\u00bbin_container\u00a0\u00bb full_screen_row_position=\u00a0\u00bbmiddle\u00a0\u00bb scene_position=\u00a0\u00bbcenter\u00a0\u00bb text_color=\u00a0\u00bbdark\u00a0\u00bb text_align=\u00a0\u00bbleft\u00a0\u00bb overlay_strength=\u00a0\u00bb0.3&Prime; shape_divider_position=\u00a0\u00bbbottom\u00a0\u00bb][vc_column column_padding=\u00a0\u00bbno-extra-padding\u00a0\u00bb column_padding_position=\u00a0\u00bball\u00a0\u00bb background_color_opacity=\u00a0\u00bb1&Prime; background_hover_color_opacity=\u00a0\u00bb1&Prime; column_shadow=\u00a0\u00bbnone\u00a0\u00bb column_border_radius=\u00a0\u00bbnone\u00a0\u00bb width=\u00a0\u00bb1\/1&Prime;&#8230;<\/p>\n","protected":false},"author":8,"featured_media":10329,"comment_status":"open","ping_status":"open","sticky":false,"template":"","format":"standard","meta":{"footnotes":""},"categories":[381],"tags":[453,560,418,561,421,503,411,502,562,559,563],"class_list":{"0":"post-10312","1":"post","2":"type-post","3":"status-publish","4":"format-standard","5":"has-post-thumbnail","7":"category-ouvertures","8":"tag-casier-automatique","9":"tag-casiers-connectes","10":"tag-distributeur-automatique","11":"tag-la-boutique","12":"tag-le-casier-francais","13":"tag-origine-france-garantie","14":"tag-production-locale","15":"tag-produits-locaux","16":"tag-produits-regionaux","17":"tag-qomod","18":"tag-vieux-lille"},"yoast_head":"<!-- This site is optimized with the Yoast SEO Premium plugin v26.1 (Yoast SEO v26.1.1) - https:\/\/yoast.com\/wordpress\/plugins\/seo\/ -->\n<title>[OUVERTURE] Le Casier Fran\u00e7ais arrive dans le Vieux Lille ! \ud83e\udd6c\ud83c\udf4e\ud83d\udce6 - Le Casier Fran\u00e7ais<\/title>\n<meta name=\"description\" content=\"NOUVEAU ! La Boutique par le Casier Fran\u00e7ais arrive dans le Vieux Lille, rue Saint S\u00e9bastien. Retrouvez vos produits locaux pr\u00e9f\u00e9r\u00e9s dans vos casiers !\" \/>\n<meta name=\"robots\" content=\"index, follow, max-snippet:-1, max-image-preview:large, max-video-preview:-1\" \/>\n<link rel=\"canonical\" href=\"https:\/\/lecasierfrancais.es\/index.php\/2024\/01\/09\/le-casier-francais-arrive-dans-le-vieux-lille\/\" \/>\n<meta property=\"og:locale\" content=\"fr_FR\" \/>\n<meta property=\"og:type\" content=\"article\" \/>\n<meta property=\"og:title\" content=\"[OUVERTURE] Le Casier Fran\u00e7ais arrive dans le Vieux Lille ! \ud83e\udd6c\ud83c\udf4e\ud83d\udce6\" \/>\n<meta property=\"og:description\" content=\"NOUVEAU ! La Boutique par le Casier Fran\u00e7ais arrive dans le Vieux Lille, rue Saint S\u00e9bastien. Retrouvez vos produits locaux pr\u00e9f\u00e9r\u00e9s dans vos casiers !\" \/>\n<meta property=\"og:url\" content=\"https:\/\/lecasierfrancais.es\/index.php\/2024\/01\/09\/le-casier-francais-arrive-dans-le-vieux-lille\/\" \/>\n<meta property=\"og:site_name\" content=\"Le Casier Fran\u00e7ais\" \/>\n<meta property=\"article:publisher\" content=\"https:\/\/www.facebook.com\/lecasierfrancais\/\" \/>\n<meta property=\"article:published_time\" content=\"2024-01-09T13:09:06+00:00\" \/>\n<meta property=\"article:modified_time\" content=\"2024-06-04T14:15:39+00:00\" \/>\n<meta property=\"og:image\" content=\"https:\/\/lecasierfrancais.es\/wp-content\/uploads\/2024\/01\/IMG_20240108_111200-scaled.jpg\" \/>\n\t<meta property=\"og:image:width\" content=\"2560\" \/>\n\t<meta property=\"og:image:height\" content=\"2240\" \/>\n\t<meta property=\"og:image:type\" content=\"image\/jpeg\" \/>\n<meta name=\"author\" content=\"Le Casier Francais\" \/>\n<meta name=\"twitter:card\" content=\"summary_large_image\" \/>\n<meta name=\"twitter:label1\" content=\"\u00c9crit par\" \/>\n\t<meta name=\"twitter:data1\" content=\"Le Casier Francais\" \/>\n\t<meta name=\"twitter:label2\" content=\"Dur\u00e9e de lecture estim\u00e9e\" \/>\n\t<meta name=\"twitter:data2\" content=\"7 minutes\" \/>\n<script type=\"application\/ld+json\" class=\"yoast-schema-graph\">{\"@context\":\"https:\/\/schema.org\",\"@graph\":[{\"@type\":\"WebPage\",\"@id\":\"https:\/\/lecasierfrancais.es\/index.php\/2024\/01\/09\/le-casier-francais-arrive-dans-le-vieux-lille\/\",\"url\":\"https:\/\/lecasierfrancais.es\/index.php\/2024\/01\/09\/le-casier-francais-arrive-dans-le-vieux-lille\/\",\"name\":\"[OUVERTURE] Le Casier Fran\u00e7ais arrive dans le Vieux Lille ! \ud83e\udd6c\ud83c\udf4e\ud83d\udce6 - Le Casier Fran\u00e7ais\",\"isPartOf\":{\"@id\":\"https:\/\/lecasierfrancais.es\/#website\"},\"primaryImageOfPage\":{\"@id\":\"https:\/\/lecasierfrancais.es\/index.php\/2024\/01\/09\/le-casier-francais-arrive-dans-le-vieux-lille\/#primaryimage\"},\"image\":{\"@id\":\"https:\/\/lecasierfrancais.es\/index.php\/2024\/01\/09\/le-casier-francais-arrive-dans-le-vieux-lille\/#primaryimage\"},\"thumbnailUrl\":\"https:\/\/lecasierfrancais.es\/wp-content\/uploads\/2024\/01\/IMG_20240108_111200-scaled.jpg\",\"datePublished\":\"2024-01-09T13:09:06+00:00\",\"dateModified\":\"2024-06-04T14:15:39+00:00\",\"author\":{\"@id\":\"https:\/\/lecasierfrancais.es\/#\/schema\/person\/ac95c6138096844c56f2c49f81730a7a\"},\"description\":\"NOUVEAU ! La Boutique par le Casier Fran\u00e7ais arrive dans le Vieux Lille, rue Saint S\u00e9bastien. Retrouvez vos produits locaux pr\u00e9f\u00e9r\u00e9s dans vos casiers !\",\"breadcrumb\":{\"@id\":\"https:\/\/lecasierfrancais.es\/index.php\/2024\/01\/09\/le-casier-francais-arrive-dans-le-vieux-lille\/#breadcrumb\"},\"inLanguage\":\"fr-FR\",\"potentialAction\":[{\"@type\":\"ReadAction\",\"target\":[\"https:\/\/lecasierfrancais.es\/index.php\/2024\/01\/09\/le-casier-francais-arrive-dans-le-vieux-lille\/\"]}]},{\"@type\":\"ImageObject\",\"inLanguage\":\"fr-FR\",\"@id\":\"https:\/\/lecasierfrancais.es\/index.php\/2024\/01\/09\/le-casier-francais-arrive-dans-le-vieux-lille\/#primaryimage\",\"url\":\"https:\/\/lecasierfrancais.es\/wp-content\/uploads\/2024\/01\/IMG_20240108_111200-scaled.jpg\",\"contentUrl\":\"https:\/\/lecasierfrancais.es\/wp-content\/uploads\/2024\/01\/IMG_20240108_111200-scaled.jpg\",\"width\":2000,\"height\":1750,\"caption\":\"Qomod et La boutique, Lille, rue Saint S\u00e9bastien\"},{\"@type\":\"BreadcrumbList\",\"@id\":\"https:\/\/lecasierfrancais.es\/index.php\/2024\/01\/09\/le-casier-francais-arrive-dans-le-vieux-lille\/#breadcrumb\",\"itemListElement\":[{\"@type\":\"ListItem\",\"position\":1,\"name\":\"Accueil\",\"item\":\"https:\/\/lecasierfrancais.es\/\"},{\"@type\":\"ListItem\",\"position\":2,\"name\":\"[OUVERTURE] Le Casier Fran\u00e7ais arrive dans le Vieux Lille ! \ud83e\udd6c\ud83c\udf4e\ud83d\udce6\"}]},{\"@type\":\"WebSite\",\"@id\":\"https:\/\/lecasierfrancais.es\/#website\",\"url\":\"https:\/\/lecasierfrancais.es\/\",\"name\":\"Le Casier Fran\u00e7ais\",\"description\":\"\",\"potentialAction\":[{\"@type\":\"SearchAction\",\"target\":{\"@type\":\"EntryPoint\",\"urlTemplate\":\"https:\/\/lecasierfrancais.es\/?s={search_term_string}\"},\"query-input\":{\"@type\":\"PropertyValueSpecification\",\"valueRequired\":true,\"valueName\":\"search_term_string\"}}],\"inLanguage\":\"fr-FR\"},{\"@type\":\"Person\",\"@id\":\"https:\/\/lecasierfrancais.es\/#\/schema\/person\/ac95c6138096844c56f2c49f81730a7a\",\"name\":\"Le Casier Francais\",\"image\":{\"@type\":\"ImageObject\",\"inLanguage\":\"fr-FR\",\"@id\":\"https:\/\/lecasierfrancais.es\/#\/schema\/person\/image\/\",\"url\":\"https:\/\/secure.gravatar.com\/avatar\/f29776dfd97a4c78aee2ab31cb63a0f4097b8cc071a068daac2d914eb26fbbd4?s=96&d=mm&r=g\",\"contentUrl\":\"https:\/\/secure.gravatar.com\/avatar\/f29776dfd97a4c78aee2ab31cb63a0f4097b8cc071a068daac2d914eb26fbbd4?s=96&d=mm&r=g\",\"caption\":\"Le Casier Francais\"},\"url\":\"https:\/\/lecasierfrancais.es\/index.php\/author\/le-casier-francais\/\"}]}<\/script>\n<!-- \/ Yoast SEO Premium plugin. -->","yoast_head_json":{"title":"[OUVERTURE] Le Casier Fran\u00e7ais arrive dans le Vieux Lille ! \ud83e\udd6c\ud83c\udf4e\ud83d\udce6 - Le Casier Fran\u00e7ais","description":"NOUVEAU ! La Boutique par le Casier Fran\u00e7ais arrive dans le Vieux Lille, rue Saint S\u00e9bastien. Retrouvez vos produits locaux pr\u00e9f\u00e9r\u00e9s dans vos casiers !","robots":{"index":"index","follow":"follow","max-snippet":"max-snippet:-1","max-image-preview":"max-image-preview:large","max-video-preview":"max-video-preview:-1"},"canonical":"https:\/\/lecasierfrancais.es\/index.php\/2024\/01\/09\/le-casier-francais-arrive-dans-le-vieux-lille\/","og_locale":"fr_FR","og_type":"article","og_title":"[OUVERTURE] Le Casier Fran\u00e7ais arrive dans le Vieux Lille ! \ud83e\udd6c\ud83c\udf4e\ud83d\udce6","og_description":"NOUVEAU ! La Boutique par le Casier Fran\u00e7ais arrive dans le Vieux Lille, rue Saint S\u00e9bastien. Retrouvez vos produits locaux pr\u00e9f\u00e9r\u00e9s dans vos casiers !","og_url":"https:\/\/lecasierfrancais.es\/index.php\/2024\/01\/09\/le-casier-francais-arrive-dans-le-vieux-lille\/","og_site_name":"Le Casier Fran\u00e7ais","article_publisher":"https:\/\/www.facebook.com\/lecasierfrancais\/","article_published_time":"2024-01-09T13:09:06+00:00","article_modified_time":"2024-06-04T14:15:39+00:00","og_image":[{"width":2560,"height":2240,"url":"https:\/\/lecasierfrancais.es\/wp-content\/uploads\/2024\/01\/IMG_20240108_111200-scaled.jpg","type":"image\/jpeg"}],"author":"Le Casier Francais","twitter_card":"summary_large_image","twitter_misc":{"\u00c9crit par":"Le Casier Francais","Dur\u00e9e de lecture estim\u00e9e":"7 minutes"},"schema":{"@context":"https:\/\/schema.org","@graph":[{"@type":"WebPage","@id":"https:\/\/lecasierfrancais.es\/index.php\/2024\/01\/09\/le-casier-francais-arrive-dans-le-vieux-lille\/","url":"https:\/\/lecasierfrancais.es\/index.php\/2024\/01\/09\/le-casier-francais-arrive-dans-le-vieux-lille\/","name":"[OUVERTURE] Le Casier Fran\u00e7ais arrive dans le Vieux Lille ! \ud83e\udd6c\ud83c\udf4e\ud83d\udce6 - Le Casier Fran\u00e7ais","isPartOf":{"@id":"https:\/\/lecasierfrancais.es\/#website"},"primaryImageOfPage":{"@id":"https:\/\/lecasierfrancais.es\/index.php\/2024\/01\/09\/le-casier-francais-arrive-dans-le-vieux-lille\/#primaryimage"},"image":{"@id":"https:\/\/lecasierfrancais.es\/index.php\/2024\/01\/09\/le-casier-francais-arrive-dans-le-vieux-lille\/#primaryimage"},"thumbnailUrl":"https:\/\/lecasierfrancais.es\/wp-content\/uploads\/2024\/01\/IMG_20240108_111200-scaled.jpg","datePublished":"2024-01-09T13:09:06+00:00","dateModified":"2024-06-04T14:15:39+00:00","author":{"@id":"https:\/\/lecasierfrancais.es\/#\/schema\/person\/ac95c6138096844c56f2c49f81730a7a"},"description":"NOUVEAU ! La Boutique par le Casier Fran\u00e7ais arrive dans le Vieux Lille, rue Saint S\u00e9bastien. Retrouvez vos produits locaux pr\u00e9f\u00e9r\u00e9s dans vos casiers !","breadcrumb":{"@id":"https:\/\/lecasierfrancais.es\/index.php\/2024\/01\/09\/le-casier-francais-arrive-dans-le-vieux-lille\/#breadcrumb"},"inLanguage":"fr-FR","potentialAction":[{"@type":"ReadAction","target":["https:\/\/lecasierfrancais.es\/index.php\/2024\/01\/09\/le-casier-francais-arrive-dans-le-vieux-lille\/"]}]},{"@type":"ImageObject","inLanguage":"fr-FR","@id":"https:\/\/lecasierfrancais.es\/index.php\/2024\/01\/09\/le-casier-francais-arrive-dans-le-vieux-lille\/#primaryimage","url":"https:\/\/lecasierfrancais.es\/wp-content\/uploads\/2024\/01\/IMG_20240108_111200-scaled.jpg","contentUrl":"https:\/\/lecasierfrancais.es\/wp-content\/uploads\/2024\/01\/IMG_20240108_111200-scaled.jpg","width":2000,"height":1750,"caption":"Qomod et La boutique, Lille, rue Saint S\u00e9bastien"},{"@type":"BreadcrumbList","@id":"https:\/\/lecasierfrancais.es\/index.php\/2024\/01\/09\/le-casier-francais-arrive-dans-le-vieux-lille\/#breadcrumb","itemListElement":[{"@type":"ListItem","position":1,"name":"Accueil","item":"https:\/\/lecasierfrancais.es\/"},{"@type":"ListItem","position":2,"name":"[OUVERTURE] Le Casier Fran\u00e7ais arrive dans le Vieux Lille ! \ud83e\udd6c\ud83c\udf4e\ud83d\udce6"}]},{"@type":"WebSite","@id":"https:\/\/lecasierfrancais.es\/#website","url":"https:\/\/lecasierfrancais.es\/","name":"Le Casier Fran\u00e7ais","description":"","potentialAction":[{"@type":"SearchAction","target":{"@type":"EntryPoint","urlTemplate":"https:\/\/lecasierfrancais.es\/?s={search_term_string}"},"query-input":{"@type":"PropertyValueSpecification","valueRequired":true,"valueName":"search_term_string"}}],"inLanguage":"fr-FR"},{"@type":"Person","@id":"https:\/\/lecasierfrancais.es\/#\/schema\/person\/ac95c6138096844c56f2c49f81730a7a","name":"Le Casier Francais","image":{"@type":"ImageObject","inLanguage":"fr-FR","@id":"https:\/\/lecasierfrancais.es\/#\/schema\/person\/image\/","url":"https:\/\/secure.gravatar.com\/avatar\/f29776dfd97a4c78aee2ab31cb63a0f4097b8cc071a068daac2d914eb26fbbd4?s=96&d=mm&r=g","contentUrl":"https:\/\/secure.gravatar.com\/avatar\/f29776dfd97a4c78aee2ab31cb63a0f4097b8cc071a068daac2d914eb26fbbd4?s=96&d=mm&r=g","caption":"Le Casier Francais"},"url":"https:\/\/lecasierfrancais.es\/index.php\/author\/le-casier-francais\/"}]}},"_links":{"self":[{"href":"https:\/\/lecasierfrancais.es\/index.php\/wp-json\/wp\/v2\/posts\/10312","targetHints":{"allow":["GET"]}}],"collection":[{"href":"https:\/\/lecasierfrancais.es\/index.php\/wp-json\/wp\/v2\/posts"}],"about":[{"href":"https:\/\/lecasierfrancais.es\/index.php\/wp-json\/wp\/v2\/types\/post"}],"author":[{"embeddable":true,"href":"https:\/\/lecasierfrancais.es\/index.php\/wp-json\/wp\/v2\/users\/8"}],"replies":[{"embeddable":true,"href":"https:\/\/lecasierfrancais.es\/index.php\/wp-json\/wp\/v2\/comments?post=10312"}],"version-history":[{"count":30,"href":"https:\/\/lecasierfrancais.es\/index.php\/wp-json\/wp\/v2\/posts\/10312\/revisions"}],"predecessor-version":[{"id":10355,"href":"https:\/\/lecasierfrancais.es\/index.php\/wp-json\/wp\/v2\/posts\/10312\/revisions\/10355"}],"wp:featuredmedia":[{"embeddable":true,"href":"https:\/\/lecasierfrancais.es\/index.php\/wp-json\/wp\/v2\/media\/10329"}],"wp:attachment":[{"href":"https:\/\/lecasierfrancais.es\/index.php\/wp-json\/wp\/v2\/media?parent=10312"}],"wp:term":[{"taxonomy":"category","embeddable":true,"href":"https:\/\/lecasierfrancais.es\/index.php\/wp-json\/wp\/v2\/categories?post=10312"},{"taxonomy":"post_tag","embeddable":true,"href":"https:\/\/lecasierfrancais.es\/index.php\/wp-json\/wp\/v2\/tags?post=10312"}],"curies":[{"name":"wp","href":"https:\/\/api.w.org\/{rel}","templated":true}]}}