{"id":10409,"date":"2024-02-06T09:00:42","date_gmt":"2024-02-06T08:00:42","guid":{"rendered":"https:\/\/lecasierfrancais.fr\/?p=10409"},"modified":"2024-06-04T16:15:39","modified_gmt":"2024-06-04T14:15:39","slug":"portrait-de-la-ferme-a-lassiette-casiers-viande-hauts-de-france","status":"publish","type":"post","link":"https:\/\/lecasierfrancais.es\/index.php\/2024\/02\/06\/portrait-de-la-ferme-a-lassiette-casiers-viande-hauts-de-france\/","title":{"rendered":"De la ferme \u00e0 l\u2019assiette : des casiers \u00e0 viande dans les Hauts de France \ud83e\udd69"},"content":{"rendered":"[vc_row type=\u00a0\u00bbin_container\u00a0\u00bb full_screen_row_position=\u00a0\u00bbmiddle\u00a0\u00bb scene_position=\u00a0\u00bbcenter\u00a0\u00bb text_color=\u00a0\u00bbdark\u00a0\u00bb text_align=\u00a0\u00bbleft\u00a0\u00bb overlay_strength=\u00a0\u00bb0.3&Prime; shape_divider_position=\u00a0\u00bbbottom\u00a0\u00bb][vc_column column_padding=\u00a0\u00bbno-extra-padding\u00a0\u00bb column_padding_position=\u00a0\u00bball\u00a0\u00bb background_color_opacity=\u00a0\u00bb1&Prime; background_hover_color_opacity=\u00a0\u00bb1&Prime; column_shadow=\u00a0\u00bbnone\u00a0\u00bb column_border_radius=\u00a0\u00bbnone\u00a0\u00bb width=\u00a0\u00bb1\/1&Prime; tablet_text_alignment=\u00a0\u00bbdefault\u00a0\u00bb phone_text_alignment=\u00a0\u00bbdefault\u00a0\u00bb column_border_width=\u00a0\u00bbnone\u00a0\u00bb column_border_style=\u00a0\u00bbsolid\u00a0\u00bb][vc_column_text]<strong>Avec 7 casiers \u00e0 viande dans toute la r\u00e9gion des Hauts de France, Raoul Deschildre fait fureur en multipliant les points de vente d\u2019un nouveau genre. Il a accept\u00e9 de revenir avec nous sur l\u2019histoire de ses casiers connect\u00e9s et des opportunit\u00e9s qu\u2019ils lui ont permis. Une boucherie pas comme les autres !<\/strong>[\/vc_column_text][\/vc_column][\/vc_row][vc_row type=\u00a0\u00bbin_container\u00a0\u00bb full_screen_row_position=\u00a0\u00bbmiddle\u00a0\u00bb scene_position=\u00a0\u00bbcenter\u00a0\u00bb text_color=\u00a0\u00bbdark\u00a0\u00bb text_align=\u00a0\u00bbleft\u00a0\u00bb overlay_strength=\u00a0\u00bb0.3&Prime; shape_divider_position=\u00a0\u00bbbottom\u00a0\u00bb][vc_column column_padding=\u00a0\u00bbno-extra-padding\u00a0\u00bb column_padding_position=\u00a0\u00bball\u00a0\u00bb background_color_opacity=\u00a0\u00bb1&Prime; background_hover_color_opacity=\u00a0\u00bb1&Prime; column_shadow=\u00a0\u00bbnone\u00a0\u00bb column_border_radius=\u00a0\u00bbnone\u00a0\u00bb width=\u00a0\u00bb1\/1&Prime; tablet_text_alignment=\u00a0\u00bbdefault\u00a0\u00bb phone_text_alignment=\u00a0\u00bbdefault\u00a0\u00bb column_border_width=\u00a0\u00bbnone\u00a0\u00bb column_border_style=\u00a0\u00bbsolid\u00a0\u00bb]<div class=\"img-with-aniamtion-wrap center\" data-max-width=\"100%\" data-border-radius=\"none\"><div class=\"inner\"><a href=\"https:\/\/lecasierfrancais.es\/wp-content\/uploads\/2024\/01\/Boucherie-Deschildre5258-scaled-e1706620343754.jpg\" class=\"pp center\"><img decoding=\"async\" data-shadow=\"none\" data-shadow-direction=\"middle\" class=\"img-with-animation \" data-delay=\"0\" height=\"600\" width=\"400\" data-animation=\"none\" src=\"https:\/\/lecasierfrancais.es\/wp-content\/uploads\/2024\/01\/Boucherie-Deschildre5258-scaled-e1706620343754.jpg\"  alt=\"Raoul Deschildre, boucher De la ferme \u00e0 l'assiettte\" \/><\/a><\/div><\/div>[\/vc_column][\/vc_row][vc_row type=\u00a0\u00bbin_container\u00a0\u00bb full_screen_row_position=\u00a0\u00bbmiddle\u00a0\u00bb scene_position=\u00a0\u00bbcenter\u00a0\u00bb text_color=\u00a0\u00bbdark\u00a0\u00bb text_align=\u00a0\u00bbleft\u00a0\u00bb overlay_strength=\u00a0\u00bb0.3&Prime; shape_divider_position=\u00a0\u00bbbottom\u00a0\u00bb][vc_column column_padding=\u00a0\u00bbno-extra-padding\u00a0\u00bb column_padding_position=\u00a0\u00bball\u00a0\u00bb background_color_opacity=\u00a0\u00bb1&Prime; background_hover_color_opacity=\u00a0\u00bb1&Prime; column_shadow=\u00a0\u00bbnone\u00a0\u00bb column_border_radius=\u00a0\u00bbnone\u00a0\u00bb width=\u00a0\u00bb1\/1&Prime; tablet_text_alignment=\u00a0\u00bbdefault\u00a0\u00bb phone_text_alignment=\u00a0\u00bbdefault\u00a0\u00bb column_border_width=\u00a0\u00bbnone\u00a0\u00bb column_border_style=\u00a0\u00bbsolid\u00a0\u00bb][vc_custom_heading text=\u00a0\u00bbLes casiers \u00e0 viande de La ferme \u00e0 l\u2019assiette : d\u2019o\u00f9 \u00e7a vient ?\u00a0\u00bb use_theme_fonts=\u00a0\u00bbyes\u00a0\u00bb][vc_column_text]Dans la famille de <a href=\"https:\/\/boucheriedeschildre.com\/\" target=\"_blank\" rel=\"noopener\">Raoul Deschildre<\/a>, on devient boucher de p\u00e8re en fils depuis plus de 70 ans. Le savoir-faire ? Il l\u2019a ! Comme beaucoup, il r\u00e9fl\u00e9chit \u00e0 des solutions de vente pendant le COVID pour diversifier son commerce. Il voit les distributeurs alimentaires se d\u00e9velopper autour de lui chez d\u2019autres producteurs. Alors, il installe <strong>son premier casier distributeur \u00e0 viande<\/strong> en d\u00e9cembre 2020. Il commence avec <a href=\"https:\/\/lecasierfrancais.es\/index.php\/agencement-2\/\" target=\"_blank\" rel=\"noopener\">1 b\u00e2timent modulaire<\/a> qui contient 1 borne de commande et 4 modules de casiers.[\/vc_column_text][\/vc_column][\/vc_row][vc_row type=\u00a0\u00bbin_container\u00a0\u00bb full_screen_row_position=\u00a0\u00bbmiddle\u00a0\u00bb scene_position=\u00a0\u00bbcenter\u00a0\u00bb text_color=\u00a0\u00bbdark\u00a0\u00bb text_align=\u00a0\u00bbleft\u00a0\u00bb overlay_strength=\u00a0\u00bb0.3&Prime; shape_divider_position=\u00a0\u00bbbottom\u00a0\u00bb][vc_column column_padding=\u00a0\u00bbno-extra-padding\u00a0\u00bb column_padding_position=\u00a0\u00bball\u00a0\u00bb background_color_opacity=\u00a0\u00bb1&Prime; background_hover_color_opacity=\u00a0\u00bb1&Prime; column_shadow=\u00a0\u00bbnone\u00a0\u00bb column_border_radius=\u00a0\u00bbnone\u00a0\u00bb width=\u00a0\u00bb1\/1&Prime; tablet_text_alignment=\u00a0\u00bbdefault\u00a0\u00bb phone_text_alignment=\u00a0\u00bbdefault\u00a0\u00bb column_border_width=\u00a0\u00bbnone\u00a0\u00bb column_border_style=\u00a0\u00bbsolid\u00a0\u00bb][vc_custom_heading text=\u00a0\u00bbLes casiers comme point d\u2019acc\u00e8s aux produits bouchers\u00a0\u00bb use_theme_fonts=\u00a0\u00bbyes\u00a0\u00bb][vc_column_text]Le boucher du Nord vend dans ses casiers connect\u00e9s <strong>tout type de morceaux de viande\u00a0rouge de qualit\u00e9\u00a0:<\/strong> c\u00f4te \u00e0 l\u2019os, bifteck, \u00e9minc\u00e9 de b\u0153uf, onglet, rumsteck&#8230; Mais son produit phare reste le steak hach\u00e9. Tous ses produits sont originaires de la r\u00e9gion et pr\u00f4nent <strong>un savoir-faire artisanal.<\/strong>[\/vc_column_text][\/vc_column][\/vc_row][vc_row type=\u00a0\u00bbin_container\u00a0\u00bb full_screen_row_position=\u00a0\u00bbmiddle\u00a0\u00bb scene_position=\u00a0\u00bbcenter\u00a0\u00bb text_color=\u00a0\u00bbdark\u00a0\u00bb text_align=\u00a0\u00bbleft\u00a0\u00bb overlay_strength=\u00a0\u00bb0.3&Prime; shape_divider_position=\u00a0\u00bbbottom\u00a0\u00bb][vc_column column_padding=\u00a0\u00bbno-extra-padding\u00a0\u00bb column_padding_position=\u00a0\u00bball\u00a0\u00bb background_color_opacity=\u00a0\u00bb1&Prime; background_hover_color_opacity=\u00a0\u00bb1&Prime; column_shadow=\u00a0\u00bbnone\u00a0\u00bb column_border_radius=\u00a0\u00bbnone\u00a0\u00bb width=\u00a0\u00bb1\/1&Prime; tablet_text_alignment=\u00a0\u00bbdefault\u00a0\u00bb phone_text_alignment=\u00a0\u00bbdefault\u00a0\u00bb column_border_width=\u00a0\u00bbnone\u00a0\u00bb column_border_style=\u00a0\u00bbsolid\u00a0\u00bb]<div class=\"img-with-aniamtion-wrap center\" data-max-width=\"100%\" data-border-radius=\"none\"><div class=\"inner\"><a href=\"https:\/\/lecasierfrancais.es\/wp-content\/uploads\/2024\/01\/IMG_0734-e1706620500743.jpg\" class=\"pp center\"><img decoding=\"async\" data-shadow=\"none\" data-shadow-direction=\"middle\" class=\"img-with-animation \" data-delay=\"0\" height=\"450\" width=\"600\" data-animation=\"none\" src=\"https:\/\/lecasierfrancais.es\/wp-content\/uploads\/2024\/01\/IMG_0734-e1706620500743.jpg\"  alt=\"Casiers pour boucherie de la ferme \u00e0 l'assiette\" \/><\/a><\/div><\/div>[\/vc_column][\/vc_row][vc_row type=\u00a0\u00bbin_container\u00a0\u00bb full_screen_row_position=\u00a0\u00bbmiddle\u00a0\u00bb scene_position=\u00a0\u00bbcenter\u00a0\u00bb text_color=\u00a0\u00bbdark\u00a0\u00bb text_align=\u00a0\u00bbleft\u00a0\u00bb overlay_strength=\u00a0\u00bb0.3&Prime; shape_divider_position=\u00a0\u00bbbottom\u00a0\u00bb][vc_column column_padding=\u00a0\u00bbno-extra-padding\u00a0\u00bb column_padding_position=\u00a0\u00bball\u00a0\u00bb background_color_opacity=\u00a0\u00bb1&Prime; background_hover_color_opacity=\u00a0\u00bb1&Prime; column_shadow=\u00a0\u00bbnone\u00a0\u00bb column_border_radius=\u00a0\u00bbnone\u00a0\u00bb width=\u00a0\u00bb1\/1&Prime; tablet_text_alignment=\u00a0\u00bbdefault\u00a0\u00bb phone_text_alignment=\u00a0\u00bbdefault\u00a0\u00bb column_border_width=\u00a0\u00bbnone\u00a0\u00bb column_border_style=\u00a0\u00bbsolid\u00a0\u00bb][vc_custom_heading text=\u00a0\u00bbUn premier constat pour les casiers distributeurs de viande\u00a0\u00bb use_theme_fonts=\u00a0\u00bbyes\u00a0\u00bb][vc_column_text]Raoul commence la <a href=\"https:\/\/lecasierfrancais.es\/index.php\/nos-solutions-modulables\/\" target=\"_blank\" rel=\"noopener\">vente de viande par casiers<\/a>. Il r\u00e9alise vite que ses casiers (qui ne sont pas devant son enseigne physique) sont trop loin : il doit parcourir \u00e0 chaque fois 7 km pour aller les remplir avec de faibles quantit\u00e9s. <strong>Une affaire pas rentable \u00e0 son go\u00fbt. <\/strong>Alors, il \u00e9tudie son march\u00e9 et calcule son seuil de rentabilit\u00e9 \u00e0 5 points de vente.<\/p>\n<p>Finalement, il ouvre dans la <strong>foul\u00e9e 7 points de vente, soit plus de 800 casiers<\/strong> \u00e0 travers toute la r\u00e9gion. Celui a permis d\u2019embaucher un livreur qui fait une tourn\u00e9e quotidienne des casiers pour les r\u00e9approvisionnements.[\/vc_column_text][\/vc_column][\/vc_row][vc_row type=\u00a0\u00bbin_container\u00a0\u00bb full_screen_row_position=\u00a0\u00bbmiddle\u00a0\u00bb scene_position=\u00a0\u00bbcenter\u00a0\u00bb text_color=\u00a0\u00bbdark\u00a0\u00bb text_align=\u00a0\u00bbleft\u00a0\u00bb overlay_strength=\u00a0\u00bb0.3&Prime; shape_divider_position=\u00a0\u00bbbottom\u00a0\u00bb][vc_column column_padding=\u00a0\u00bbno-extra-padding\u00a0\u00bb column_padding_position=\u00a0\u00bball\u00a0\u00bb background_color_opacity=\u00a0\u00bb1&Prime; background_hover_color_opacity=\u00a0\u00bb1&Prime; column_shadow=\u00a0\u00bbnone\u00a0\u00bb column_border_radius=\u00a0\u00bbnone\u00a0\u00bb width=\u00a0\u00bb1\/1&Prime; tablet_text_alignment=\u00a0\u00bbdefault\u00a0\u00bb phone_text_alignment=\u00a0\u00bbdefault\u00a0\u00bb column_border_width=\u00a0\u00bbnone\u00a0\u00bb column_border_style=\u00a0\u00bbsolid\u00a0\u00bb][vc_custom_heading text=\u00a0\u00bbLe succ\u00e8s des casiers arrive alors\u00a0\u00bb use_theme_fonts=\u00a0\u00bbyes\u00a0\u00bb][vc_column_text]Cela fait 3 ans que Raoul Deschildre s\u2019est lanc\u00e9 et <strong>les chiffres sont bons.<\/strong> <em>\u00ab\u00a0Selon les emplacements des casiers, le succ\u00e8s varie mais une chose est s\u00fbre\u00a0: nous avons diversifi\u00e9 notre client\u00e8le\u00a0\u00bb<\/em> nous confie-t-il. Les actifs, les personnes qui veulent moins se d\u00e9placer pour leurs achats et ceux pour qui la qualit\u00e9 du produit compte sont les premiers ravis. Le c\u00f4t\u00e9 \u00ab actuel \u00bb du concept des casiers de viande s\u00e9duit majoritairement les clients.[\/vc_column_text][\/vc_column][\/vc_row][vc_row type=\u00a0\u00bbin_container\u00a0\u00bb full_screen_row_position=\u00a0\u00bbmiddle\u00a0\u00bb scene_position=\u00a0\u00bbcenter\u00a0\u00bb text_color=\u00a0\u00bbdark\u00a0\u00bb text_align=\u00a0\u00bbleft\u00a0\u00bb overlay_strength=\u00a0\u00bb0.3&Prime; shape_divider_position=\u00a0\u00bbbottom\u00a0\u00bb][vc_column column_padding=\u00a0\u00bbno-extra-padding\u00a0\u00bb column_padding_position=\u00a0\u00bball\u00a0\u00bb background_color_opacity=\u00a0\u00bb1&Prime; background_hover_color_opacity=\u00a0\u00bb1&Prime; column_shadow=\u00a0\u00bbnone\u00a0\u00bb column_border_radius=\u00a0\u00bbnone\u00a0\u00bb width=\u00a0\u00bb1\/1&Prime; tablet_text_alignment=\u00a0\u00bbdefault\u00a0\u00bb phone_text_alignment=\u00a0\u00bbdefault\u00a0\u00bb column_border_width=\u00a0\u00bbnone\u00a0\u00bb column_border_style=\u00a0\u00bbsolid\u00a0\u00bb]<div class=\"img-with-aniamtion-wrap center\" data-max-width=\"100%\" data-border-radius=\"none\"><div class=\"inner\"><a href=\"https:\/\/lecasierfrancais.es\/wp-content\/uploads\/2024\/01\/IMG_3756-e1706620570129.jpg\" class=\"pp center\"><img decoding=\"async\" data-shadow=\"none\" data-shadow-direction=\"middle\" class=\"img-with-animation \" data-delay=\"0\" height=\"450\" width=\"600\" data-animation=\"none\" src=\"https:\/\/lecasierfrancais.es\/wp-content\/uploads\/2024\/01\/IMG_3756-e1706620570129.jpg\"  alt=\"Int\u00e9rieur de la boucherie en vente par casiers\" \/><\/a><\/div><\/div>[\/vc_column][\/vc_row][vc_row type=\u00a0\u00bbin_container\u00a0\u00bb full_screen_row_position=\u00a0\u00bbmiddle\u00a0\u00bb scene_position=\u00a0\u00bbcenter\u00a0\u00bb text_color=\u00a0\u00bbdark\u00a0\u00bb text_align=\u00a0\u00bbleft\u00a0\u00bb overlay_strength=\u00a0\u00bb0.3&Prime; shape_divider_position=\u00a0\u00bbbottom\u00a0\u00bb][vc_column column_padding=\u00a0\u00bbno-extra-padding\u00a0\u00bb column_padding_position=\u00a0\u00bball\u00a0\u00bb background_color_opacity=\u00a0\u00bb1&Prime; background_hover_color_opacity=\u00a0\u00bb1&Prime; column_shadow=\u00a0\u00bbnone\u00a0\u00bb column_border_radius=\u00a0\u00bbnone\u00a0\u00bb width=\u00a0\u00bb1\/1&Prime; tablet_text_alignment=\u00a0\u00bbdefault\u00a0\u00bb phone_text_alignment=\u00a0\u00bbdefault\u00a0\u00bb column_border_width=\u00a0\u00bbnone\u00a0\u00bb column_border_style=\u00a0\u00bbsolid\u00a0\u00bb][vc_custom_heading text=\u00a0\u00bbLa gestion au quotidien des casiers\u00a0\u00bb use_theme_fonts=\u00a0\u00bbyes\u00a0\u00bb][\/vc_column][\/vc_row][vc_row type=\u00a0\u00bbin_container\u00a0\u00bb full_screen_row_position=\u00a0\u00bbmiddle\u00a0\u00bb scene_position=\u00a0\u00bbcenter\u00a0\u00bb text_color=\u00a0\u00bbdark\u00a0\u00bb text_align=\u00a0\u00bbleft\u00a0\u00bb overlay_strength=\u00a0\u00bb0.3&Prime; shape_divider_position=\u00a0\u00bbbottom\u00a0\u00bb][vc_column column_padding=\u00a0\u00bbno-extra-padding\u00a0\u00bb column_padding_position=\u00a0\u00bball\u00a0\u00bb background_color_opacity=\u00a0\u00bb1&Prime; background_hover_color_opacity=\u00a0\u00bb1&Prime; column_shadow=\u00a0\u00bbnone\u00a0\u00bb column_border_radius=\u00a0\u00bbnone\u00a0\u00bb width=\u00a0\u00bb1\/1&Prime; tablet_text_alignment=\u00a0\u00bbdefault\u00a0\u00bb phone_text_alignment=\u00a0\u00bbdefault\u00a0\u00bb column_border_width=\u00a0\u00bbnone\u00a0\u00bb column_border_style=\u00a0\u00bbsolid\u00a0\u00bb][vc_column_text]Au quotidien, il appr\u00e9cie <strong>l\u2019outil de gestion Le Casier Fran\u00e7ais<\/strong> pour les casiers\u00a0: <a href=\"https:\/\/lecasierfrancais.es\/index.php\/nos-solutions-modulables\/#Gestion\" target=\"_blank\" rel=\"noopener\">le Kiosque<\/a>. <em>\u00ab Au d\u00e9but, bien s\u00fbr, il a fallu prendre en main l\u2019outil informatis\u00e9 mais ensuite, les casiers nous ont permis d\u2019identifier les meilleurs produits, ce qui \u00e9tait le plus vendu. Nous avons donc pu adapter notre offre en cons\u00e9quence \u00bb<\/em> raconte le boucher.<\/p>\n<p>Aujourd\u2019hui, il a <strong>activ\u00e9 les notifications<\/strong> quand certains produits arrivent \u00e0 une date limite. <em>\u00ab\u00a0Cela s\u00e9curise le consommateur\u00a0et \u00e7a nous facilite le travail\u00bb<\/em> estime-t-il.<\/p>\n<p>Raoul a pu, avec ses casiers r\u00e9frig\u00e9r\u00e9s, assurer une gestion globale des 7 points de vente. Son chauffeur part faire sa tourn\u00e9e, chaque jour, avec les produits qui ont \u00e9t\u00e9 vendus pour remplir les casiers vides, <strong>il ajuste les produits d\u2019un b\u00e2timent \u00e0 l\u2019autre,<\/strong> les stocks selon les go\u00fbts de ses client\u00e8les, la saison, et aussi ses offres commerciales.[\/vc_column_text][\/vc_column][\/vc_row][vc_row type=\u00a0\u00bbin_container\u00a0\u00bb full_screen_row_position=\u00a0\u00bbmiddle\u00a0\u00bb scene_position=\u00a0\u00bbcenter\u00a0\u00bb text_color=\u00a0\u00bbdark\u00a0\u00bb text_align=\u00a0\u00bbleft\u00a0\u00bb overlay_strength=\u00a0\u00bb0.3&Prime; shape_divider_position=\u00a0\u00bbbottom\u00a0\u00bb][vc_column column_padding=\u00a0\u00bbno-extra-padding\u00a0\u00bb column_padding_position=\u00a0\u00bball\u00a0\u00bb background_color_opacity=\u00a0\u00bb1&Prime; background_hover_color_opacity=\u00a0\u00bb1&Prime; column_shadow=\u00a0\u00bbnone\u00a0\u00bb column_border_radius=\u00a0\u00bbnone\u00a0\u00bb width=\u00a0\u00bb1\/1&Prime; tablet_text_alignment=\u00a0\u00bbdefault\u00a0\u00bb phone_text_alignment=\u00a0\u00bbdefault\u00a0\u00bb column_border_width=\u00a0\u00bbnone\u00a0\u00bb column_border_style=\u00a0\u00bbsolid\u00a0\u00bb][vc_custom_heading text=\u00a0\u00bbUne relation de confiance avec le Casier Fran\u00e7ais\u00a0\u00bb use_theme_fonts=\u00a0\u00bbyes\u00a0\u00bb][\/vc_column][\/vc_row][vc_row type=\u00a0\u00bbin_container\u00a0\u00bb full_screen_row_position=\u00a0\u00bbmiddle\u00a0\u00bb scene_position=\u00a0\u00bbcenter\u00a0\u00bb text_color=\u00a0\u00bbdark\u00a0\u00bb text_align=\u00a0\u00bbleft\u00a0\u00bb overlay_strength=\u00a0\u00bb0.3&Prime; shape_divider_position=\u00a0\u00bbbottom\u00a0\u00bb][vc_column column_padding=\u00a0\u00bbno-extra-padding\u00a0\u00bb column_padding_position=\u00a0\u00bball\u00a0\u00bb background_color_opacity=\u00a0\u00bb1&Prime; background_hover_color_opacity=\u00a0\u00bb1&Prime; column_shadow=\u00a0\u00bbnone\u00a0\u00bb column_border_radius=\u00a0\u00bbnone\u00a0\u00bb width=\u00a0\u00bb1\/1&Prime; tablet_text_alignment=\u00a0\u00bbdefault\u00a0\u00bb phone_text_alignment=\u00a0\u00bbdefault\u00a0\u00bb column_border_width=\u00a0\u00bbnone\u00a0\u00bb column_border_style=\u00a0\u00bbsolid\u00a0\u00bb][vc_column_text]Raoul est satisfait de ses installations et de notre solution connect\u00e9e pour sa boucherie. Cela a beaucoup d\u00e9velopp\u00e9 son commerce et il est fier d\u2019avoir r\u00e9ussi \u00e0 <strong>faire grandir son activit\u00e9<\/strong> ainsi. \u00c0 chaque fois qu\u2019il a rencontr\u00e9 un souci, il a \u00e9t\u00e9 convaincu de la r\u00e9ponse \u00e0 son probl\u00e8me par les \u00e9quipes du Casier Fran\u00e7ais. <em>\u00ab\u00a0Nous avons travaill\u00e9 ensemble notamment pour adapter le fonctionnement du casier \u00e0 mon produit. Je suis content d\u2019avoir un syst\u00e8me qui me correspond et qui fonctionne parfaitement\u00a0!\u00a0\u00bb<\/em>[\/vc_column_text][\/vc_column][\/vc_row][vc_row type=\u00a0\u00bbin_container\u00a0\u00bb full_screen_row_position=\u00a0\u00bbmiddle\u00a0\u00bb scene_position=\u00a0\u00bbcenter\u00a0\u00bb text_color=\u00a0\u00bbdark\u00a0\u00bb text_align=\u00a0\u00bbleft\u00a0\u00bb overlay_strength=\u00a0\u00bb0.3&Prime; shape_divider_position=\u00a0\u00bbbottom\u00a0\u00bb][vc_column column_padding=\u00a0\u00bbno-extra-padding\u00a0\u00bb column_padding_position=\u00a0\u00bball\u00a0\u00bb background_color_opacity=\u00a0\u00bb1&Prime; background_hover_color_opacity=\u00a0\u00bb1&Prime; column_shadow=\u00a0\u00bbnone\u00a0\u00bb column_border_radius=\u00a0\u00bbnone\u00a0\u00bb width=\u00a0\u00bb1\/1&Prime; tablet_text_alignment=\u00a0\u00bbdefault\u00a0\u00bb phone_text_alignment=\u00a0\u00bbdefault\u00a0\u00bb column_border_width=\u00a0\u00bbnone\u00a0\u00bb column_border_style=\u00a0\u00bbsolid\u00a0\u00bb]<div class=\"img-with-aniamtion-wrap center\" data-max-width=\"100%\" data-border-radius=\"none\"><div class=\"inner\"><a href=\"https:\/\/lecasierfrancais.es\/wp-content\/uploads\/2024\/01\/Photo-casier--e1706620617191.jpg\" class=\"pp center\"><img decoding=\"async\" data-shadow=\"none\" data-shadow-direction=\"middle\" class=\"img-with-animation \" data-delay=\"0\" height=\"247\" width=\"600\" data-animation=\"none\" src=\"https:\/\/lecasierfrancais.es\/wp-content\/uploads\/2024\/01\/Photo-casier--e1706620617191.jpg\"  alt=\"Boucherie casiers Raoul Deschildre\" \/><\/a><\/div><\/div>[\/vc_column][\/vc_row][vc_row type=\u00a0\u00bbin_container\u00a0\u00bb full_screen_row_position=\u00a0\u00bbmiddle\u00a0\u00bb scene_position=\u00a0\u00bbcenter\u00a0\u00bb text_color=\u00a0\u00bbdark\u00a0\u00bb text_align=\u00a0\u00bbleft\u00a0\u00bb overlay_strength=\u00a0\u00bb0.3&Prime; shape_divider_position=\u00a0\u00bbbottom\u00a0\u00bb][vc_column column_padding=\u00a0\u00bbno-extra-padding\u00a0\u00bb column_padding_position=\u00a0\u00bball\u00a0\u00bb background_color_opacity=\u00a0\u00bb1&Prime; background_hover_color_opacity=\u00a0\u00bb1&Prime; column_shadow=\u00a0\u00bbnone\u00a0\u00bb column_border_radius=\u00a0\u00bbnone\u00a0\u00bb width=\u00a0\u00bb1\/1&Prime; tablet_text_alignment=\u00a0\u00bbdefault\u00a0\u00bb phone_text_alignment=\u00a0\u00bbdefault\u00a0\u00bb column_border_width=\u00a0\u00bbnone\u00a0\u00bb column_border_style=\u00a0\u00bbsolid\u00a0\u00bb][vc_custom_heading text=\u00a0\u00bbRaoul encourage les producteurs \u00e0 se lancer \u00e0 leur tour dans les casiers\u00a0\u00bb use_theme_fonts=\u00a0\u00bbyes\u00a0\u00bb][vc_column_text]<em>\u00ab\u00a0Pour tous ceux qui travaillent avec des produits frais, les casiers du Casier Fran\u00e7ais ont un <a href=\"https:\/\/lecasierfrancais.es\/index.php\/nos-solutions-modulables\/#Froid\" target=\"_blank\" rel=\"noopener\">syst\u00e8me de gestion du froid tr\u00e8s fiable<\/a>\u00a0\u00bb<\/em> assure-t-il<strong>. Il encourage ses confr\u00e8res \u00e0 passer \u00e0 la vente par casiers<\/strong> car elle ne n\u00e9cessite pas de personnel de vente. De plus, l\u2019employ\u00e9 qu\u2019il recrute pour ses tourn\u00e9es n\u2019a pas besoin de comp\u00e9tence particuli\u00e8re.<\/p>\n<p>Il nuance tout de m\u00eame en avertissant de l\u2019aspect chronophage de l\u2019activit\u00e9 par casiers. Elle n\u00e9cessite<strong> une organisation en amont<\/strong> et de la pr\u00e9paration.<\/p>\n<p><em>\u00ab\u00a0Pour ma part, cela m\u2019a permis d\u2019arr\u00eater de travailler avec la grande distribution dont je subissais les exigences et de compenser mon chiffre d\u2019affaires\u00a0! C\u2019est un tournant \u00e0 prendre.\u00a0\u00bb<\/em>[\/vc_column_text][\/vc_column][\/vc_row][vc_row type=\u00a0\u00bbin_container\u00a0\u00bb full_screen_row_position=\u00a0\u00bbmiddle\u00a0\u00bb scene_position=\u00a0\u00bbcenter\u00a0\u00bb text_color=\u00a0\u00bbdark\u00a0\u00bb text_align=\u00a0\u00bbleft\u00a0\u00bb overlay_strength=\u00a0\u00bb0.3&Prime; shape_divider_position=\u00a0\u00bbbottom\u00a0\u00bb][vc_column column_padding=\u00a0\u00bbno-extra-padding\u00a0\u00bb column_padding_position=\u00a0\u00bball\u00a0\u00bb background_color_opacity=\u00a0\u00bb1&Prime; background_hover_color_opacity=\u00a0\u00bb1&Prime; column_shadow=\u00a0\u00bbnone\u00a0\u00bb column_border_radius=\u00a0\u00bbnone\u00a0\u00bb width=\u00a0\u00bb1\/1&Prime; tablet_text_alignment=\u00a0\u00bbdefault\u00a0\u00bb phone_text_alignment=\u00a0\u00bbdefault\u00a0\u00bb column_border_width=\u00a0\u00bbnone\u00a0\u00bb column_border_style=\u00a0\u00bbsolid\u00a0\u00bb][vc_custom_heading text=\u00a0\u00bbLes casiers de De la ferme \u00e0 l\u2019assiette n\u2019ont pas fini de grandir\u00a0\u00bb use_theme_fonts=\u00a0\u00bbyes\u00a0\u00bb][vc_column_text]Et Raoul a encore de nombreuses envies pour ses boucheries modernes. Gr\u00e2ce aux casiers connect\u00e9s, il pr\u00e9voit encore <strong>de nouvelles installations<\/strong> dans la r\u00e9gion. Nous lui souhaitons tout le succ\u00e8s qu\u2019il m\u00e9rite. Que la valorisation de ses produits et de son savoir-faire lui ouvre de nouvelles portes\u2026 de casiers\u00a0![\/vc_column_text][\/vc_column][\/vc_row][vc_row type=\u00a0\u00bbin_container\u00a0\u00bb full_screen_row_position=\u00a0\u00bbmiddle\u00a0\u00bb scene_position=\u00a0\u00bbcenter\u00a0\u00bb text_color=\u00a0\u00bbdark\u00a0\u00bb text_align=\u00a0\u00bbleft\u00a0\u00bb overlay_strength=\u00a0\u00bb0.3&Prime; shape_divider_position=\u00a0\u00bbbottom\u00a0\u00bb][vc_column column_padding=\u00a0\u00bbno-extra-padding\u00a0\u00bb column_padding_position=\u00a0\u00bball\u00a0\u00bb background_color_opacity=\u00a0\u00bb1&Prime; background_hover_color_opacity=\u00a0\u00bb1&Prime; column_shadow=\u00a0\u00bbnone\u00a0\u00bb column_border_radius=\u00a0\u00bbnone\u00a0\u00bb width=\u00a0\u00bb1\/1&Prime; tablet_text_alignment=\u00a0\u00bbdefault\u00a0\u00bb phone_text_alignment=\u00a0\u00bbdefault\u00a0\u00bb column_border_width=\u00a0\u00bbnone\u00a0\u00bb column_border_style=\u00a0\u00bbsolid\u00a0\u00bb][vc_zigzag color=\u00a0\u00bbvista_blue\u00a0\u00bb][vc_column_text]\n<p style=\"text-align: center;\">Suivez l&rsquo;actualit\u00e9 des boucheries <a href=\"https:\/\/www.facebook.com\/delafermealassietteparraouldeschildre\/\" target=\"_blank\" rel=\"noopener\">De la ferme \u00e0 l&rsquo;assiette sur la page Facebook<\/a><br \/>\net rendez-vous dans l&rsquo;un des 7 points de vente par casiers :<\/p>\n<p style=\"text-align: center;\">\ud83d\udccdRue de Provin \u00e0 Carvin<\/p>\n<p style=\"text-align: center;\">\ud83d\udccd275 Rue d&rsquo;Ypres \u00e0 Verlinghem<\/p>\n<p style=\"text-align: center;\">\ud83d\udccd 1 bis Rue du Docteur Schafner \u00e0 Ann\u0153ullin<\/p>\n<p style=\"text-align: center;\">\ud83d\udccd Parking Centre multi-accueil \u00e0 Pont-\u00e0-Vendin<\/p>\n<p style=\"text-align: center;\">\ud83d\udccdChemin du Calvaire \u00e0 La Bass\u00e9e<\/p>\n<p style=\"text-align: center;\">\ud83d\udccd2, route d\u2019Aubert \u00e0 Fromelles<\/p>\n<p style=\"text-align: center;\">\ud83d\udccd 2 Rue des Bois Blancs \u00e0 Radinghem-en-Weppes<\/p>\n[\/vc_column_text][\/vc_column][\/vc_row][vc_row type=\u00a0\u00bbin_container\u00a0\u00bb full_screen_row_position=\u00a0\u00bbmiddle\u00a0\u00bb scene_position=\u00a0\u00bbcenter\u00a0\u00bb text_color=\u00a0\u00bbdark\u00a0\u00bb text_align=\u00a0\u00bbleft\u00a0\u00bb overlay_strength=\u00a0\u00bb0.3&Prime; shape_divider_position=\u00a0\u00bbbottom\u00a0\u00bb][vc_column column_padding=\u00a0\u00bbno-extra-padding\u00a0\u00bb column_padding_position=\u00a0\u00bball\u00a0\u00bb background_color_opacity=\u00a0\u00bb1&Prime; background_hover_color_opacity=\u00a0\u00bb1&Prime; column_shadow=\u00a0\u00bbnone\u00a0\u00bb column_border_radius=\u00a0\u00bbnone\u00a0\u00bb width=\u00a0\u00bb1\/1&Prime; tablet_text_alignment=\u00a0\u00bbdefault\u00a0\u00bb phone_text_alignment=\u00a0\u00bbdefault\u00a0\u00bb column_border_width=\u00a0\u00bbnone\u00a0\u00bb column_border_style=\u00a0\u00bbsolid\u00a0\u00bb]<div class=\"nectar-social  hide-share-count items_2\"><a class='facebook-share nectar-sharing' href='#' title='Partager ceci'> <i class='fa fa-facebook'><\/i> <span class='count'><\/span><\/a><a class='linkedin-share nectar-sharing' href='#' title='Partager ceci'> <i class='fa fa-linkedin'><\/i> <span class='count'><\/span><\/a><\/div>[\/vc_column][\/vc_row]\n","protected":false},"excerpt":{"rendered":"<p>[vc_row type=\u00a0\u00bbin_container\u00a0\u00bb full_screen_row_position=\u00a0\u00bbmiddle\u00a0\u00bb scene_position=\u00a0\u00bbcenter\u00a0\u00bb text_color=\u00a0\u00bbdark\u00a0\u00bb text_align=\u00a0\u00bbleft\u00a0\u00bb overlay_strength=\u00a0\u00bb0.3&Prime; shape_divider_position=\u00a0\u00bbbottom\u00a0\u00bb][vc_column column_padding=\u00a0\u00bbno-extra-padding\u00a0\u00bb column_padding_position=\u00a0\u00bball\u00a0\u00bb background_color_opacity=\u00a0\u00bb1&Prime; background_hover_color_opacity=\u00a0\u00bb1&Prime; column_shadow=\u00a0\u00bbnone\u00a0\u00bb column_border_radius=\u00a0\u00bbnone\u00a0\u00bb width=\u00a0\u00bb1\/1&Prime;&#8230;<\/p>\n","protected":false},"author":8,"featured_media":10416,"comment_status":"open","ping_status":"open","sticky":false,"template":"","format":"standard","meta":{"footnotes":""},"categories":[564],"tags":[413,576,396,569,417,574,573,575,416,506,421,568,447,502,461],"class_list":{"0":"post-10409","1":"post","2":"type-post","3":"status-publish","4":"format-standard","5":"has-post-thumbnail","7":"category-portraits-de-producteurs","8":"tag-boucherie","9":"tag-casier-viande","10":"tag-casiers","11":"tag-casiers-automatiques","12":"tag-circuit-court","13":"tag-commercant","14":"tag-distributeur-alimentaire","15":"tag-diversifier-son-activite","16":"tag-fabrication-francaise","17":"tag-hauts-de-france","18":"tag-le-casier-francais","19":"tag-portrait","20":"tag-productionlocale","21":"tag-produits-locaux","22":"tag-ventedirecte"},"yoast_head":"<!-- This site is optimized with the Yoast SEO Premium plugin v26.1 (Yoast SEO v26.1.1) - https:\/\/yoast.com\/wordpress\/plugins\/seo\/ -->\n<title>De la ferme \u00e0 l\u2019assiette : des casiers \u00e0 viande dans les Hauts de France \ud83e\udd69 - Le Casier Fran\u00e7ais<\/title>\n<meta name=\"description\" content=\"Raoul Deschildre, votre boucher des Hauts de France a ouvert 7 points de vente \u00e0 casiers de viande de haute qualit\u00e9 dans les Hauts de France.\" \/>\n<meta name=\"robots\" content=\"index, follow, max-snippet:-1, max-image-preview:large, max-video-preview:-1\" \/>\n<link rel=\"canonical\" href=\"https:\/\/lecasierfrancais.es\/index.php\/2024\/02\/06\/portrait-de-la-ferme-a-lassiette-casiers-viande-hauts-de-france\/\" \/>\n<meta property=\"og:locale\" content=\"fr_FR\" \/>\n<meta property=\"og:type\" content=\"article\" \/>\n<meta property=\"og:title\" content=\"De la ferme \u00e0 l\u2019assiette : des casiers \u00e0 viande dans les Hauts de France \ud83e\udd69\" \/>\n<meta property=\"og:description\" content=\"Raoul Deschildre, votre boucher des Hauts de France a ouvert 7 points de vente \u00e0 casiers de viande de haute qualit\u00e9 dans les Hauts de France.\" \/>\n<meta property=\"og:url\" content=\"https:\/\/lecasierfrancais.es\/index.php\/2024\/02\/06\/portrait-de-la-ferme-a-lassiette-casiers-viande-hauts-de-france\/\" \/>\n<meta property=\"og:site_name\" content=\"Le Casier Fran\u00e7ais\" \/>\n<meta property=\"article:publisher\" content=\"https:\/\/www.facebook.com\/lecasierfrancais\/\" \/>\n<meta property=\"article:published_time\" content=\"2024-02-06T08:00:42+00:00\" \/>\n<meta property=\"article:modified_time\" content=\"2024-06-04T14:15:39+00:00\" \/>\n<meta property=\"og:image\" content=\"https:\/\/lecasierfrancais.es\/wp-content\/uploads\/2024\/01\/Photo-casier--e1706620617191.jpg\" \/>\n\t<meta property=\"og:image:width\" content=\"600\" \/>\n\t<meta property=\"og:image:height\" content=\"247\" \/>\n\t<meta property=\"og:image:type\" content=\"image\/jpeg\" \/>\n<meta name=\"author\" content=\"Le Casier Francais\" \/>\n<meta name=\"twitter:card\" content=\"summary_large_image\" \/>\n<meta name=\"twitter:label1\" content=\"\u00c9crit par\" \/>\n\t<meta name=\"twitter:data1\" content=\"Le Casier Francais\" \/>\n\t<meta name=\"twitter:label2\" content=\"Dur\u00e9e de lecture estim\u00e9e\" \/>\n\t<meta name=\"twitter:data2\" content=\"12 minutes\" \/>\n<script type=\"application\/ld+json\" class=\"yoast-schema-graph\">{\"@context\":\"https:\/\/schema.org\",\"@graph\":[{\"@type\":\"WebPage\",\"@id\":\"https:\/\/lecasierfrancais.es\/index.php\/2024\/02\/06\/portrait-de-la-ferme-a-lassiette-casiers-viande-hauts-de-france\/\",\"url\":\"https:\/\/lecasierfrancais.es\/index.php\/2024\/02\/06\/portrait-de-la-ferme-a-lassiette-casiers-viande-hauts-de-france\/\",\"name\":\"De la ferme \u00e0 l\u2019assiette : des casiers \u00e0 viande dans les Hauts de France \ud83e\udd69 - Le Casier Fran\u00e7ais\",\"isPartOf\":{\"@id\":\"https:\/\/lecasierfrancais.es\/#website\"},\"primaryImageOfPage\":{\"@id\":\"https:\/\/lecasierfrancais.es\/index.php\/2024\/02\/06\/portrait-de-la-ferme-a-lassiette-casiers-viande-hauts-de-france\/#primaryimage\"},\"image\":{\"@id\":\"https:\/\/lecasierfrancais.es\/index.php\/2024\/02\/06\/portrait-de-la-ferme-a-lassiette-casiers-viande-hauts-de-france\/#primaryimage\"},\"thumbnailUrl\":\"https:\/\/lecasierfrancais.es\/wp-content\/uploads\/2024\/01\/Photo-casier--e1706620617191.jpg\",\"datePublished\":\"2024-02-06T08:00:42+00:00\",\"dateModified\":\"2024-06-04T14:15:39+00:00\",\"author\":{\"@id\":\"https:\/\/lecasierfrancais.es\/#\/schema\/person\/ac95c6138096844c56f2c49f81730a7a\"},\"description\":\"Raoul Deschildre, votre boucher des Hauts de France a ouvert 7 points de vente \u00e0 casiers de viande de haute qualit\u00e9 dans les Hauts de France.\",\"breadcrumb\":{\"@id\":\"https:\/\/lecasierfrancais.es\/index.php\/2024\/02\/06\/portrait-de-la-ferme-a-lassiette-casiers-viande-hauts-de-france\/#breadcrumb\"},\"inLanguage\":\"fr-FR\",\"potentialAction\":[{\"@type\":\"ReadAction\",\"target\":[\"https:\/\/lecasierfrancais.es\/index.php\/2024\/02\/06\/portrait-de-la-ferme-a-lassiette-casiers-viande-hauts-de-france\/\"]}]},{\"@type\":\"ImageObject\",\"inLanguage\":\"fr-FR\",\"@id\":\"https:\/\/lecasierfrancais.es\/index.php\/2024\/02\/06\/portrait-de-la-ferme-a-lassiette-casiers-viande-hauts-de-france\/#primaryimage\",\"url\":\"https:\/\/lecasierfrancais.es\/wp-content\/uploads\/2024\/01\/Photo-casier--e1706620617191.jpg\",\"contentUrl\":\"https:\/\/lecasierfrancais.es\/wp-content\/uploads\/2024\/01\/Photo-casier--e1706620617191.jpg\",\"width\":600,\"height\":247,\"caption\":\"Boucherie casiers Raoul Deschildre\"},{\"@type\":\"BreadcrumbList\",\"@id\":\"https:\/\/lecasierfrancais.es\/index.php\/2024\/02\/06\/portrait-de-la-ferme-a-lassiette-casiers-viande-hauts-de-france\/#breadcrumb\",\"itemListElement\":[{\"@type\":\"ListItem\",\"position\":1,\"name\":\"Accueil\",\"item\":\"https:\/\/lecasierfrancais.es\/\"},{\"@type\":\"ListItem\",\"position\":2,\"name\":\"De la ferme \u00e0 l\u2019assiette : des casiers \u00e0 viande dans les Hauts de France \ud83e\udd69\"}]},{\"@type\":\"WebSite\",\"@id\":\"https:\/\/lecasierfrancais.es\/#website\",\"url\":\"https:\/\/lecasierfrancais.es\/\",\"name\":\"Le Casier Fran\u00e7ais\",\"description\":\"\",\"potentialAction\":[{\"@type\":\"SearchAction\",\"target\":{\"@type\":\"EntryPoint\",\"urlTemplate\":\"https:\/\/lecasierfrancais.es\/?s={search_term_string}\"},\"query-input\":{\"@type\":\"PropertyValueSpecification\",\"valueRequired\":true,\"valueName\":\"search_term_string\"}}],\"inLanguage\":\"fr-FR\"},{\"@type\":\"Person\",\"@id\":\"https:\/\/lecasierfrancais.es\/#\/schema\/person\/ac95c6138096844c56f2c49f81730a7a\",\"name\":\"Le Casier Francais\",\"image\":{\"@type\":\"ImageObject\",\"inLanguage\":\"fr-FR\",\"@id\":\"https:\/\/lecasierfrancais.es\/#\/schema\/person\/image\/\",\"url\":\"https:\/\/secure.gravatar.com\/avatar\/f29776dfd97a4c78aee2ab31cb63a0f4097b8cc071a068daac2d914eb26fbbd4?s=96&d=mm&r=g\",\"contentUrl\":\"https:\/\/secure.gravatar.com\/avatar\/f29776dfd97a4c78aee2ab31cb63a0f4097b8cc071a068daac2d914eb26fbbd4?s=96&d=mm&r=g\",\"caption\":\"Le Casier Francais\"},\"url\":\"https:\/\/lecasierfrancais.es\/index.php\/author\/le-casier-francais\/\"}]}<\/script>\n<!-- \/ Yoast SEO Premium plugin. -->","yoast_head_json":{"title":"De la ferme \u00e0 l\u2019assiette : des casiers \u00e0 viande dans les Hauts de France \ud83e\udd69 - Le Casier Fran\u00e7ais","description":"Raoul Deschildre, votre boucher des Hauts de France a ouvert 7 points de vente \u00e0 casiers de viande de haute qualit\u00e9 dans les Hauts de France.","robots":{"index":"index","follow":"follow","max-snippet":"max-snippet:-1","max-image-preview":"max-image-preview:large","max-video-preview":"max-video-preview:-1"},"canonical":"https:\/\/lecasierfrancais.es\/index.php\/2024\/02\/06\/portrait-de-la-ferme-a-lassiette-casiers-viande-hauts-de-france\/","og_locale":"fr_FR","og_type":"article","og_title":"De la ferme \u00e0 l\u2019assiette : des casiers \u00e0 viande dans les Hauts de France \ud83e\udd69","og_description":"Raoul Deschildre, votre boucher des Hauts de France a ouvert 7 points de vente \u00e0 casiers de viande de haute qualit\u00e9 dans les Hauts de France.","og_url":"https:\/\/lecasierfrancais.es\/index.php\/2024\/02\/06\/portrait-de-la-ferme-a-lassiette-casiers-viande-hauts-de-france\/","og_site_name":"Le Casier Fran\u00e7ais","article_publisher":"https:\/\/www.facebook.com\/lecasierfrancais\/","article_published_time":"2024-02-06T08:00:42+00:00","article_modified_time":"2024-06-04T14:15:39+00:00","og_image":[{"width":600,"height":247,"url":"https:\/\/lecasierfrancais.es\/wp-content\/uploads\/2024\/01\/Photo-casier--e1706620617191.jpg","type":"image\/jpeg"}],"author":"Le Casier Francais","twitter_card":"summary_large_image","twitter_misc":{"\u00c9crit par":"Le Casier Francais","Dur\u00e9e de lecture estim\u00e9e":"12 minutes"},"schema":{"@context":"https:\/\/schema.org","@graph":[{"@type":"WebPage","@id":"https:\/\/lecasierfrancais.es\/index.php\/2024\/02\/06\/portrait-de-la-ferme-a-lassiette-casiers-viande-hauts-de-france\/","url":"https:\/\/lecasierfrancais.es\/index.php\/2024\/02\/06\/portrait-de-la-ferme-a-lassiette-casiers-viande-hauts-de-france\/","name":"De la ferme \u00e0 l\u2019assiette : des casiers \u00e0 viande dans les Hauts de France \ud83e\udd69 - Le Casier Fran\u00e7ais","isPartOf":{"@id":"https:\/\/lecasierfrancais.es\/#website"},"primaryImageOfPage":{"@id":"https:\/\/lecasierfrancais.es\/index.php\/2024\/02\/06\/portrait-de-la-ferme-a-lassiette-casiers-viande-hauts-de-france\/#primaryimage"},"image":{"@id":"https:\/\/lecasierfrancais.es\/index.php\/2024\/02\/06\/portrait-de-la-ferme-a-lassiette-casiers-viande-hauts-de-france\/#primaryimage"},"thumbnailUrl":"https:\/\/lecasierfrancais.es\/wp-content\/uploads\/2024\/01\/Photo-casier--e1706620617191.jpg","datePublished":"2024-02-06T08:00:42+00:00","dateModified":"2024-06-04T14:15:39+00:00","author":{"@id":"https:\/\/lecasierfrancais.es\/#\/schema\/person\/ac95c6138096844c56f2c49f81730a7a"},"description":"Raoul Deschildre, votre boucher des Hauts de France a ouvert 7 points de vente \u00e0 casiers de viande de haute qualit\u00e9 dans les Hauts de France.","breadcrumb":{"@id":"https:\/\/lecasierfrancais.es\/index.php\/2024\/02\/06\/portrait-de-la-ferme-a-lassiette-casiers-viande-hauts-de-france\/#breadcrumb"},"inLanguage":"fr-FR","potentialAction":[{"@type":"ReadAction","target":["https:\/\/lecasierfrancais.es\/index.php\/2024\/02\/06\/portrait-de-la-ferme-a-lassiette-casiers-viande-hauts-de-france\/"]}]},{"@type":"ImageObject","inLanguage":"fr-FR","@id":"https:\/\/lecasierfrancais.es\/index.php\/2024\/02\/06\/portrait-de-la-ferme-a-lassiette-casiers-viande-hauts-de-france\/#primaryimage","url":"https:\/\/lecasierfrancais.es\/wp-content\/uploads\/2024\/01\/Photo-casier--e1706620617191.jpg","contentUrl":"https:\/\/lecasierfrancais.es\/wp-content\/uploads\/2024\/01\/Photo-casier--e1706620617191.jpg","width":600,"height":247,"caption":"Boucherie casiers Raoul Deschildre"},{"@type":"BreadcrumbList","@id":"https:\/\/lecasierfrancais.es\/index.php\/2024\/02\/06\/portrait-de-la-ferme-a-lassiette-casiers-viande-hauts-de-france\/#breadcrumb","itemListElement":[{"@type":"ListItem","position":1,"name":"Accueil","item":"https:\/\/lecasierfrancais.es\/"},{"@type":"ListItem","position":2,"name":"De la ferme \u00e0 l\u2019assiette : des casiers \u00e0 viande dans les Hauts de France \ud83e\udd69"}]},{"@type":"WebSite","@id":"https:\/\/lecasierfrancais.es\/#website","url":"https:\/\/lecasierfrancais.es\/","name":"Le Casier Fran\u00e7ais","description":"","potentialAction":[{"@type":"SearchAction","target":{"@type":"EntryPoint","urlTemplate":"https:\/\/lecasierfrancais.es\/?s={search_term_string}"},"query-input":{"@type":"PropertyValueSpecification","valueRequired":true,"valueName":"search_term_string"}}],"inLanguage":"fr-FR"},{"@type":"Person","@id":"https:\/\/lecasierfrancais.es\/#\/schema\/person\/ac95c6138096844c56f2c49f81730a7a","name":"Le Casier Francais","image":{"@type":"ImageObject","inLanguage":"fr-FR","@id":"https:\/\/lecasierfrancais.es\/#\/schema\/person\/image\/","url":"https:\/\/secure.gravatar.com\/avatar\/f29776dfd97a4c78aee2ab31cb63a0f4097b8cc071a068daac2d914eb26fbbd4?s=96&d=mm&r=g","contentUrl":"https:\/\/secure.gravatar.com\/avatar\/f29776dfd97a4c78aee2ab31cb63a0f4097b8cc071a068daac2d914eb26fbbd4?s=96&d=mm&r=g","caption":"Le Casier Francais"},"url":"https:\/\/lecasierfrancais.es\/index.php\/author\/le-casier-francais\/"}]}},"_links":{"self":[{"href":"https:\/\/lecasierfrancais.es\/index.php\/wp-json\/wp\/v2\/posts\/10409","targetHints":{"allow":["GET"]}}],"collection":[{"href":"https:\/\/lecasierfrancais.es\/index.php\/wp-json\/wp\/v2\/posts"}],"about":[{"href":"https:\/\/lecasierfrancais.es\/index.php\/wp-json\/wp\/v2\/types\/post"}],"author":[{"embeddable":true,"href":"https:\/\/lecasierfrancais.es\/index.php\/wp-json\/wp\/v2\/users\/8"}],"replies":[{"embeddable":true,"href":"https:\/\/lecasierfrancais.es\/index.php\/wp-json\/wp\/v2\/comments?post=10409"}],"version-history":[{"count":12,"href":"https:\/\/lecasierfrancais.es\/index.php\/wp-json\/wp\/v2\/posts\/10409\/revisions"}],"predecessor-version":[{"id":10431,"href":"https:\/\/lecasierfrancais.es\/index.php\/wp-json\/wp\/v2\/posts\/10409\/revisions\/10431"}],"wp:featuredmedia":[{"embeddable":true,"href":"https:\/\/lecasierfrancais.es\/index.php\/wp-json\/wp\/v2\/media\/10416"}],"wp:attachment":[{"href":"https:\/\/lecasierfrancais.es\/index.php\/wp-json\/wp\/v2\/media?parent=10409"}],"wp:term":[{"taxonomy":"category","embeddable":true,"href":"https:\/\/lecasierfrancais.es\/index.php\/wp-json\/wp\/v2\/categories?post=10409"},{"taxonomy":"post_tag","embeddable":true,"href":"https:\/\/lecasierfrancais.es\/index.php\/wp-json\/wp\/v2\/tags?post=10409"}],"curies":[{"name":"wp","href":"https:\/\/api.w.org\/{rel}","templated":true}]}}