{"id":10435,"date":"2024-02-13T10:27:49","date_gmt":"2024-02-13T09:27:49","guid":{"rendered":"https:\/\/lecasierfrancais.fr\/?p=10435"},"modified":"2024-06-04T16:15:39","modified_gmt":"2024-06-04T14:15:39","slug":"personnalisation-des-casiers","status":"publish","type":"post","link":"https:\/\/lecasierfrancais.es\/index.php\/2024\/02\/13\/personnalisation-des-casiers\/","title":{"rendered":"PERSONNALISATION DES CASIERS CONNECT\u00c9S, au service de votre identit\u00e9 visuelle \ud83d\udc41\ufe0f"},"content":{"rendered":"[vc_row type=\u00a0\u00bbin_container\u00a0\u00bb full_screen_row_position=\u00a0\u00bbmiddle\u00a0\u00bb scene_position=\u00a0\u00bbcenter\u00a0\u00bb text_color=\u00a0\u00bbdark\u00a0\u00bb text_align=\u00a0\u00bbleft\u00a0\u00bb overlay_strength=\u00a0\u00bb0.3&Prime; shape_divider_position=\u00a0\u00bbbottom\u00a0\u00bb][vc_column column_padding=\u00a0\u00bbno-extra-padding\u00a0\u00bb column_padding_position=\u00a0\u00bball\u00a0\u00bb background_color_opacity=\u00a0\u00bb1&Prime; background_hover_color_opacity=\u00a0\u00bb1&Prime; column_shadow=\u00a0\u00bbnone\u00a0\u00bb column_border_radius=\u00a0\u00bbnone\u00a0\u00bb width=\u00a0\u00bb1\/1&Prime; tablet_text_alignment=\u00a0\u00bbdefault\u00a0\u00bb phone_text_alignment=\u00a0\u00bbdefault\u00a0\u00bb column_border_width=\u00a0\u00bbnone\u00a0\u00bb column_border_style=\u00a0\u00bbsolid\u00a0\u00bb][vc_column_text]<strong>La personnalisation des bandeaux de vos distributeurs est un service que propose Le Casier Fran\u00e7ais.\u00a0 Lors de l\u2019achat ou de la location de vos casiers, vous avez la possibilit\u00e9 de demander la cr\u00e9ation graphique et personnalis\u00e9e de vos bandeaux d\u2019enseigne. Zoom sur ce service unique.<\/strong>[\/vc_column_text][\/vc_column][\/vc_row][vc_row type=\u00a0\u00bbin_container\u00a0\u00bb full_screen_row_position=\u00a0\u00bbmiddle\u00a0\u00bb scene_position=\u00a0\u00bbcenter\u00a0\u00bb text_color=\u00a0\u00bbdark\u00a0\u00bb text_align=\u00a0\u00bbleft\u00a0\u00bb overlay_strength=\u00a0\u00bb0.3&Prime; shape_divider_position=\u00a0\u00bbbottom\u00a0\u00bb][vc_column column_padding=\u00a0\u00bbno-extra-padding\u00a0\u00bb column_padding_position=\u00a0\u00bball\u00a0\u00bb background_color_opacity=\u00a0\u00bb1&Prime; background_hover_color_opacity=\u00a0\u00bb1&Prime; column_shadow=\u00a0\u00bbnone\u00a0\u00bb column_border_radius=\u00a0\u00bbnone\u00a0\u00bb width=\u00a0\u00bb1\/1&Prime; tablet_text_alignment=\u00a0\u00bbdefault\u00a0\u00bb phone_text_alignment=\u00a0\u00bbdefault\u00a0\u00bb column_border_width=\u00a0\u00bbnone\u00a0\u00bb column_border_style=\u00a0\u00bbsolid\u00a0\u00bb]<div class=\"img-with-aniamtion-wrap center\" data-max-width=\"100%\" data-border-radius=\"none\"><div class=\"inner\"><a href=\"https:\/\/lecasierfrancais.es\/wp-content\/uploads\/2024\/02\/mise-en-situation-produits-locaux-scaled.jpg\" class=\"pp center\"><img decoding=\"async\" data-shadow=\"none\" data-shadow-direction=\"middle\" class=\"img-with-animation \" data-delay=\"0\" height=\"937\" width=\"2000\" data-animation=\"none\" src=\"https:\/\/lecasierfrancais.es\/wp-content\/uploads\/2024\/02\/mise-en-situation-produits-locaux-scaled.jpg\" srcset=\"https:\/\/lecasierfrancais.es\/wp-content\/uploads\/2024\/02\/mise-en-situation-produits-locaux-scaled.jpg 2000w, https:\/\/lecasierfrancais.es\/wp-content\/uploads\/2024\/02\/mise-en-situation-produits-locaux-300x141.jpg 300w, https:\/\/lecasierfrancais.es\/wp-content\/uploads\/2024\/02\/mise-en-situation-produits-locaux-1024x480.jpg 1024w, https:\/\/lecasierfrancais.es\/wp-content\/uploads\/2024\/02\/mise-en-situation-produits-locaux-768x360.jpg 768w, https:\/\/lecasierfrancais.es\/wp-content\/uploads\/2024\/02\/mise-en-situation-produits-locaux-1536x720.jpg 1536w, https:\/\/lecasierfrancais.es\/wp-content\/uploads\/2024\/02\/mise-en-situation-produits-locaux-2048x959.jpg 2048w\" sizes=\"100vw\" alt=\"Enseigne personnalis\u00e9e pour casiers de produits locaux\" \/><\/a><\/div><\/div>[\/vc_column][\/vc_row][vc_row type=\u00a0\u00bbin_container\u00a0\u00bb full_screen_row_position=\u00a0\u00bbmiddle\u00a0\u00bb scene_position=\u00a0\u00bbcenter\u00a0\u00bb text_color=\u00a0\u00bbdark\u00a0\u00bb text_align=\u00a0\u00bbleft\u00a0\u00bb overlay_strength=\u00a0\u00bb0.3&Prime; shape_divider_position=\u00a0\u00bbbottom\u00a0\u00bb][vc_column column_padding=\u00a0\u00bbno-extra-padding\u00a0\u00bb column_padding_position=\u00a0\u00bball\u00a0\u00bb background_color_opacity=\u00a0\u00bb1&Prime; background_hover_color_opacity=\u00a0\u00bb1&Prime; column_shadow=\u00a0\u00bbnone\u00a0\u00bb column_border_radius=\u00a0\u00bbnone\u00a0\u00bb width=\u00a0\u00bb1\/1&Prime; tablet_text_alignment=\u00a0\u00bbdefault\u00a0\u00bb phone_text_alignment=\u00a0\u00bbdefault\u00a0\u00bb column_border_width=\u00a0\u00bbnone\u00a0\u00bb column_border_style=\u00a0\u00bbsolid\u00a0\u00bb][vc_custom_heading text=\u00a0\u00bbLe service de personnalisation des casiers en r\u00e9ponse \u00e0 un besoin de nos clients\u00a0\u00bb use_theme_fonts=\u00a0\u00bbyes\u00a0\u00bb][vc_column_text]Quand nos premiers clients ont re\u00e7u leurs distributeurs automatiques, nous nous sommes aper\u00e7us qu\u2019il \u00e9tait indispensable pour eux de <strong>communiquer sur leur nouvelle activit\u00e9.<\/strong> Or, tout le monde n\u2019a pas les outils ni les comp\u00e9tences pour se cr\u00e9er un logo, une enseigne, une image de marque. Plut\u00f4t que de faire appel \u00e0 un prestataire, nous avons d\u00e9cid\u00e9 de lancer notre<strong> service de personnalisation des casiers en interne<\/strong> pour vous simplifier la vie.[\/vc_column_text][\/vc_column][\/vc_row][vc_row type=\u00a0\u00bbin_container\u00a0\u00bb full_screen_row_position=\u00a0\u00bbmiddle\u00a0\u00bb scene_position=\u00a0\u00bbcenter\u00a0\u00bb text_color=\u00a0\u00bbdark\u00a0\u00bb text_align=\u00a0\u00bbleft\u00a0\u00bb overlay_strength=\u00a0\u00bb0.3&Prime; shape_divider_position=\u00a0\u00bbbottom\u00a0\u00bb][vc_column column_padding=\u00a0\u00bbno-extra-padding\u00a0\u00bb column_padding_position=\u00a0\u00bball\u00a0\u00bb background_color_opacity=\u00a0\u00bb1&Prime; background_hover_color_opacity=\u00a0\u00bb1&Prime; column_shadow=\u00a0\u00bbnone\u00a0\u00bb column_border_radius=\u00a0\u00bbnone\u00a0\u00bb width=\u00a0\u00bb1\/1&Prime; tablet_text_alignment=\u00a0\u00bbdefault\u00a0\u00bb phone_text_alignment=\u00a0\u00bbdefault\u00a0\u00bb column_border_width=\u00a0\u00bbnone\u00a0\u00bb column_border_style=\u00a0\u00bbsolid\u00a0\u00bb][vc_custom_heading text=\u00a0\u00bbPourquoi se cr\u00e9er une identit\u00e9 visuelle personnalis\u00e9e ?\u00a0\u00bb use_theme_fonts=\u00a0\u00bbyes\u00a0\u00bb][vc_column_text]Pour le succ\u00e8s de votre business par casiers, il est indispensable d\u2019attirer l\u2019\u0153il des clients. Dans un premier temps, il faut visuellement rep\u00e9rer l\u2019emplacement du casier. Dans un second temps, la personnalisation aide \u00e0 comprendre l\u2019utilit\u00e9 du commerce\/service propos\u00e9. Enfin, faire appel \u00e0 la personnalisation des casiers, c\u2019est s\u2019offrir une<strong> identit\u00e9 visuelle<\/strong>, une image de marque que vous pourrez reprendre sur vos communications. Ainsi, vous vous d\u00e9marquez et votre client\u00e8le s\u2019identifie clairement \u00e0 votre charte graphique.[\/vc_column_text][\/vc_column][\/vc_row][vc_row type=\u00a0\u00bbin_container\u00a0\u00bb full_screen_row_position=\u00a0\u00bbmiddle\u00a0\u00bb scene_position=\u00a0\u00bbcenter\u00a0\u00bb text_color=\u00a0\u00bbdark\u00a0\u00bb text_align=\u00a0\u00bbleft\u00a0\u00bb overlay_strength=\u00a0\u00bb0.3&Prime; shape_divider_position=\u00a0\u00bbbottom\u00a0\u00bb][vc_column column_padding=\u00a0\u00bbno-extra-padding\u00a0\u00bb column_padding_position=\u00a0\u00bball\u00a0\u00bb background_color_opacity=\u00a0\u00bb1&Prime; background_hover_color_opacity=\u00a0\u00bb1&Prime; column_shadow=\u00a0\u00bbnone\u00a0\u00bb column_border_radius=\u00a0\u00bbnone\u00a0\u00bb width=\u00a0\u00bb1\/1&Prime; tablet_text_alignment=\u00a0\u00bbdefault\u00a0\u00bb phone_text_alignment=\u00a0\u00bbdefault\u00a0\u00bb column_border_width=\u00a0\u00bbnone\u00a0\u00bb column_border_style=\u00a0\u00bbsolid\u00a0\u00bb]<div class=\"img-with-aniamtion-wrap center\" data-max-width=\"100%\" data-border-radius=\"none\"><div class=\"inner\"><a href=\"https:\/\/lecasierfrancais.es\/wp-content\/uploads\/2024\/02\/20240212111805_IMG_2720-e1707814018480.jpg\" class=\"pp center\"><img decoding=\"async\" data-shadow=\"none\" data-shadow-direction=\"middle\" class=\"img-with-animation \" data-delay=\"0\" height=\"466\" width=\"350\" data-animation=\"none\" src=\"https:\/\/lecasierfrancais.es\/wp-content\/uploads\/2024\/02\/20240212111805_IMG_2720-e1707814018480.jpg\"  alt=\"Notre Graphiste en charge de la personnalisation des casiers\" \/><\/a><\/div><\/div>[\/vc_column][\/vc_row][vc_row type=\u00a0\u00bbin_container\u00a0\u00bb full_screen_row_position=\u00a0\u00bbmiddle\u00a0\u00bb scene_position=\u00a0\u00bbcenter\u00a0\u00bb text_color=\u00a0\u00bbdark\u00a0\u00bb text_align=\u00a0\u00bbleft\u00a0\u00bb overlay_strength=\u00a0\u00bb0.3&Prime; shape_divider_position=\u00a0\u00bbbottom\u00a0\u00bb][vc_column column_padding=\u00a0\u00bbno-extra-padding\u00a0\u00bb column_padding_position=\u00a0\u00bball\u00a0\u00bb background_color_opacity=\u00a0\u00bb1&Prime; background_hover_color_opacity=\u00a0\u00bb1&Prime; column_shadow=\u00a0\u00bbnone\u00a0\u00bb column_border_radius=\u00a0\u00bbnone\u00a0\u00bb width=\u00a0\u00bb1\/1&Prime; tablet_text_alignment=\u00a0\u00bbdefault\u00a0\u00bb phone_text_alignment=\u00a0\u00bbdefault\u00a0\u00bb column_border_width=\u00a0\u00bbnone\u00a0\u00bb column_border_style=\u00a0\u00bbsolid\u00a0\u00bb][vc_custom_heading text=\u00a0\u00bbNotre graphiste se charge de la personnalisation des casiers\u00a0\u00bb use_theme_fonts=\u00a0\u00bbyes\u00a0\u00bb][vc_column_text]C\u2019est Sarah, graphiste au Casier Fran\u00e7ais, qui s\u2019occupera de cr\u00e9er la personnalisation des casiers. Avec son expertise et son savoir-faire, elle mettra <a href=\"https:\/\/lecasierfrancais.es\/index.php\/personnalisation-casier-francais\/\" target=\"_blank\" rel=\"noopener\">une image sur votre enseigne.<\/a> Apr\u00e8s un premier contact avec vous, elle vous proposera <strong>des cr\u00e9ations pour les bandeaux magn\u00e9tiques et les stickers<\/strong> pour personnaliser vos \u00e9quipements. Elle s\u2019occupera de faire imprimer ce que vous avez act\u00e9 et vous recevrez vos \u00e9l\u00e9ments de personnalisation ensuite.[\/vc_column_text][\/vc_column][\/vc_row][vc_row type=\u00a0\u00bbin_container\u00a0\u00bb full_screen_row_position=\u00a0\u00bbmiddle\u00a0\u00bb scene_position=\u00a0\u00bbcenter\u00a0\u00bb text_color=\u00a0\u00bbdark\u00a0\u00bb text_align=\u00a0\u00bbleft\u00a0\u00bb overlay_strength=\u00a0\u00bb0.3&Prime; shape_divider_position=\u00a0\u00bbbottom\u00a0\u00bb][vc_column column_padding=\u00a0\u00bbno-extra-padding\u00a0\u00bb column_padding_position=\u00a0\u00bball\u00a0\u00bb background_color_opacity=\u00a0\u00bb1&Prime; background_hover_color_opacity=\u00a0\u00bb1&Prime; column_shadow=\u00a0\u00bbnone\u00a0\u00bb column_border_radius=\u00a0\u00bbnone\u00a0\u00bb width=\u00a0\u00bb1\/1&Prime; tablet_text_alignment=\u00a0\u00bbdefault\u00a0\u00bb phone_text_alignment=\u00a0\u00bbdefault\u00a0\u00bb column_border_width=\u00a0\u00bbnone\u00a0\u00bb column_border_style=\u00a0\u00bbsolid\u00a0\u00bb]<div class=\"img-with-aniamtion-wrap center\" data-max-width=\"100%\" data-border-radius=\"none\"><div class=\"inner\"><a href=\"https:\/\/lecasierfrancais.es\/wp-content\/uploads\/2024\/02\/schema-personnalisation.jpg\" class=\"pp center\"><img decoding=\"async\" data-shadow=\"none\" data-shadow-direction=\"middle\" class=\"img-with-animation \" data-delay=\"0\" height=\"400\" width=\"600\" data-animation=\"none\" src=\"https:\/\/lecasierfrancais.es\/wp-content\/uploads\/2024\/02\/schema-personnalisation.jpg\" srcset=\"https:\/\/lecasierfrancais.es\/wp-content\/uploads\/2024\/02\/schema-personnalisation.jpg 600w, https:\/\/lecasierfrancais.es\/wp-content\/uploads\/2024\/02\/schema-personnalisation-300x200.jpg 300w\" sizes=\"100vw\" alt=\"Sch\u00e9ma possibilit\u00e9 de personnalisation des casiers\" \/><\/a><\/div><\/div>[\/vc_column][\/vc_row][vc_row type=\u00a0\u00bbin_container\u00a0\u00bb full_screen_row_position=\u00a0\u00bbmiddle\u00a0\u00bb scene_position=\u00a0\u00bbcenter\u00a0\u00bb text_color=\u00a0\u00bbdark\u00a0\u00bb text_align=\u00a0\u00bbleft\u00a0\u00bb overlay_strength=\u00a0\u00bb0.3&Prime; shape_divider_position=\u00a0\u00bbbottom\u00a0\u00bb][vc_column column_padding=\u00a0\u00bbno-extra-padding\u00a0\u00bb column_padding_position=\u00a0\u00bball\u00a0\u00bb background_color_opacity=\u00a0\u00bb1&Prime; background_hover_color_opacity=\u00a0\u00bb1&Prime; column_shadow=\u00a0\u00bbnone\u00a0\u00bb column_border_radius=\u00a0\u00bbnone\u00a0\u00bb width=\u00a0\u00bb1\/1&Prime; tablet_text_alignment=\u00a0\u00bbdefault\u00a0\u00bb phone_text_alignment=\u00a0\u00bbdefault\u00a0\u00bb column_border_width=\u00a0\u00bbnone\u00a0\u00bb column_border_style=\u00a0\u00bbsolid\u00a0\u00bb][vc_custom_heading text=\u00a0\u00bbSur vos casiers, des surfaces \u00e0 personnaliser\u00a0\u00bb use_theme_fonts=\u00a0\u00bbyes\u00a0\u00bb][vc_column_text]Chaque casier poss\u00e8de diff\u00e9rents espaces personnalisables. Le premier est <strong>le bandeau d\u2019enseigne<\/strong> en haut du casier sur toute sa longueur. Il permet \u00e0 vos clients, en un clin d\u2019\u0153il, de comprendre qui vous \u00eates et ce que vous vendez. On utilisera ici un bandeau magn\u00e9tique. Ensuite, <strong>un habillage complet de votre \u00e9quipement <\/strong>est possible. Enfin<strong>, sur le c\u00f4t\u00e9 du casier<\/strong>, les bandeaux magn\u00e9tiques peuvent \u00e9galement arborer les couleurs de votre marque ou enseigne.[\/vc_column_text][\/vc_column][\/vc_row][vc_row type=\u00a0\u00bbin_container\u00a0\u00bb full_screen_row_position=\u00a0\u00bbmiddle\u00a0\u00bb scene_position=\u00a0\u00bbcenter\u00a0\u00bb text_color=\u00a0\u00bbdark\u00a0\u00bb text_align=\u00a0\u00bbleft\u00a0\u00bb overlay_strength=\u00a0\u00bb0.3&Prime; shape_divider_position=\u00a0\u00bbbottom\u00a0\u00bb][vc_column column_padding=\u00a0\u00bbno-extra-padding\u00a0\u00bb column_padding_position=\u00a0\u00bball\u00a0\u00bb background_color_opacity=\u00a0\u00bb1&Prime; background_hover_color_opacity=\u00a0\u00bb1&Prime; column_shadow=\u00a0\u00bbnone\u00a0\u00bb column_border_radius=\u00a0\u00bbnone\u00a0\u00bb width=\u00a0\u00bb1\/1&Prime; tablet_text_alignment=\u00a0\u00bbdefault\u00a0\u00bb phone_text_alignment=\u00a0\u00bbdefault\u00a0\u00bb column_border_width=\u00a0\u00bbnone\u00a0\u00bb column_border_style=\u00a0\u00bbsolid\u00a0\u00bb][vc_custom_heading text=\u00a0\u00bbUn b\u00e2timent modulaire \u00e9galement personnalisable\u00a0\u00bb use_theme_fonts=\u00a0\u00bbyes\u00a0\u00bb][vc_column_text]Si vous avez fait le choix de placer vos casiers dans <a href=\"https:\/\/lecasierfrancais.es\/index.php\/agencement-2\/\" target=\"_blank\" rel=\"noopener\"><strong>un b\u00e2timent modulaire <\/strong><\/a>du Casier Fran\u00e7ais, sachez que vous pouvez \u00e9galement b\u00e9n\u00e9ficier de la personnalisation sur votre \u00e9quipement. Tout comme pour les casiers, votre enseigne gagnera en visibilit\u00e9. Ce service de personnalisation est \u00e9galement une option \u00e0 l\u2019installation de votre mat\u00e9riel.[\/vc_column_text][\/vc_column][\/vc_row][vc_row type=\u00a0\u00bbin_container\u00a0\u00bb full_screen_row_position=\u00a0\u00bbmiddle\u00a0\u00bb scene_position=\u00a0\u00bbcenter\u00a0\u00bb text_color=\u00a0\u00bbdark\u00a0\u00bb text_align=\u00a0\u00bbleft\u00a0\u00bb overlay_strength=\u00a0\u00bb0.3&Prime; shape_divider_position=\u00a0\u00bbbottom\u00a0\u00bb][vc_column column_padding=\u00a0\u00bbno-extra-padding\u00a0\u00bb column_padding_position=\u00a0\u00bball\u00a0\u00bb background_color_opacity=\u00a0\u00bb1&Prime; background_hover_color_opacity=\u00a0\u00bb1&Prime; column_shadow=\u00a0\u00bbnone\u00a0\u00bb column_border_radius=\u00a0\u00bbnone\u00a0\u00bb width=\u00a0\u00bb1\/1&Prime; tablet_text_alignment=\u00a0\u00bbdefault\u00a0\u00bb phone_text_alignment=\u00a0\u00bbdefault\u00a0\u00bb column_border_width=\u00a0\u00bbnone\u00a0\u00bb column_border_style=\u00a0\u00bbsolid\u00a0\u00bb]<div class=\"img-with-aniamtion-wrap center\" data-max-width=\"100%\" data-border-radius=\"none\"><div class=\"inner\"><a href=\"https:\/\/lecasierfrancais.es\/wp-content\/uploads\/2024\/02\/Dubruille-2-e1707815966810.jpg\" class=\"pp center\"><img decoding=\"async\" data-shadow=\"none\" data-shadow-direction=\"middle\" class=\"img-with-animation \" data-delay=\"0\" height=\"267\" width=\"200\" data-animation=\"none\" src=\"https:\/\/lecasierfrancais.es\/wp-content\/uploads\/2024\/02\/Dubruille-2-e1707815966810.jpg\"  alt=\"B\u00e2timent modulaire personnalis\u00e9 qui abrite les casiers\" \/><\/a><\/div><\/div>[\/vc_column][\/vc_row][vc_row type=\u00a0\u00bbin_container\u00a0\u00bb full_screen_row_position=\u00a0\u00bbmiddle\u00a0\u00bb scene_position=\u00a0\u00bbcenter\u00a0\u00bb text_color=\u00a0\u00bbdark\u00a0\u00bb text_align=\u00a0\u00bbleft\u00a0\u00bb overlay_strength=\u00a0\u00bb0.3&Prime; shape_divider_position=\u00a0\u00bbbottom\u00a0\u00bb][vc_column column_padding=\u00a0\u00bbno-extra-padding\u00a0\u00bb column_padding_position=\u00a0\u00bball\u00a0\u00bb background_color_opacity=\u00a0\u00bb1&Prime; background_hover_color_opacity=\u00a0\u00bb1&Prime; column_shadow=\u00a0\u00bbnone\u00a0\u00bb column_border_radius=\u00a0\u00bbnone\u00a0\u00bb width=\u00a0\u00bb1\/1&Prime; tablet_text_alignment=\u00a0\u00bbdefault\u00a0\u00bb phone_text_alignment=\u00a0\u00bbdefault\u00a0\u00bb column_border_width=\u00a0\u00bbnone\u00a0\u00bb column_border_style=\u00a0\u00bbsolid\u00a0\u00bb][vc_custom_heading text=\u00a0\u00bbVos id\u00e9es \u00e0 la base du projet de personnalisation des casiers\u00a0\u00bb use_theme_fonts=\u00a0\u00bbyes\u00a0\u00bb][vc_column_text]Vous avez d\u00e9j\u00e0 un logo\u00a0? Vous savez dans quelle direction vous voulez aller\u00a0? Ou, au contraire, vous n\u2019avez pas d\u2019id\u00e9e\u00a0? Dans tous les cas, Sarah prend le temps d\u2019\u00e9changer avec vous sur votre projet, votre communication existante et les \u00e9l\u00e9ments que vous avez \u00e0 disposition avant de cr\u00e9er votre bandeau. Elle vous \u00e9coute, vous conseille et vous guide vers une r\u00e9alisation qui vous ressemble.[\/vc_column_text][\/vc_column][\/vc_row][vc_row type=\u00a0\u00bbin_container\u00a0\u00bb full_screen_row_position=\u00a0\u00bbmiddle\u00a0\u00bb scene_position=\u00a0\u00bbcenter\u00a0\u00bb text_color=\u00a0\u00bbdark\u00a0\u00bb text_align=\u00a0\u00bbleft\u00a0\u00bb overlay_strength=\u00a0\u00bb0.3&Prime; shape_divider_position=\u00a0\u00bbbottom\u00a0\u00bb][vc_column column_padding=\u00a0\u00bbno-extra-padding\u00a0\u00bb column_padding_position=\u00a0\u00bball\u00a0\u00bb background_color_opacity=\u00a0\u00bb1&Prime; background_hover_color_opacity=\u00a0\u00bb1&Prime; column_shadow=\u00a0\u00bbnone\u00a0\u00bb column_border_radius=\u00a0\u00bbnone\u00a0\u00bb width=\u00a0\u00bb1\/1&Prime; tablet_text_alignment=\u00a0\u00bbdefault\u00a0\u00bb phone_text_alignment=\u00a0\u00bbdefault\u00a0\u00bb column_border_width=\u00a0\u00bbnone\u00a0\u00bb column_border_style=\u00a0\u00bbsolid\u00a0\u00bb][vc_custom_heading text=\u00a0\u00bbLa personnalisation des casiers pour un rendu unique\u00a0\u00bb use_theme_fonts=\u00a0\u00bbyes\u00a0\u00bb][vc_column_text]S\u2019offrir <a href=\"https:\/\/lecasierfrancais.es\/index.php\/personnalisation-casier-francais\/\" target=\"_blank\" rel=\"noopener\">un service de personnalisation<\/a>, c\u2019est se donner les moyens de <strong>se d\u00e9marquer<\/strong> et d\u2019avoir une enseigne qui vous ressemble et proche de l\u2019activit\u00e9 que vous repr\u00e9sentez (boucherie, boulangerie, enseigne multi producteurs, traiteur, restauration collective\u2026). C\u2019est aussi l\u2019occasion de <strong>v\u00e9hiculer vos valeurs<\/strong> (savoir-faire artisanal, produits locaux\u2026) ou de mettre en avant <strong>des arguments de vente<\/strong> (prix des artisans, vari\u00e9t\u00e9s des produits\u2026).[\/vc_column_text][\/vc_column][\/vc_row][vc_row type=\u00a0\u00bbin_container\u00a0\u00bb full_screen_row_position=\u00a0\u00bbmiddle\u00a0\u00bb scene_position=\u00a0\u00bbcenter\u00a0\u00bb text_color=\u00a0\u00bbdark\u00a0\u00bb text_align=\u00a0\u00bbleft\u00a0\u00bb overlay_strength=\u00a0\u00bb0.3&Prime; shape_divider_position=\u00a0\u00bbbottom\u00a0\u00bb][vc_column column_padding=\u00a0\u00bbno-extra-padding\u00a0\u00bb column_padding_position=\u00a0\u00bball\u00a0\u00bb background_color_opacity=\u00a0\u00bb1&Prime; background_hover_color_opacity=\u00a0\u00bb1&Prime; column_shadow=\u00a0\u00bbnone\u00a0\u00bb column_border_radius=\u00a0\u00bbnone\u00a0\u00bb width=\u00a0\u00bb1\/1&Prime; tablet_text_alignment=\u00a0\u00bbdefault\u00a0\u00bb phone_text_alignment=\u00a0\u00bbdefault\u00a0\u00bb column_border_width=\u00a0\u00bbnone\u00a0\u00bb column_border_style=\u00a0\u00bbsolid\u00a0\u00bb]<div class=\"img-with-aniamtion-wrap \" data-max-width=\"100%\" data-border-radius=\"none\"><div class=\"inner\"><img decoding=\"async\" data-shadow=\"none\" data-shadow-direction=\"middle\" class=\"img-with-animation \" data-delay=\"0\" height=\"963\" width=\"2000\" data-animation=\"fade-in\" src=\"https:\/\/lecasierfrancais.es\/wp-content\/uploads\/2024\/02\/mise-en-situation-boulangerie-scaled.jpg\" srcset=\"https:\/\/lecasierfrancais.es\/wp-content\/uploads\/2024\/02\/mise-en-situation-boulangerie-scaled.jpg 2000w, https:\/\/lecasierfrancais.es\/wp-content\/uploads\/2024\/02\/mise-en-situation-boulangerie-300x144.jpg 300w, https:\/\/lecasierfrancais.es\/wp-content\/uploads\/2024\/02\/mise-en-situation-boulangerie-1024x493.jpg 1024w, https:\/\/lecasierfrancais.es\/wp-content\/uploads\/2024\/02\/mise-en-situation-boulangerie-768x370.jpg 768w, https:\/\/lecasierfrancais.es\/wp-content\/uploads\/2024\/02\/mise-en-situation-boulangerie-1536x739.jpg 1536w, https:\/\/lecasierfrancais.es\/wp-content\/uploads\/2024\/02\/mise-en-situation-boulangerie-2048x985.jpg 2048w\" sizes=\"100vw\" alt=\"Enseigne personnalis\u00e9e de casiers boulangerie\" \/><\/div><\/div>[\/vc_column][\/vc_row][vc_row type=\u00a0\u00bbin_container\u00a0\u00bb full_screen_row_position=\u00a0\u00bbmiddle\u00a0\u00bb scene_position=\u00a0\u00bbcenter\u00a0\u00bb text_color=\u00a0\u00bbdark\u00a0\u00bb text_align=\u00a0\u00bbleft\u00a0\u00bb overlay_strength=\u00a0\u00bb0.3&Prime; shape_divider_position=\u00a0\u00bbbottom\u00a0\u00bb][vc_column column_padding=\u00a0\u00bbno-extra-padding\u00a0\u00bb column_padding_position=\u00a0\u00bball\u00a0\u00bb background_color_opacity=\u00a0\u00bb1&Prime; background_hover_color_opacity=\u00a0\u00bb1&Prime; column_shadow=\u00a0\u00bbnone\u00a0\u00bb column_border_radius=\u00a0\u00bbnone\u00a0\u00bb width=\u00a0\u00bb1\/1&Prime; tablet_text_alignment=\u00a0\u00bbdefault\u00a0\u00bb phone_text_alignment=\u00a0\u00bbdefault\u00a0\u00bb column_border_width=\u00a0\u00bbnone\u00a0\u00bb column_border_style=\u00a0\u00bbsolid\u00a0\u00bb][vc_custom_heading text=\u00a0\u00bbDe nombreux clients satisfaits par leur personnalisation de casiers\u00a0\u00bb use_theme_fonts=\u00a0\u00bbyes\u00a0\u00bb][vc_column_text]Ils sont d\u00e9j\u00e0 <a href=\"https:\/\/lecasierfrancais.es\/index.php\/2023\/04\/27\/ouvertures\/\" target=\"_blank\" rel=\"noopener\"><strong>plus de 200 clients<\/strong><\/a> \u00e0 avoir command\u00e9 leurs bandeaux de personnalisation de casier avec Le Casier Fran\u00e7ais. Qu\u2019ils soient mara\u00eechers, bouchers, boulangers, enseigne multi producteurs et m\u00eame universit\u00e9s pour proposer des repas aux \u00e9tudiants\u2026 Ils ont tous opt\u00e9 pour une enseigne de casier unique et personnalis\u00e9e.[\/vc_column_text][\/vc_column][\/vc_row][vc_row type=\u00a0\u00bbin_container\u00a0\u00bb full_screen_row_position=\u00a0\u00bbmiddle\u00a0\u00bb scene_position=\u00a0\u00bbcenter\u00a0\u00bb text_color=\u00a0\u00bbdark\u00a0\u00bb text_align=\u00a0\u00bbleft\u00a0\u00bb overlay_strength=\u00a0\u00bb0.3&Prime; shape_divider_position=\u00a0\u00bbbottom\u00a0\u00bb][vc_column column_padding=\u00a0\u00bbno-extra-padding\u00a0\u00bb column_padding_position=\u00a0\u00bball\u00a0\u00bb background_color_opacity=\u00a0\u00bb1&Prime; background_hover_color_opacity=\u00a0\u00bb1&Prime; column_shadow=\u00a0\u00bbnone\u00a0\u00bb column_border_radius=\u00a0\u00bbnone\u00a0\u00bb width=\u00a0\u00bb1\/1&Prime; tablet_text_alignment=\u00a0\u00bbdefault\u00a0\u00bb phone_text_alignment=\u00a0\u00bbdefault\u00a0\u00bb column_border_width=\u00a0\u00bbnone\u00a0\u00bb column_border_style=\u00a0\u00bbsolid\u00a0\u00bb][vc_custom_heading text=\u00a0\u00bbInt\u00e9ress\u00e9s par notre service de personnalisation des casiers ?\u00a0\u00bb use_theme_fonts=\u00a0\u00bbyes\u00a0\u00bb][vc_column_text]Si vous avez envie de cr\u00e9er l\u2019identit\u00e9 visuelle de vos casiers, n\u2019h\u00e9sitez pas \u00e0 prendre contact avec nous. Et pour toute demande de <strong>devis<\/strong> pour installer vos casiers et demander nos prestations de personnalisation des casiers, vous pouvez <a href=\"https:\/\/lecasierfrancais.es\/index.php\/contact-le-casier-francais\/\" target=\"_blank\" rel=\"noopener\">contacter Laetitia<\/a>, notre assistante commerciale, au 03 20 96 76 02.[\/vc_column_text][\/vc_column][\/vc_row][vc_row type=\u00a0\u00bbin_container\u00a0\u00bb full_screen_row_position=\u00a0\u00bbmiddle\u00a0\u00bb scene_position=\u00a0\u00bbcenter\u00a0\u00bb text_color=\u00a0\u00bbdark\u00a0\u00bb text_align=\u00a0\u00bbleft\u00a0\u00bb overlay_strength=\u00a0\u00bb0.3&Prime; shape_divider_position=\u00a0\u00bbbottom\u00a0\u00bb][vc_column column_padding=\u00a0\u00bbno-extra-padding\u00a0\u00bb column_padding_position=\u00a0\u00bball\u00a0\u00bb background_color_opacity=\u00a0\u00bb1&Prime; background_hover_color_opacity=\u00a0\u00bb1&Prime; column_shadow=\u00a0\u00bbnone\u00a0\u00bb column_border_radius=\u00a0\u00bbnone\u00a0\u00bb width=\u00a0\u00bb1\/1&Prime; tablet_text_alignment=\u00a0\u00bbdefault\u00a0\u00bb phone_text_alignment=\u00a0\u00bbdefault\u00a0\u00bb column_border_width=\u00a0\u00bbnone\u00a0\u00bb column_border_style=\u00a0\u00bbsolid\u00a0\u00bb]<div class=\"nectar-social  hide-share-count items_2\"><a class='facebook-share nectar-sharing' href='#' title='Partager ceci'> <i class='fa fa-facebook'><\/i> <span class='count'><\/span><\/a><a class='linkedin-share nectar-sharing' href='#' title='Partager ceci'> <i class='fa fa-linkedin'><\/i> <span class='count'><\/span><\/a><\/div>[\/vc_column][\/vc_row]\n","protected":false},"excerpt":{"rendered":"<p>[vc_row type=\u00a0\u00bbin_container\u00a0\u00bb full_screen_row_position=\u00a0\u00bbmiddle\u00a0\u00bb scene_position=\u00a0\u00bbcenter\u00a0\u00bb text_color=\u00a0\u00bbdark\u00a0\u00bb text_align=\u00a0\u00bbleft\u00a0\u00bb overlay_strength=\u00a0\u00bb0.3&Prime; shape_divider_position=\u00a0\u00bbbottom\u00a0\u00bb][vc_column column_padding=\u00a0\u00bbno-extra-padding\u00a0\u00bb column_padding_position=\u00a0\u00bball\u00a0\u00bb background_color_opacity=\u00a0\u00bb1&Prime; background_hover_color_opacity=\u00a0\u00bb1&Prime; column_shadow=\u00a0\u00bbnone\u00a0\u00bb column_border_radius=\u00a0\u00bbnone\u00a0\u00bb width=\u00a0\u00bb1\/1&Prime;&#8230;<\/p>\n","protected":false},"author":8,"featured_media":10457,"comment_status":"open","ping_status":"open","sticky":false,"template":"","format":"standard","meta":{"footnotes":""},"categories":[578],"tags":[588,584,453,560,570,587,418,582,581,580,586,421,567,585,579,583,589],"class_list":{"0":"post-10435","1":"post","2":"type-post","3":"status-publish","4":"format-standard","5":"has-post-thumbnail","7":"category-nos-services","8":"tag-bandeau-visuel","9":"tag-canal-de-distribution","10":"tag-casier-automatique","11":"tag-casiers-connectes","12":"tag-casiers-distributeurs","13":"tag-creation","14":"tag-distributeur-automatique","15":"tag-graphiste","16":"tag-identite-visuelle","17":"tag-image-de-marque","18":"tag-innovation","19":"tag-le-casier-francais","20":"tag-libre-service","21":"tag-mode-de-vente","22":"tag-personnalisation","23":"tag-service","24":"tag-signaletique"},"yoast_head":"<!-- This site is optimized with the Yoast SEO Premium plugin v26.1 (Yoast SEO v26.1.1) - https:\/\/yoast.com\/wordpress\/plugins\/seo\/ -->\n<title>PERSONNALISATION DES CASIERS CONNECT\u00c9S, au service de votre identit\u00e9 visuelle \ud83d\udc41\ufe0f - Le Casier Fran\u00e7ais<\/title>\n<meta name=\"description\" content=\"Donner de la visibilit\u00e9 \u00e0 vos distributeurs avec la personnalisation des casiers connect\u00e9s. Notre graphiste en interne se charge de votre signal\u00e9tique\" \/>\n<meta name=\"robots\" content=\"index, follow, max-snippet:-1, max-image-preview:large, max-video-preview:-1\" \/>\n<link rel=\"canonical\" href=\"https:\/\/lecasierfrancais.es\/index.php\/2024\/02\/13\/personnalisation-des-casiers\/\" \/>\n<meta property=\"og:locale\" content=\"fr_FR\" \/>\n<meta property=\"og:type\" content=\"article\" \/>\n<meta property=\"og:title\" content=\"PERSONNALISATION DES CASIERS CONNECT\u00c9S, au service de votre identit\u00e9 visuelle \ud83d\udc41\ufe0f\" \/>\n<meta property=\"og:description\" content=\"Donner de la visibilit\u00e9 \u00e0 vos distributeurs avec la personnalisation des casiers connect\u00e9s. Notre graphiste en interne se charge de votre signal\u00e9tique\" \/>\n<meta property=\"og:url\" content=\"https:\/\/lecasierfrancais.es\/index.php\/2024\/02\/13\/personnalisation-des-casiers\/\" \/>\n<meta property=\"og:site_name\" content=\"Le Casier Fran\u00e7ais\" \/>\n<meta property=\"article:publisher\" content=\"https:\/\/www.facebook.com\/lecasierfrancais\/\" \/>\n<meta property=\"article:published_time\" content=\"2024-02-13T09:27:49+00:00\" \/>\n<meta property=\"article:modified_time\" content=\"2024-06-04T14:15:39+00:00\" \/>\n<meta property=\"og:image\" content=\"https:\/\/lecasierfrancais.es\/wp-content\/uploads\/2024\/02\/mise-en-situation-boucherie.jpg\" \/>\n\t<meta property=\"og:image:width\" content=\"1233\" \/>\n\t<meta property=\"og:image:height\" content=\"811\" \/>\n\t<meta property=\"og:image:type\" content=\"image\/jpeg\" \/>\n<meta name=\"author\" content=\"Le Casier Francais\" \/>\n<meta name=\"twitter:card\" content=\"summary_large_image\" \/>\n<meta name=\"twitter:label1\" content=\"\u00c9crit par\" \/>\n\t<meta name=\"twitter:data1\" content=\"Le Casier Francais\" \/>\n\t<meta name=\"twitter:label2\" content=\"Dur\u00e9e de lecture estim\u00e9e\" \/>\n\t<meta name=\"twitter:data2\" content=\"10 minutes\" \/>\n<script type=\"application\/ld+json\" class=\"yoast-schema-graph\">{\"@context\":\"https:\/\/schema.org\",\"@graph\":[{\"@type\":\"WebPage\",\"@id\":\"https:\/\/lecasierfrancais.es\/index.php\/2024\/02\/13\/personnalisation-des-casiers\/\",\"url\":\"https:\/\/lecasierfrancais.es\/index.php\/2024\/02\/13\/personnalisation-des-casiers\/\",\"name\":\"PERSONNALISATION DES CASIERS CONNECT\u00c9S, au service de votre identit\u00e9 visuelle \ud83d\udc41\ufe0f - Le Casier Fran\u00e7ais\",\"isPartOf\":{\"@id\":\"https:\/\/lecasierfrancais.es\/#website\"},\"primaryImageOfPage\":{\"@id\":\"https:\/\/lecasierfrancais.es\/index.php\/2024\/02\/13\/personnalisation-des-casiers\/#primaryimage\"},\"image\":{\"@id\":\"https:\/\/lecasierfrancais.es\/index.php\/2024\/02\/13\/personnalisation-des-casiers\/#primaryimage\"},\"thumbnailUrl\":\"https:\/\/lecasierfrancais.es\/wp-content\/uploads\/2024\/02\/mise-en-situation-boucherie.jpg\",\"datePublished\":\"2024-02-13T09:27:49+00:00\",\"dateModified\":\"2024-06-04T14:15:39+00:00\",\"author\":{\"@id\":\"https:\/\/lecasierfrancais.es\/#\/schema\/person\/ac95c6138096844c56f2c49f81730a7a\"},\"description\":\"Donner de la visibilit\u00e9 \u00e0 vos distributeurs avec la personnalisation des casiers connect\u00e9s. Notre graphiste en interne se charge de votre signal\u00e9tique\",\"breadcrumb\":{\"@id\":\"https:\/\/lecasierfrancais.es\/index.php\/2024\/02\/13\/personnalisation-des-casiers\/#breadcrumb\"},\"inLanguage\":\"fr-FR\",\"potentialAction\":[{\"@type\":\"ReadAction\",\"target\":[\"https:\/\/lecasierfrancais.es\/index.php\/2024\/02\/13\/personnalisation-des-casiers\/\"]}]},{\"@type\":\"ImageObject\",\"inLanguage\":\"fr-FR\",\"@id\":\"https:\/\/lecasierfrancais.es\/index.php\/2024\/02\/13\/personnalisation-des-casiers\/#primaryimage\",\"url\":\"https:\/\/lecasierfrancais.es\/wp-content\/uploads\/2024\/02\/mise-en-situation-boucherie.jpg\",\"contentUrl\":\"https:\/\/lecasierfrancais.es\/wp-content\/uploads\/2024\/02\/mise-en-situation-boucherie.jpg\",\"width\":1233,\"height\":811,\"caption\":\"Bandeau personnalis\u00e9 boucherie\"},{\"@type\":\"BreadcrumbList\",\"@id\":\"https:\/\/lecasierfrancais.es\/index.php\/2024\/02\/13\/personnalisation-des-casiers\/#breadcrumb\",\"itemListElement\":[{\"@type\":\"ListItem\",\"position\":1,\"name\":\"Accueil\",\"item\":\"https:\/\/lecasierfrancais.es\/\"},{\"@type\":\"ListItem\",\"position\":2,\"name\":\"PERSONNALISATION DES CASIERS CONNECT\u00c9S, au service de votre identit\u00e9 visuelle \ud83d\udc41\ufe0f\"}]},{\"@type\":\"WebSite\",\"@id\":\"https:\/\/lecasierfrancais.es\/#website\",\"url\":\"https:\/\/lecasierfrancais.es\/\",\"name\":\"Le Casier Fran\u00e7ais\",\"description\":\"\",\"potentialAction\":[{\"@type\":\"SearchAction\",\"target\":{\"@type\":\"EntryPoint\",\"urlTemplate\":\"https:\/\/lecasierfrancais.es\/?s={search_term_string}\"},\"query-input\":{\"@type\":\"PropertyValueSpecification\",\"valueRequired\":true,\"valueName\":\"search_term_string\"}}],\"inLanguage\":\"fr-FR\"},{\"@type\":\"Person\",\"@id\":\"https:\/\/lecasierfrancais.es\/#\/schema\/person\/ac95c6138096844c56f2c49f81730a7a\",\"name\":\"Le Casier Francais\",\"image\":{\"@type\":\"ImageObject\",\"inLanguage\":\"fr-FR\",\"@id\":\"https:\/\/lecasierfrancais.es\/#\/schema\/person\/image\/\",\"url\":\"https:\/\/secure.gravatar.com\/avatar\/f29776dfd97a4c78aee2ab31cb63a0f4097b8cc071a068daac2d914eb26fbbd4?s=96&d=mm&r=g\",\"contentUrl\":\"https:\/\/secure.gravatar.com\/avatar\/f29776dfd97a4c78aee2ab31cb63a0f4097b8cc071a068daac2d914eb26fbbd4?s=96&d=mm&r=g\",\"caption\":\"Le Casier Francais\"},\"url\":\"https:\/\/lecasierfrancais.es\/index.php\/author\/le-casier-francais\/\"}]}<\/script>\n<!-- \/ Yoast SEO Premium plugin. -->","yoast_head_json":{"title":"PERSONNALISATION DES CASIERS CONNECT\u00c9S, au service de votre identit\u00e9 visuelle \ud83d\udc41\ufe0f - Le Casier Fran\u00e7ais","description":"Donner de la visibilit\u00e9 \u00e0 vos distributeurs avec la personnalisation des casiers connect\u00e9s. Notre graphiste en interne se charge de votre signal\u00e9tique","robots":{"index":"index","follow":"follow","max-snippet":"max-snippet:-1","max-image-preview":"max-image-preview:large","max-video-preview":"max-video-preview:-1"},"canonical":"https:\/\/lecasierfrancais.es\/index.php\/2024\/02\/13\/personnalisation-des-casiers\/","og_locale":"fr_FR","og_type":"article","og_title":"PERSONNALISATION DES CASIERS CONNECT\u00c9S, au service de votre identit\u00e9 visuelle \ud83d\udc41\ufe0f","og_description":"Donner de la visibilit\u00e9 \u00e0 vos distributeurs avec la personnalisation des casiers connect\u00e9s. Notre graphiste en interne se charge de votre signal\u00e9tique","og_url":"https:\/\/lecasierfrancais.es\/index.php\/2024\/02\/13\/personnalisation-des-casiers\/","og_site_name":"Le Casier Fran\u00e7ais","article_publisher":"https:\/\/www.facebook.com\/lecasierfrancais\/","article_published_time":"2024-02-13T09:27:49+00:00","article_modified_time":"2024-06-04T14:15:39+00:00","og_image":[{"width":1233,"height":811,"url":"https:\/\/lecasierfrancais.es\/wp-content\/uploads\/2024\/02\/mise-en-situation-boucherie.jpg","type":"image\/jpeg"}],"author":"Le Casier Francais","twitter_card":"summary_large_image","twitter_misc":{"\u00c9crit par":"Le Casier Francais","Dur\u00e9e de lecture estim\u00e9e":"10 minutes"},"schema":{"@context":"https:\/\/schema.org","@graph":[{"@type":"WebPage","@id":"https:\/\/lecasierfrancais.es\/index.php\/2024\/02\/13\/personnalisation-des-casiers\/","url":"https:\/\/lecasierfrancais.es\/index.php\/2024\/02\/13\/personnalisation-des-casiers\/","name":"PERSONNALISATION DES CASIERS CONNECT\u00c9S, au service de votre identit\u00e9 visuelle \ud83d\udc41\ufe0f - Le Casier Fran\u00e7ais","isPartOf":{"@id":"https:\/\/lecasierfrancais.es\/#website"},"primaryImageOfPage":{"@id":"https:\/\/lecasierfrancais.es\/index.php\/2024\/02\/13\/personnalisation-des-casiers\/#primaryimage"},"image":{"@id":"https:\/\/lecasierfrancais.es\/index.php\/2024\/02\/13\/personnalisation-des-casiers\/#primaryimage"},"thumbnailUrl":"https:\/\/lecasierfrancais.es\/wp-content\/uploads\/2024\/02\/mise-en-situation-boucherie.jpg","datePublished":"2024-02-13T09:27:49+00:00","dateModified":"2024-06-04T14:15:39+00:00","author":{"@id":"https:\/\/lecasierfrancais.es\/#\/schema\/person\/ac95c6138096844c56f2c49f81730a7a"},"description":"Donner de la visibilit\u00e9 \u00e0 vos distributeurs avec la personnalisation des casiers connect\u00e9s. Notre graphiste en interne se charge de votre signal\u00e9tique","breadcrumb":{"@id":"https:\/\/lecasierfrancais.es\/index.php\/2024\/02\/13\/personnalisation-des-casiers\/#breadcrumb"},"inLanguage":"fr-FR","potentialAction":[{"@type":"ReadAction","target":["https:\/\/lecasierfrancais.es\/index.php\/2024\/02\/13\/personnalisation-des-casiers\/"]}]},{"@type":"ImageObject","inLanguage":"fr-FR","@id":"https:\/\/lecasierfrancais.es\/index.php\/2024\/02\/13\/personnalisation-des-casiers\/#primaryimage","url":"https:\/\/lecasierfrancais.es\/wp-content\/uploads\/2024\/02\/mise-en-situation-boucherie.jpg","contentUrl":"https:\/\/lecasierfrancais.es\/wp-content\/uploads\/2024\/02\/mise-en-situation-boucherie.jpg","width":1233,"height":811,"caption":"Bandeau personnalis\u00e9 boucherie"},{"@type":"BreadcrumbList","@id":"https:\/\/lecasierfrancais.es\/index.php\/2024\/02\/13\/personnalisation-des-casiers\/#breadcrumb","itemListElement":[{"@type":"ListItem","position":1,"name":"Accueil","item":"https:\/\/lecasierfrancais.es\/"},{"@type":"ListItem","position":2,"name":"PERSONNALISATION DES CASIERS CONNECT\u00c9S, au service de votre identit\u00e9 visuelle \ud83d\udc41\ufe0f"}]},{"@type":"WebSite","@id":"https:\/\/lecasierfrancais.es\/#website","url":"https:\/\/lecasierfrancais.es\/","name":"Le Casier Fran\u00e7ais","description":"","potentialAction":[{"@type":"SearchAction","target":{"@type":"EntryPoint","urlTemplate":"https:\/\/lecasierfrancais.es\/?s={search_term_string}"},"query-input":{"@type":"PropertyValueSpecification","valueRequired":true,"valueName":"search_term_string"}}],"inLanguage":"fr-FR"},{"@type":"Person","@id":"https:\/\/lecasierfrancais.es\/#\/schema\/person\/ac95c6138096844c56f2c49f81730a7a","name":"Le Casier Francais","image":{"@type":"ImageObject","inLanguage":"fr-FR","@id":"https:\/\/lecasierfrancais.es\/#\/schema\/person\/image\/","url":"https:\/\/secure.gravatar.com\/avatar\/f29776dfd97a4c78aee2ab31cb63a0f4097b8cc071a068daac2d914eb26fbbd4?s=96&d=mm&r=g","contentUrl":"https:\/\/secure.gravatar.com\/avatar\/f29776dfd97a4c78aee2ab31cb63a0f4097b8cc071a068daac2d914eb26fbbd4?s=96&d=mm&r=g","caption":"Le Casier Francais"},"url":"https:\/\/lecasierfrancais.es\/index.php\/author\/le-casier-francais\/"}]}},"_links":{"self":[{"href":"https:\/\/lecasierfrancais.es\/index.php\/wp-json\/wp\/v2\/posts\/10435","targetHints":{"allow":["GET"]}}],"collection":[{"href":"https:\/\/lecasierfrancais.es\/index.php\/wp-json\/wp\/v2\/posts"}],"about":[{"href":"https:\/\/lecasierfrancais.es\/index.php\/wp-json\/wp\/v2\/types\/post"}],"author":[{"embeddable":true,"href":"https:\/\/lecasierfrancais.es\/index.php\/wp-json\/wp\/v2\/users\/8"}],"replies":[{"embeddable":true,"href":"https:\/\/lecasierfrancais.es\/index.php\/wp-json\/wp\/v2\/comments?post=10435"}],"version-history":[{"count":17,"href":"https:\/\/lecasierfrancais.es\/index.php\/wp-json\/wp\/v2\/posts\/10435\/revisions"}],"predecessor-version":[{"id":10464,"href":"https:\/\/lecasierfrancais.es\/index.php\/wp-json\/wp\/v2\/posts\/10435\/revisions\/10464"}],"wp:featuredmedia":[{"embeddable":true,"href":"https:\/\/lecasierfrancais.es\/index.php\/wp-json\/wp\/v2\/media\/10457"}],"wp:attachment":[{"href":"https:\/\/lecasierfrancais.es\/index.php\/wp-json\/wp\/v2\/media?parent=10435"}],"wp:term":[{"taxonomy":"category","embeddable":true,"href":"https:\/\/lecasierfrancais.es\/index.php\/wp-json\/wp\/v2\/categories?post=10435"},{"taxonomy":"post_tag","embeddable":true,"href":"https:\/\/lecasierfrancais.es\/index.php\/wp-json\/wp\/v2\/tags?post=10435"}],"curies":[{"name":"wp","href":"https:\/\/api.w.org\/{rel}","templated":true}]}}