{"id":10546,"date":"2024-03-26T10:30:46","date_gmt":"2024-03-26T09:30:46","guid":{"rendered":"https:\/\/lecasierfrancais.fr\/?p=10546"},"modified":"2024-09-18T10:25:51","modified_gmt":"2024-09-18T08:25:51","slug":"portrait-casiers-traiteur-maison-davaine","status":"publish","type":"post","link":"https:\/\/lecasierfrancais.es\/index.php\/2024\/03\/26\/portrait-casiers-traiteur-maison-davaine\/","title":{"rendered":"[PORTRAIT] Un succ\u00e8s imm\u00e9diat pour les casiers traiteur de plats pr\u00e9par\u00e9s Maison Davaine \ud83c\udf72"},"content":{"rendered":"<p><em>Rendez-vous dans le Nord de la France pour ce nouveau portrait avec David Davaine, traiteur depuis 30 ans. Il a ouvert ses casiers en 2021 en proposant des plats cuisin\u00e9s. Ils ont connu un succ\u00e8s fulgurant. Retour sur son parcours avec ses casiers traiteur.<\/em><\/p>\n<h3 style=\"text-align: center;\"><img decoding=\"async\" class=\"alignnone size-medium wp-image-10548\" src=\"https:\/\/lecasierfrancais.es\/wp-content\/uploads\/2024\/03\/432016066_899628481953419_7835511960031855825_n-300x180.jpg\" alt=\"Casiers Davaine\" width=\"300\" height=\"180\" srcset=\"https:\/\/lecasierfrancais.es\/wp-content\/uploads\/2024\/03\/432016066_899628481953419_7835511960031855825_n-300x180.jpg 300w, https:\/\/lecasierfrancais.es\/wp-content\/uploads\/2024\/03\/432016066_899628481953419_7835511960031855825_n-1024x616.jpg 1024w, https:\/\/lecasierfrancais.es\/wp-content\/uploads\/2024\/03\/432016066_899628481953419_7835511960031855825_n-768x462.jpg 768w, https:\/\/lecasierfrancais.es\/wp-content\/uploads\/2024\/03\/432016066_899628481953419_7835511960031855825_n.jpg 1284w\" sizes=\"(max-width: 300px) 100vw, 300px\" \/><\/h3>\n<h3 style=\"text-align: left;\">Le casier traiteur pour sauver son activit\u00e9 du COVID<\/h3>\n<p><a href=\"https:\/\/www.davaine-traiteur.com\/\" target=\"_blank\" rel=\"noopener\">Maison Davaine<\/a> est un magasin traiteur depuis 30 ans, sp\u00e9cialiste de buffets, plateaux repas et repas de cocktails avec toujours l&rsquo;amour du produit et un savoir-faire unique. Pendant le COVID, une grande partie de son activit\u00e9 s&rsquo;arr\u00eate nette car les r\u00e9ceptions ne sont plus autoris\u00e9es. David Davaine pense alors au <strong><a href=\"https:\/\/lecasierfrancais.es\/\" target=\"_blank\" rel=\"noopener\">Casier Fran\u00e7ais<\/a> pour rebondir<\/strong> et continuer \u00e0 faire du chiffre d&rsquo;affaires. Il installe pour commencer un distributeur \u00e0 Dechy, histoire de voir si la client\u00e8le est r\u00e9ceptive. <em>\u00ab\u00a0Le magasin a \u00e9t\u00e9 install\u00e9 \u00e0 14h et, \u00e0 18h, il n&rsquo;y avait d\u00e9j\u00e0 plus rien dans les casiers\u00a0\u00bb<\/em>, se souvient notre traiteur. C&rsquo;est un succ\u00e8s imm\u00e9diat !<\/p>\n<h3>+ de 200 casiers traiteur aujourd&rsquo;hui pour une activit\u00e9 florissante<\/h3>\n<p>Aujourd&rsquo;hui, il a ouvert <strong>un second point de vente<\/strong> \u00e0 Roost-Warendin qui fonctionne aussi bien que le premier et a plus de 200 casiers en tout pour vendre ses plats cuisin\u00e9s, tous aliment\u00e9s par leur laboratoire de production. <em>\u00ab\u00a0Dans notre malheur, on n&rsquo;avait plus d&rsquo;activit\u00e9 mais on avait tous les \u00e9quipements et la main-d&rsquo;\u0153uvre pour travailler. Du coup, l&rsquo;installation a \u00e9t\u00e9 facile et le lancement efficace.\u00a0\u00bb<\/em>, nous explique t&rsquo;il. Avec <strong>une offre vari\u00e9e<\/strong> qui se renouvelle sans cesse (2 plats du jour par jour), il s\u00e9duit les palais des habitants autour.<\/p>\n<h3>\u00ab\u00a0C&rsquo;est tellement simple d&rsquo;utilisation !\u00a0\u00bb<\/h3>\n<p>Quand ses premiers casiers traiteur sont install\u00e9s, David est ravi de son \u00e9quipement : <strong>tr\u00e8s facile \u00e0 prendre en main, tr\u00e8s fiable<\/strong> et il nous confie ne jamais avoir rencontr\u00e9 de probl\u00e8me avec ses machines. <em>\u00ab\u00a0Le quotidien de l&rsquo;activit\u00e9 par casiers est tr\u00e8s simple : on remplit et le job est fait !\u00a0\u00bb.<\/em> Pour l&rsquo;artisan, son produit se vend comme des petits pains et il n&rsquo;a m\u00eame pas besoin d&rsquo;analyser ses ventes avec notre <a href=\"https:\/\/lecasierfrancais.es\/index.php\/nos-solutions-modulables\/#Gestion\" target=\"_blank\" rel=\"noopener\">logiciel de gestion :<\/a> la client\u00e8le est toujours au rendez-vous.<\/p>\n<p style=\"text-align: center;\"><img decoding=\"async\" class=\"alignnone size-medium wp-image-10549 aligncenter\" src=\"https:\/\/lecasierfrancais.es\/wp-content\/uploads\/2024\/03\/B9728482608Z.1_20211004174728_000G0DJ2N826.1-0-300x168.jpg\" alt=\"David Davaine\" width=\"300\" height=\"168\" srcset=\"https:\/\/lecasierfrancais.es\/wp-content\/uploads\/2024\/03\/B9728482608Z.1_20211004174728_000G0DJ2N826.1-0-300x168.jpg 300w, https:\/\/lecasierfrancais.es\/wp-content\/uploads\/2024\/03\/B9728482608Z.1_20211004174728_000G0DJ2N826.1-0-768x431.jpg 768w, https:\/\/lecasierfrancais.es\/wp-content\/uploads\/2024\/03\/B9728482608Z.1_20211004174728_000G0DJ2N826.1-0.jpg 800w\" sizes=\"(max-width: 300px) 100vw, 300px\" \/><span style=\"font-size: 8pt;\">Cr\u00e9dit photo : La Voix du Nord<\/span><\/p>\n<h3>Les casiers traiteur ont beaucoup d&rsquo;avantages pour son business<\/h3>\n<p>\u00c0 fin du COVID, <a href=\"https:\/\/www.facebook.com\/profile.php?id=100057188270801\" target=\"_blank\" rel=\"noopener\">David Davaine<\/a> reprend son activit\u00e9 principale mais n&rsquo;arr\u00eate pas pour autant la vente de ses plats cuisin\u00e9s qui lui rapportent, <strong>environ 20% de chiffre d&rsquo;affaires en plus.<\/strong> \u00ab\u00a0<em>Selon moi, le c\u00f4t\u00e9 autonome du point de vente et sans personnel permet de pouvoir en ouvrir plusieurs et de faire rouler le commerce comme cela.\u00a0\u00bb<\/em> Forc\u00e9ment, la vente par casiers a augment\u00e9 son volume de production mais gr\u00e2ce \u00e0 un grand laboratoire de production de plus de 1000m2, l&rsquo;\u00e9quipe de Maison Davaine n&rsquo;a jamais rencontr\u00e9 de difficult\u00e9.<em> \u00ab\u00a0Je suis tellement conquis par les casiers que je suis le premier \u00e0 les recommander en tant que canal de vente. D&rsquo;ailleurs, ma fille a, elle-m\u00eame, aussi ouvert <a href=\"https:\/\/www.instagram.com\/apopote.depote\/\" target=\"_blank\" rel=\"noopener\">son activit\u00e9 par casiers<\/a> sur mes conseils !\u00a0\u00bb<\/em><\/p>\n<h3>Une grande libert\u00e9 pour les clients<\/h3>\n<p>C&rsquo;est s\u00fbrement l&rsquo;ingr\u00e9dient magique pour le succ\u00e8s de ses casiers : la libert\u00e9 de pouvoir venir acheter quand on veut\/on peut. Le traiteur estime avoir<strong> touch\u00e9 une nouvelle client\u00e8le :<\/strong> des clients des environs des casiers, pour commencer, et aussi, des clients friands du libre-service. <em>\u00ab\u00a0En tout cas, on constate que la client\u00e8le de notre magasin d&rsquo;origine est toujours l\u00e0. Les horaires 24h\/24 des casiers ont permis l&rsquo;acc\u00e8s aux produits \u00e0 des heures plus tardives et m\u00eame les jours de fermeture.\u00a0\u00bb<\/em><\/p>\n<h3><img decoding=\"async\" class=\"size-medium wp-image-10550 aligncenter\" src=\"https:\/\/lecasierfrancais.es\/wp-content\/uploads\/2024\/03\/241336657_1989803247835443_4547758034655501478_n-151x300.jpg\" alt=\"Plat cuisin\u00e9 Davaine\" width=\"151\" height=\"300\" srcset=\"https:\/\/lecasierfrancais.es\/wp-content\/uploads\/2024\/03\/241336657_1989803247835443_4547758034655501478_n-151x300.jpg 151w, https:\/\/lecasierfrancais.es\/wp-content\/uploads\/2024\/03\/241336657_1989803247835443_4547758034655501478_n.jpg 405w\" sizes=\"(max-width: 151px) 100vw, 151px\" \/><\/h3>\n<h3 style=\"text-align: left;\">&#8230;et un beau compl\u00e9ment d&rsquo;activit\u00e9 pour l&rsquo;artisan !<\/h3>\n<p>Selon notre commer\u00e7ant, la gestion des casiers peut \u00eatre du boulot pour un producteur, un artisan ou un commer\u00e7ant mais quand on est d\u00e9j\u00e0 structur\u00e9 et \u00e9quip\u00e9, <strong>c&rsquo;est fluide et simple.<\/strong><em> \u00ab\u00a0Nous avons adapt\u00e9 notre quotidien. \u00c0 part un peu d&rsquo;organisation, tout s&rsquo;es mis en place tr\u00e8s facilement !\u00a0\u00bb<\/em>. \u00c0 travers nos \u00e9changes, nous sommes ravis de voir que notre casier ait pu \u00eatre profitable \u00e0 ce point \u00e0 son activit\u00e9 et de le voir fier de son commerce innovant. <em>\u00ab\u00a0Je suis le premier \u00e0 parler du Casier Fran\u00e7ais. Beaucoup de gens viennent voir nos installations, je leur en parle avec plaisir !\u00a0\u00bb<\/em><\/p>\n<h3>Et alors, y aura t&rsquo;il encore d&rsquo;autres casiers traiteurs Maison Davaine ?<\/h3>\n<p><em>\u00ab\u00a0Bien s\u00fbr !\u00a0\u00bb<\/em> nous r\u00e9pond t&rsquo;il assur\u00e9. Monsieur Davaine compte continuer de s&rsquo;agrandir et d&rsquo;implanter des points de vente dans le m\u00eame secteur. Il ne luis reste plus qu&rsquo;\u00e0 \u00e9tudier la localisation de fa\u00e7on strat\u00e9gique pour pouvoir<strong> r\u00e9pondre de fa\u00e7on optimale \u00e0 une demande forte<\/strong> sans cannibaliser ses autres commerces. Que pouvons nous lui souhaiter d&rsquo;autre pour la suite puisque le succ\u00e8s est d\u00e9j\u00e0 au rendez-vous ? Que ses bons petits plats r\u00e9galent encore de nombreuses papilles et pour longtemps !<\/p>\n<p>&nbsp;<\/p>\n<p><strong>N&rsquo;h\u00e9sitez pas \u00e0 aller d\u00e9couvrir les casiers du Traiteur Davaine :<\/strong><\/p>\n<p><em>\ud83d\udcccStade Municipal, rue Francisco Ferrer \u00e0 ROOST-WARENDIN<\/em><\/p>\n<p><em>\ud83d\udcccFace \u00e0 la ZAC\u00a0 du LUC \u00e0 DECHY.<\/em><\/p>\n<p>&nbsp;<\/p>\n<p>&nbsp;<\/p>\n<p>&nbsp;<\/p>\n<p>&nbsp;<\/p>\n<p>&nbsp;<\/p>\n<p>&nbsp;<\/p>\n<p>&nbsp;<\/p>\n","protected":false},"excerpt":{"rendered":"<p>Rendez-vous dans le Nord de la France pour ce nouveau portrait avec David Davaine, traiteur&#8230;<\/p>\n","protected":false},"author":8,"featured_media":10549,"comment_status":"open","ping_status":"open","sticky":false,"template":"","format":"standard","meta":{"footnotes":""},"categories":[564],"tags":[453,602,396,560,573,506,421,567,603,445],"class_list":{"0":"post-10546","1":"post","2":"type-post","3":"status-publish","4":"format-standard","5":"has-post-thumbnail","7":"category-portraits-de-producteurs","8":"tag-casier-automatique","9":"tag-casier-refrigere","10":"tag-casiers","11":"tag-casiers-connectes","12":"tag-distributeur-alimentaire","13":"tag-hauts-de-france","14":"tag-le-casier-francais","15":"tag-libre-service","16":"tag-plats-cuisines","17":"tag-traiteur"},"yoast_head":"<!-- This site is optimized with the Yoast SEO Premium plugin v26.1 (Yoast SEO v26.1.1) - https:\/\/yoast.com\/wordpress\/plugins\/seo\/ -->\n<title>[PORTRAIT] Un succ\u00e8s imm\u00e9diat pour les casiers traiteur de plats pr\u00e9par\u00e9s Maison Davaine \ud83c\udf72 - Le Casier Fran\u00e7ais<\/title>\n<meta name=\"description\" content=\"Un traiteur riche de 30 ans d&#039;exp\u00e9rience qui ouvre des casiers traiteur au moment du COVID pour relancer son activit\u00e9. Aujourd&#039;hui, la double activit\u00e9 est florissante\" \/>\n<meta name=\"robots\" content=\"index, follow, max-snippet:-1, max-image-preview:large, max-video-preview:-1\" \/>\n<link rel=\"canonical\" href=\"https:\/\/lecasierfrancais.es\/index.php\/2024\/03\/26\/portrait-casiers-traiteur-maison-davaine\/\" \/>\n<meta property=\"og:locale\" content=\"fr_FR\" \/>\n<meta property=\"og:type\" content=\"article\" \/>\n<meta property=\"og:title\" content=\"[PORTRAIT] Un succ\u00e8s imm\u00e9diat pour les casiers traiteur de plats pr\u00e9par\u00e9s Maison Davaine \ud83c\udf72\" \/>\n<meta property=\"og:description\" content=\"Un traiteur riche de 30 ans d&#039;exp\u00e9rience qui ouvre des casiers traiteur au moment du COVID pour relancer son activit\u00e9. Aujourd&#039;hui, la double activit\u00e9 est florissante\" \/>\n<meta property=\"og:url\" content=\"https:\/\/lecasierfrancais.es\/index.php\/2024\/03\/26\/portrait-casiers-traiteur-maison-davaine\/\" \/>\n<meta property=\"og:site_name\" content=\"Le Casier Fran\u00e7ais\" \/>\n<meta property=\"article:publisher\" content=\"https:\/\/www.facebook.com\/lecasierfrancais\/\" \/>\n<meta property=\"article:published_time\" content=\"2024-03-26T09:30:46+00:00\" \/>\n<meta property=\"article:modified_time\" content=\"2024-09-18T08:25:51+00:00\" \/>\n<meta property=\"og:image\" content=\"https:\/\/lecasierfrancais.es\/wp-content\/uploads\/2024\/03\/B9728482608Z.1_20211004174728_000G0DJ2N826.1-0.jpg\" \/>\n\t<meta property=\"og:image:width\" content=\"800\" \/>\n\t<meta property=\"og:image:height\" content=\"449\" \/>\n\t<meta property=\"og:image:type\" content=\"image\/jpeg\" \/>\n<meta name=\"author\" content=\"Le Casier Francais\" \/>\n<meta name=\"twitter:card\" content=\"summary_large_image\" \/>\n<meta name=\"twitter:label1\" content=\"\u00c9crit par\" \/>\n\t<meta name=\"twitter:data1\" content=\"Le Casier Francais\" \/>\n\t<meta name=\"twitter:label2\" content=\"Dur\u00e9e de lecture estim\u00e9e\" \/>\n\t<meta name=\"twitter:data2\" content=\"5 minutes\" \/>\n<script type=\"application\/ld+json\" class=\"yoast-schema-graph\">{\"@context\":\"https:\/\/schema.org\",\"@graph\":[{\"@type\":\"WebPage\",\"@id\":\"https:\/\/lecasierfrancais.es\/index.php\/2024\/03\/26\/portrait-casiers-traiteur-maison-davaine\/\",\"url\":\"https:\/\/lecasierfrancais.es\/index.php\/2024\/03\/26\/portrait-casiers-traiteur-maison-davaine\/\",\"name\":\"[PORTRAIT] Un succ\u00e8s imm\u00e9diat pour les casiers traiteur de plats pr\u00e9par\u00e9s Maison Davaine \ud83c\udf72 - Le Casier Fran\u00e7ais\",\"isPartOf\":{\"@id\":\"https:\/\/lecasierfrancais.es\/#website\"},\"primaryImageOfPage\":{\"@id\":\"https:\/\/lecasierfrancais.es\/index.php\/2024\/03\/26\/portrait-casiers-traiteur-maison-davaine\/#primaryimage\"},\"image\":{\"@id\":\"https:\/\/lecasierfrancais.es\/index.php\/2024\/03\/26\/portrait-casiers-traiteur-maison-davaine\/#primaryimage\"},\"thumbnailUrl\":\"https:\/\/lecasierfrancais.es\/wp-content\/uploads\/2024\/03\/B9728482608Z.1_20211004174728_000G0DJ2N826.1-0.jpg\",\"datePublished\":\"2024-03-26T09:30:46+00:00\",\"dateModified\":\"2024-09-18T08:25:51+00:00\",\"author\":{\"@id\":\"https:\/\/lecasierfrancais.es\/#\/schema\/person\/ac95c6138096844c56f2c49f81730a7a\"},\"description\":\"Un traiteur riche de 30 ans d'exp\u00e9rience qui ouvre des casiers traiteur au moment du COVID pour relancer son activit\u00e9. Aujourd'hui, la double activit\u00e9 est florissante\",\"breadcrumb\":{\"@id\":\"https:\/\/lecasierfrancais.es\/index.php\/2024\/03\/26\/portrait-casiers-traiteur-maison-davaine\/#breadcrumb\"},\"inLanguage\":\"fr-FR\",\"potentialAction\":[{\"@type\":\"ReadAction\",\"target\":[\"https:\/\/lecasierfrancais.es\/index.php\/2024\/03\/26\/portrait-casiers-traiteur-maison-davaine\/\"]}]},{\"@type\":\"ImageObject\",\"inLanguage\":\"fr-FR\",\"@id\":\"https:\/\/lecasierfrancais.es\/index.php\/2024\/03\/26\/portrait-casiers-traiteur-maison-davaine\/#primaryimage\",\"url\":\"https:\/\/lecasierfrancais.es\/wp-content\/uploads\/2024\/03\/B9728482608Z.1_20211004174728_000G0DJ2N826.1-0.jpg\",\"contentUrl\":\"https:\/\/lecasierfrancais.es\/wp-content\/uploads\/2024\/03\/B9728482608Z.1_20211004174728_000G0DJ2N826.1-0.jpg\",\"width\":800,\"height\":449,\"caption\":\"David Davaine\"},{\"@type\":\"BreadcrumbList\",\"@id\":\"https:\/\/lecasierfrancais.es\/index.php\/2024\/03\/26\/portrait-casiers-traiteur-maison-davaine\/#breadcrumb\",\"itemListElement\":[{\"@type\":\"ListItem\",\"position\":1,\"name\":\"Accueil\",\"item\":\"https:\/\/lecasierfrancais.es\/\"},{\"@type\":\"ListItem\",\"position\":2,\"name\":\"[PORTRAIT] Un succ\u00e8s imm\u00e9diat pour les casiers traiteur de plats pr\u00e9par\u00e9s Maison Davaine \ud83c\udf72\"}]},{\"@type\":\"WebSite\",\"@id\":\"https:\/\/lecasierfrancais.es\/#website\",\"url\":\"https:\/\/lecasierfrancais.es\/\",\"name\":\"Le Casier Fran\u00e7ais\",\"description\":\"\",\"potentialAction\":[{\"@type\":\"SearchAction\",\"target\":{\"@type\":\"EntryPoint\",\"urlTemplate\":\"https:\/\/lecasierfrancais.es\/?s={search_term_string}\"},\"query-input\":{\"@type\":\"PropertyValueSpecification\",\"valueRequired\":true,\"valueName\":\"search_term_string\"}}],\"inLanguage\":\"fr-FR\"},{\"@type\":\"Person\",\"@id\":\"https:\/\/lecasierfrancais.es\/#\/schema\/person\/ac95c6138096844c56f2c49f81730a7a\",\"name\":\"Le Casier Francais\",\"image\":{\"@type\":\"ImageObject\",\"inLanguage\":\"fr-FR\",\"@id\":\"https:\/\/lecasierfrancais.es\/#\/schema\/person\/image\/\",\"url\":\"https:\/\/secure.gravatar.com\/avatar\/f29776dfd97a4c78aee2ab31cb63a0f4097b8cc071a068daac2d914eb26fbbd4?s=96&d=mm&r=g\",\"contentUrl\":\"https:\/\/secure.gravatar.com\/avatar\/f29776dfd97a4c78aee2ab31cb63a0f4097b8cc071a068daac2d914eb26fbbd4?s=96&d=mm&r=g\",\"caption\":\"Le Casier Francais\"},\"url\":\"https:\/\/lecasierfrancais.es\/index.php\/author\/le-casier-francais\/\"}]}<\/script>\n<!-- \/ Yoast SEO Premium plugin. -->","yoast_head_json":{"title":"[PORTRAIT] Un succ\u00e8s imm\u00e9diat pour les casiers traiteur de plats pr\u00e9par\u00e9s Maison Davaine \ud83c\udf72 - Le Casier Fran\u00e7ais","description":"Un traiteur riche de 30 ans d'exp\u00e9rience qui ouvre des casiers traiteur au moment du COVID pour relancer son activit\u00e9. Aujourd'hui, la double activit\u00e9 est florissante","robots":{"index":"index","follow":"follow","max-snippet":"max-snippet:-1","max-image-preview":"max-image-preview:large","max-video-preview":"max-video-preview:-1"},"canonical":"https:\/\/lecasierfrancais.es\/index.php\/2024\/03\/26\/portrait-casiers-traiteur-maison-davaine\/","og_locale":"fr_FR","og_type":"article","og_title":"[PORTRAIT] Un succ\u00e8s imm\u00e9diat pour les casiers traiteur de plats pr\u00e9par\u00e9s Maison Davaine \ud83c\udf72","og_description":"Un traiteur riche de 30 ans d'exp\u00e9rience qui ouvre des casiers traiteur au moment du COVID pour relancer son activit\u00e9. Aujourd'hui, la double activit\u00e9 est florissante","og_url":"https:\/\/lecasierfrancais.es\/index.php\/2024\/03\/26\/portrait-casiers-traiteur-maison-davaine\/","og_site_name":"Le Casier Fran\u00e7ais","article_publisher":"https:\/\/www.facebook.com\/lecasierfrancais\/","article_published_time":"2024-03-26T09:30:46+00:00","article_modified_time":"2024-09-18T08:25:51+00:00","og_image":[{"width":800,"height":449,"url":"https:\/\/lecasierfrancais.es\/wp-content\/uploads\/2024\/03\/B9728482608Z.1_20211004174728_000G0DJ2N826.1-0.jpg","type":"image\/jpeg"}],"author":"Le Casier Francais","twitter_card":"summary_large_image","twitter_misc":{"\u00c9crit par":"Le Casier Francais","Dur\u00e9e de lecture estim\u00e9e":"5 minutes"},"schema":{"@context":"https:\/\/schema.org","@graph":[{"@type":"WebPage","@id":"https:\/\/lecasierfrancais.es\/index.php\/2024\/03\/26\/portrait-casiers-traiteur-maison-davaine\/","url":"https:\/\/lecasierfrancais.es\/index.php\/2024\/03\/26\/portrait-casiers-traiteur-maison-davaine\/","name":"[PORTRAIT] Un succ\u00e8s imm\u00e9diat pour les casiers traiteur de plats pr\u00e9par\u00e9s Maison Davaine \ud83c\udf72 - Le Casier Fran\u00e7ais","isPartOf":{"@id":"https:\/\/lecasierfrancais.es\/#website"},"primaryImageOfPage":{"@id":"https:\/\/lecasierfrancais.es\/index.php\/2024\/03\/26\/portrait-casiers-traiteur-maison-davaine\/#primaryimage"},"image":{"@id":"https:\/\/lecasierfrancais.es\/index.php\/2024\/03\/26\/portrait-casiers-traiteur-maison-davaine\/#primaryimage"},"thumbnailUrl":"https:\/\/lecasierfrancais.es\/wp-content\/uploads\/2024\/03\/B9728482608Z.1_20211004174728_000G0DJ2N826.1-0.jpg","datePublished":"2024-03-26T09:30:46+00:00","dateModified":"2024-09-18T08:25:51+00:00","author":{"@id":"https:\/\/lecasierfrancais.es\/#\/schema\/person\/ac95c6138096844c56f2c49f81730a7a"},"description":"Un traiteur riche de 30 ans d'exp\u00e9rience qui ouvre des casiers traiteur au moment du COVID pour relancer son activit\u00e9. Aujourd'hui, la double activit\u00e9 est florissante","breadcrumb":{"@id":"https:\/\/lecasierfrancais.es\/index.php\/2024\/03\/26\/portrait-casiers-traiteur-maison-davaine\/#breadcrumb"},"inLanguage":"fr-FR","potentialAction":[{"@type":"ReadAction","target":["https:\/\/lecasierfrancais.es\/index.php\/2024\/03\/26\/portrait-casiers-traiteur-maison-davaine\/"]}]},{"@type":"ImageObject","inLanguage":"fr-FR","@id":"https:\/\/lecasierfrancais.es\/index.php\/2024\/03\/26\/portrait-casiers-traiteur-maison-davaine\/#primaryimage","url":"https:\/\/lecasierfrancais.es\/wp-content\/uploads\/2024\/03\/B9728482608Z.1_20211004174728_000G0DJ2N826.1-0.jpg","contentUrl":"https:\/\/lecasierfrancais.es\/wp-content\/uploads\/2024\/03\/B9728482608Z.1_20211004174728_000G0DJ2N826.1-0.jpg","width":800,"height":449,"caption":"David Davaine"},{"@type":"BreadcrumbList","@id":"https:\/\/lecasierfrancais.es\/index.php\/2024\/03\/26\/portrait-casiers-traiteur-maison-davaine\/#breadcrumb","itemListElement":[{"@type":"ListItem","position":1,"name":"Accueil","item":"https:\/\/lecasierfrancais.es\/"},{"@type":"ListItem","position":2,"name":"[PORTRAIT] Un succ\u00e8s imm\u00e9diat pour les casiers traiteur de plats pr\u00e9par\u00e9s Maison Davaine \ud83c\udf72"}]},{"@type":"WebSite","@id":"https:\/\/lecasierfrancais.es\/#website","url":"https:\/\/lecasierfrancais.es\/","name":"Le Casier Fran\u00e7ais","description":"","potentialAction":[{"@type":"SearchAction","target":{"@type":"EntryPoint","urlTemplate":"https:\/\/lecasierfrancais.es\/?s={search_term_string}"},"query-input":{"@type":"PropertyValueSpecification","valueRequired":true,"valueName":"search_term_string"}}],"inLanguage":"fr-FR"},{"@type":"Person","@id":"https:\/\/lecasierfrancais.es\/#\/schema\/person\/ac95c6138096844c56f2c49f81730a7a","name":"Le Casier Francais","image":{"@type":"ImageObject","inLanguage":"fr-FR","@id":"https:\/\/lecasierfrancais.es\/#\/schema\/person\/image\/","url":"https:\/\/secure.gravatar.com\/avatar\/f29776dfd97a4c78aee2ab31cb63a0f4097b8cc071a068daac2d914eb26fbbd4?s=96&d=mm&r=g","contentUrl":"https:\/\/secure.gravatar.com\/avatar\/f29776dfd97a4c78aee2ab31cb63a0f4097b8cc071a068daac2d914eb26fbbd4?s=96&d=mm&r=g","caption":"Le Casier Francais"},"url":"https:\/\/lecasierfrancais.es\/index.php\/author\/le-casier-francais\/"}]}},"_links":{"self":[{"href":"https:\/\/lecasierfrancais.es\/index.php\/wp-json\/wp\/v2\/posts\/10546","targetHints":{"allow":["GET"]}}],"collection":[{"href":"https:\/\/lecasierfrancais.es\/index.php\/wp-json\/wp\/v2\/posts"}],"about":[{"href":"https:\/\/lecasierfrancais.es\/index.php\/wp-json\/wp\/v2\/types\/post"}],"author":[{"embeddable":true,"href":"https:\/\/lecasierfrancais.es\/index.php\/wp-json\/wp\/v2\/users\/8"}],"replies":[{"embeddable":true,"href":"https:\/\/lecasierfrancais.es\/index.php\/wp-json\/wp\/v2\/comments?post=10546"}],"version-history":[{"count":4,"href":"https:\/\/lecasierfrancais.es\/index.php\/wp-json\/wp\/v2\/posts\/10546\/revisions"}],"predecessor-version":[{"id":10553,"href":"https:\/\/lecasierfrancais.es\/index.php\/wp-json\/wp\/v2\/posts\/10546\/revisions\/10553"}],"wp:featuredmedia":[{"embeddable":true,"href":"https:\/\/lecasierfrancais.es\/index.php\/wp-json\/wp\/v2\/media\/10549"}],"wp:attachment":[{"href":"https:\/\/lecasierfrancais.es\/index.php\/wp-json\/wp\/v2\/media?parent=10546"}],"wp:term":[{"taxonomy":"category","embeddable":true,"href":"https:\/\/lecasierfrancais.es\/index.php\/wp-json\/wp\/v2\/categories?post=10546"},{"taxonomy":"post_tag","embeddable":true,"href":"https:\/\/lecasierfrancais.es\/index.php\/wp-json\/wp\/v2\/tags?post=10546"}],"curies":[{"name":"wp","href":"https:\/\/api.w.org\/{rel}","templated":true}]}}