{"id":10740,"date":"2024-07-09T15:30:18","date_gmt":"2024-07-09T13:30:18","guid":{"rendered":"https:\/\/lecasierfrancais.fr\/?p=10740"},"modified":"2024-07-09T15:30:18","modified_gmt":"2024-07-09T13:30:18","slug":"nos-equipes-a-vos-cotes-dans-votre-projet-de-distributeur-automatique","status":"publish","type":"post","link":"https:\/\/lecasierfrancais.es\/index.php\/2024\/07\/09\/nos-equipes-a-vos-cotes-dans-votre-projet-de-distributeur-automatique\/","title":{"rendered":"Nos \u00e9quipes \u00e0 vos c\u00f4t\u00e9s dans votre projet de distributeur automatique \ud83e\udd1d"},"content":{"rendered":"[vc_row type=\u00a0\u00bbin_container\u00a0\u00bb full_screen_row_position=\u00a0\u00bbmiddle\u00a0\u00bb scene_position=\u00a0\u00bbcenter\u00a0\u00bb text_color=\u00a0\u00bbdark\u00a0\u00bb text_align=\u00a0\u00bbleft\u00a0\u00bb overlay_strength=\u00a0\u00bb0.3&Prime; shape_divider_position=\u00a0\u00bbbottom\u00a0\u00bb][vc_column column_padding=\u00a0\u00bbno-extra-padding\u00a0\u00bb column_padding_position=\u00a0\u00bball\u00a0\u00bb background_color_opacity=\u00a0\u00bb1&Prime; background_hover_color_opacity=\u00a0\u00bb1&Prime; column_shadow=\u00a0\u00bbnone\u00a0\u00bb column_border_radius=\u00a0\u00bbnone\u00a0\u00bb width=\u00a0\u00bb1\/1&Prime; tablet_text_alignment=\u00a0\u00bbdefault\u00a0\u00bb phone_text_alignment=\u00a0\u00bbdefault\u00a0\u00bb column_border_width=\u00a0\u00bbnone\u00a0\u00bb column_border_style=\u00a0\u00bbsolid\u00a0\u00bb][vc_column_text]<em>Un projet d\u2019installation de distributeur automatique\u00a0? Une envie d\u2019agrandissement\u00a0? Une question sur nos \u00e9quipements ou nos derni\u00e8res innovations\u00a0? <\/em><\/p>\n<p><em>Rencontrez notre \u00e9quipe commerciale pr\u00eate \u00e0 vous accompagner dans le d\u00e9veloppement de votre projet. Aujourd\u2019hui, on vous pr\u00e9sente notre \u00e9quipe commerciale ainsi que son mode de fonctionnement pour la r\u00e9alisation de vos projets de casiers.<\/em>[\/vc_column_text][\/vc_column][\/vc_row][vc_row type=\u00a0\u00bbin_container\u00a0\u00bb full_screen_row_position=\u00a0\u00bbmiddle\u00a0\u00bb scene_position=\u00a0\u00bbcenter\u00a0\u00bb text_color=\u00a0\u00bbdark\u00a0\u00bb text_align=\u00a0\u00bbleft\u00a0\u00bb overlay_strength=\u00a0\u00bb0.3&Prime; shape_divider_position=\u00a0\u00bbbottom\u00a0\u00bb][vc_column column_padding=\u00a0\u00bbno-extra-padding\u00a0\u00bb column_padding_position=\u00a0\u00bball\u00a0\u00bb background_color_opacity=\u00a0\u00bb1&Prime; background_hover_color_opacity=\u00a0\u00bb1&Prime; column_shadow=\u00a0\u00bbnone\u00a0\u00bb column_border_radius=\u00a0\u00bbnone\u00a0\u00bb width=\u00a0\u00bb1\/1&Prime; tablet_text_alignment=\u00a0\u00bbdefault\u00a0\u00bb phone_text_alignment=\u00a0\u00bbdefault\u00a0\u00bb column_border_width=\u00a0\u00bbnone\u00a0\u00bb column_border_style=\u00a0\u00bbsolid\u00a0\u00bb]<div class=\"img-with-aniamtion-wrap center\" data-max-width=\"100%\" data-border-radius=\"none\"><div class=\"inner\"><a href=\"https:\/\/lecasierfrancais.es\/wp-content\/uploads\/2024\/07\/WhatsApp-Image-2024-03-01-a-12.30.29_495748f5-e1720531375132.jpg\" class=\"pp center\"><img decoding=\"async\" data-shadow=\"none\" data-shadow-direction=\"middle\" class=\"img-with-animation \" data-delay=\"0\" height=\"375\" width=\"500\" data-animation=\"none\" src=\"https:\/\/lecasierfrancais.es\/wp-content\/uploads\/2024\/07\/WhatsApp-Image-2024-03-01-a-12.30.29_495748f5-e1720531375132.jpg\"  alt=\"Herv\u00e9 et Laurent au Salon de l'Agriculture\" \/><\/a><\/div><\/div>[\/vc_column][\/vc_row][vc_row type=\u00a0\u00bbin_container\u00a0\u00bb full_screen_row_position=\u00a0\u00bbmiddle\u00a0\u00bb scene_position=\u00a0\u00bbcenter\u00a0\u00bb text_color=\u00a0\u00bbdark\u00a0\u00bb text_align=\u00a0\u00bbleft\u00a0\u00bb overlay_strength=\u00a0\u00bb0.3&Prime; shape_divider_position=\u00a0\u00bbbottom\u00a0\u00bb][vc_column column_padding=\u00a0\u00bbno-extra-padding\u00a0\u00bb column_padding_position=\u00a0\u00bball\u00a0\u00bb background_color_opacity=\u00a0\u00bb1&Prime; background_hover_color_opacity=\u00a0\u00bb1&Prime; column_shadow=\u00a0\u00bbnone\u00a0\u00bb column_border_radius=\u00a0\u00bbnone\u00a0\u00bb width=\u00a0\u00bb1\/1&Prime; tablet_text_alignment=\u00a0\u00bbdefault\u00a0\u00bb phone_text_alignment=\u00a0\u00bbdefault\u00a0\u00bb column_border_width=\u00a0\u00bbnone\u00a0\u00bb column_border_style=\u00a0\u00bbsolid\u00a0\u00bb][vc_custom_heading text=\u00a0\u00bbDistributeurs automatiques : une vision commerciale bas\u00e9e sur l\u2019accompagnement \ud83d\ude00\u00a0\u00bb use_theme_fonts=\u00a0\u00bbyes\u00a0\u00bb][vc_column_text]Quand vous choisissez Le Casier Fran\u00e7ais pour votre projet de commerce par casiers, vous optez \u00e9galement pour un <strong>suivi de projet fiable et efficace<\/strong>. Notre \u00e9quipe commerciale que vous rencontrez chez vous, sur le lieu d\u2019implantation de votre futur distributeur, est \u00e0 votre \u00e9coute. Elle comprend vos besoins, les particularit\u00e9s et les contraintes li\u00e9es \u00e0 votre m\u00e9tier pour vous proposer de <strong>configurer <a href=\"https:\/\/lecasierfrancais.es\/index.php\/2024\/03\/12\/10-bonnes-raisons-de-passer-a-la-vente-directe-par-casiers\/\">le casier le plus adapt\u00e9 \u00e0 votre situation<\/a><\/strong>.[\/vc_column_text][\/vc_column][\/vc_row][vc_row type=\u00a0\u00bbin_container\u00a0\u00bb full_screen_row_position=\u00a0\u00bbmiddle\u00a0\u00bb scene_position=\u00a0\u00bbcenter\u00a0\u00bb text_color=\u00a0\u00bbdark\u00a0\u00bb text_align=\u00a0\u00bbleft\u00a0\u00bb overlay_strength=\u00a0\u00bb0.3&Prime; shape_divider_position=\u00a0\u00bbbottom\u00a0\u00bb][vc_column column_padding=\u00a0\u00bbno-extra-padding\u00a0\u00bb column_padding_position=\u00a0\u00bball\u00a0\u00bb background_color_opacity=\u00a0\u00bb1&Prime; background_hover_color_opacity=\u00a0\u00bb1&Prime; column_shadow=\u00a0\u00bbnone\u00a0\u00bb column_border_radius=\u00a0\u00bbnone\u00a0\u00bb width=\u00a0\u00bb1\/1&Prime; tablet_text_alignment=\u00a0\u00bbdefault\u00a0\u00bb phone_text_alignment=\u00a0\u00bbdefault\u00a0\u00bb column_border_width=\u00a0\u00bbnone\u00a0\u00bb column_border_style=\u00a0\u00bbsolid\u00a0\u00bb][vc_custom_heading text=\u00a0\u00bbUne pr\u00e9sence commerciale sur tout le territoire pour vos distributeurs automatiques \ud83c\udf10\u00a0\u00bb use_theme_fonts=\u00a0\u00bbyes\u00a0\u00bb][vc_column_text]Que vous soyez en plein c\u0153ur de Paris, en Corse ou sur la pointe du Finist\u00e8re en Bretagne, nous avons forc\u00e9ment l\u2019un de nos commerciaux dans le coin, pr\u00eat \u00e0 vous rencontrer pour votre projet de distributeur automatique.<\/p>\n<p>Les <strong>5 commerciaux Le Casier Fran\u00e7ais<\/strong> et notre Directeur commercial sillonnent le pays \u00e0 la rencontre de clients comme vous, s\u00e9duits par notre solution de casiers fabriqu\u00e9s en France.<\/p>\n<p>Pour info, nos commerciaux sont \u00e9galement disponibles pour toute demande d\u2019extension d\u2019installation ou pour cr\u00e9er de nouveaux points de vente. Ils sont dispos\u00e9s \u00e0 vous aider pour voir votre projet en grand ![\/vc_column_text][\/vc_column][\/vc_row][vc_row type=\u00a0\u00bbin_container\u00a0\u00bb full_screen_row_position=\u00a0\u00bbmiddle\u00a0\u00bb scene_position=\u00a0\u00bbcenter\u00a0\u00bb text_color=\u00a0\u00bbdark\u00a0\u00bb text_align=\u00a0\u00bbleft\u00a0\u00bb overlay_strength=\u00a0\u00bb0.3&Prime; shape_divider_position=\u00a0\u00bbbottom\u00a0\u00bb][vc_column column_padding=\u00a0\u00bbno-extra-padding\u00a0\u00bb column_padding_position=\u00a0\u00bball\u00a0\u00bb background_color_opacity=\u00a0\u00bb1&Prime; background_hover_color_opacity=\u00a0\u00bb1&Prime; column_shadow=\u00a0\u00bbnone\u00a0\u00bb column_border_radius=\u00a0\u00bbnone\u00a0\u00bb width=\u00a0\u00bb1\/1&Prime; tablet_text_alignment=\u00a0\u00bbdefault\u00a0\u00bb phone_text_alignment=\u00a0\u00bbdefault\u00a0\u00bb column_border_width=\u00a0\u00bbnone\u00a0\u00bb column_border_style=\u00a0\u00bbsolid\u00a0\u00bb][vc_custom_heading text=\u00a0\u00bbPour pr\u00e9senter notre distributeur automatique, 5 commerciaux r\u00e9partis sur le territoire \ud83d\udc68\u200d\ud83d\udcbc\u00a0\u00bb use_theme_fonts=\u00a0\u00bbyes\u00a0\u00bb][vc_column_text]Pour r\u00e9pondre \u00e0 vos demandes <strong>d\u2019achat ou location de casier automatique<\/strong>, vous pourrez compter sur votre responsable de secteur. Vous habitez dans la partie nord ou r\u00e9gion parisienne\u00a0? C\u2019est Astrid qui s\u2019occupera de votre dossier. Habitants du nord-est, J\u00e9r\u00f4me est \u00e0 votre \u00e9coute. Situ\u00e9s dans le sud-est\u00a0? Laurent se fera un plaisir de r\u00e9pondre \u00e0 vos questions. Concernant le sud-ouest, c\u2019est Herv\u00e9 qui est aux commandes. Enfin, dans le nord-ouest, c\u2019est un autre J\u00e9r\u00f4me qui prendra rendez-vous avec vous. O\u00f9 que vous soyez, nous avons quelqu\u2019un qui se rend disponible pour vous.[\/vc_column_text][\/vc_column][\/vc_row][vc_row type=\u00a0\u00bbin_container\u00a0\u00bb full_screen_row_position=\u00a0\u00bbmiddle\u00a0\u00bb scene_position=\u00a0\u00bbcenter\u00a0\u00bb text_color=\u00a0\u00bbdark\u00a0\u00bb text_align=\u00a0\u00bbleft\u00a0\u00bb overlay_strength=\u00a0\u00bb0.3&Prime; shape_divider_position=\u00a0\u00bbbottom\u00a0\u00bb][vc_column column_padding=\u00a0\u00bbno-extra-padding\u00a0\u00bb column_padding_position=\u00a0\u00bball\u00a0\u00bb background_color_opacity=\u00a0\u00bb1&Prime; background_hover_color_opacity=\u00a0\u00bb1&Prime; column_shadow=\u00a0\u00bbnone\u00a0\u00bb column_border_radius=\u00a0\u00bbnone\u00a0\u00bb width=\u00a0\u00bb1\/1&Prime; tablet_text_alignment=\u00a0\u00bbdefault\u00a0\u00bb phone_text_alignment=\u00a0\u00bbdefault\u00a0\u00bb column_border_width=\u00a0\u00bbnone\u00a0\u00bb column_border_style=\u00a0\u00bbsolid\u00a0\u00bb]<div class=\"img-with-aniamtion-wrap center\" data-max-width=\"100%\" data-border-radius=\"none\"><div class=\"inner\"><a href=\"https:\/\/lecasierfrancais.es\/wp-content\/uploads\/2024\/07\/IMG-20240226-WA0011-e1720531244629.jpg\" class=\"pp center\"><img decoding=\"async\" data-shadow=\"none\" data-shadow-direction=\"middle\" class=\"img-with-animation \" data-delay=\"0\" height=\"600\" width=\"800\" data-animation=\"none\" src=\"https:\/\/lecasierfrancais.es\/wp-content\/uploads\/2024\/07\/IMG-20240226-WA0011-e1720531244629.jpg\"  alt=\"Astrid en pr\u00e9sentation au salon de l'agriculture 2024\" \/><\/a><\/div><\/div>[\/vc_column][\/vc_row][vc_row type=\u00a0\u00bbin_container\u00a0\u00bb full_screen_row_position=\u00a0\u00bbmiddle\u00a0\u00bb scene_position=\u00a0\u00bbcenter\u00a0\u00bb text_color=\u00a0\u00bbdark\u00a0\u00bb text_align=\u00a0\u00bbleft\u00a0\u00bb overlay_strength=\u00a0\u00bb0.3&Prime; shape_divider_position=\u00a0\u00bbbottom\u00a0\u00bb][vc_column column_padding=\u00a0\u00bbno-extra-padding\u00a0\u00bb column_padding_position=\u00a0\u00bball\u00a0\u00bb background_color_opacity=\u00a0\u00bb1&Prime; background_hover_color_opacity=\u00a0\u00bb1&Prime; column_shadow=\u00a0\u00bbnone\u00a0\u00bb column_border_radius=\u00a0\u00bbnone\u00a0\u00bb width=\u00a0\u00bb1\/1&Prime; tablet_text_alignment=\u00a0\u00bbdefault\u00a0\u00bb phone_text_alignment=\u00a0\u00bbdefault\u00a0\u00bb column_border_width=\u00a0\u00bbnone\u00a0\u00bb column_border_style=\u00a0\u00bbsolid\u00a0\u00bb][vc_custom_heading text=\u00a0\u00bbPour vos distributeurs automatiques \u00e0 l\u2019international, notre \u00e9quipe commerciale est pr\u00e9sente aussi \u2708\ufe0f\u00a0\u00bb use_theme_fonts=\u00a0\u00bbyes\u00a0\u00bb][vc_column_text]Notre ambition aujourd\u2019hui est d\u2019<strong>exporter notre savoir-faire <\/strong>au-del\u00e0 de nos fronti\u00e8res et de distribuer notre <strong>casier connect\u00e9 \u00e0 l\u2019international<\/strong>. Notre Responsable Export, Maxime, en a fait sa mission\u00a0!<\/p>\n<p>Actuellement, nous travaillons d\u00e9j\u00e0 avec la Belgique (notamment avec des producteurs en circuit court ou des grands comptes), en Espagne, en Suisse et en C\u00f4te d\u2019Ivoire. Tr\u00e8s prochainement, notre distributeur automatique arrivera au Canada\u00a0! Notre <a href=\"https:\/\/lecasierfrancais.es\/index.php\/2024\/06\/11\/de-la-commande-a-linstallation-de-votre-distributeur-automatique\/\">technique industrielle<\/a> et la qualit\u00e9 premium ont aussi beaucoup de succ\u00e8s \u00e0 l\u2019\u00e9tranger.[\/vc_column_text][\/vc_column][\/vc_row][vc_row type=\u00a0\u00bbin_container\u00a0\u00bb full_screen_row_position=\u00a0\u00bbmiddle\u00a0\u00bb scene_position=\u00a0\u00bbcenter\u00a0\u00bb text_color=\u00a0\u00bbdark\u00a0\u00bb text_align=\u00a0\u00bbleft\u00a0\u00bb overlay_strength=\u00a0\u00bb0.3&Prime; shape_divider_position=\u00a0\u00bbbottom\u00a0\u00bb][vc_column column_padding=\u00a0\u00bbno-extra-padding\u00a0\u00bb column_padding_position=\u00a0\u00bball\u00a0\u00bb background_color_opacity=\u00a0\u00bb1&Prime; background_hover_color_opacity=\u00a0\u00bb1&Prime; column_shadow=\u00a0\u00bbnone\u00a0\u00bb column_border_radius=\u00a0\u00bbnone\u00a0\u00bb width=\u00a0\u00bb1\/1&Prime; tablet_text_alignment=\u00a0\u00bbdefault\u00a0\u00bb phone_text_alignment=\u00a0\u00bbdefault\u00a0\u00bb column_border_width=\u00a0\u00bbnone\u00a0\u00bb column_border_style=\u00a0\u00bbsolid\u00a0\u00bb][vc_custom_heading text=\u00a0\u00bbComment contacter le commercial de votre r\u00e9gion pour votre projet de distributeur automatique ? \u260e\ufe0f\u00a0\u00bb use_theme_fonts=\u00a0\u00bbyes\u00a0\u00bb][vc_column_text]Au Casier Fran\u00e7ais, c\u2019est Laetitia qui traite votre <strong>premi\u00e8re prise de contact<\/strong>. Elle s\u2019occupera de centraliser toutes vos informations et vos attentes sur votre projet de casier. Cela lui permet de cr\u00e9er une fiche de renseignements qu\u2019elle transmettra au <strong>responsable de secteur<\/strong> concern\u00e9. C\u2019est ce dernier qui vous contactera pour prendre rendez-vous avec vous et qui prendra, ensuite le relai.[\/vc_column_text][\/vc_column][\/vc_row][vc_row type=\u00a0\u00bbin_container\u00a0\u00bb full_screen_row_position=\u00a0\u00bbmiddle\u00a0\u00bb scene_position=\u00a0\u00bbcenter\u00a0\u00bb text_color=\u00a0\u00bbdark\u00a0\u00bb text_align=\u00a0\u00bbleft\u00a0\u00bb overlay_strength=\u00a0\u00bb0.3&Prime; shape_divider_position=\u00a0\u00bbbottom\u00a0\u00bb][vc_column column_padding=\u00a0\u00bbno-extra-padding\u00a0\u00bb column_padding_position=\u00a0\u00bball\u00a0\u00bb background_color_opacity=\u00a0\u00bb1&Prime; background_hover_color_opacity=\u00a0\u00bb1&Prime; column_shadow=\u00a0\u00bbnone\u00a0\u00bb column_border_radius=\u00a0\u00bbnone\u00a0\u00bb width=\u00a0\u00bb1\/1&Prime; tablet_text_alignment=\u00a0\u00bbdefault\u00a0\u00bb phone_text_alignment=\u00a0\u00bbdefault\u00a0\u00bb column_border_width=\u00a0\u00bbnone\u00a0\u00bb column_border_style=\u00a0\u00bbsolid\u00a0\u00bb][vc_custom_heading text=\u00a0\u00bbEt apr\u00e8s la vente de votre distributeur automatique, un SAV internalis\u00e9 toujours \u00e0 votre \u00e9coute \ud83d\udc42\u00a0\u00bb use_theme_fonts=\u00a0\u00bbyes\u00a0\u00bb][vc_column_text]Et pour que l\u2019<strong>accompagnement de qualit\u00e9 <\/strong>se poursuive, nous proposons <strong>un service apr\u00e8s-vente en interne.<\/strong> Arnaud,\u00a0notre technicien d\u00e9di\u00e9 \u00e0 ce sujet est capable d\u2019installer, de d\u00e9panner et de prendre la main \u00e0 distance sur votre distributeur automatique en service. Vous proposer un service fiable en cas de doute ou de souci sur une machine innovante telle que la n\u00f4tre est une priorit\u00e9 pour nous.[\/vc_column_text][\/vc_column][\/vc_row][vc_row type=\u00a0\u00bbin_container\u00a0\u00bb full_screen_row_position=\u00a0\u00bbmiddle\u00a0\u00bb scene_position=\u00a0\u00bbcenter\u00a0\u00bb text_color=\u00a0\u00bbdark\u00a0\u00bb text_align=\u00a0\u00bbleft\u00a0\u00bb overlay_strength=\u00a0\u00bb0.3&Prime; shape_divider_position=\u00a0\u00bbbottom\u00a0\u00bb][vc_column column_padding=\u00a0\u00bbno-extra-padding\u00a0\u00bb column_padding_position=\u00a0\u00bball\u00a0\u00bb background_color_opacity=\u00a0\u00bb1&Prime; background_hover_color_opacity=\u00a0\u00bb1&Prime; column_shadow=\u00a0\u00bbnone\u00a0\u00bb column_border_radius=\u00a0\u00bbnone\u00a0\u00bb width=\u00a0\u00bb1\/1&Prime; tablet_text_alignment=\u00a0\u00bbdefault\u00a0\u00bb phone_text_alignment=\u00a0\u00bbdefault\u00a0\u00bb column_border_width=\u00a0\u00bbnone\u00a0\u00bb column_border_style=\u00a0\u00bbsolid\u00a0\u00bb]<div class=\"img-with-aniamtion-wrap center\" data-max-width=\"100%\" data-border-radius=\"none\"><div class=\"inner\"><a href=\"https:\/\/lecasierfrancais.es\/wp-content\/uploads\/2024\/07\/OK4-e1720531362436.jpg\" class=\"pp center\"><img decoding=\"async\" data-shadow=\"none\" data-shadow-direction=\"middle\" class=\"img-with-animation \" data-delay=\"0\" height=\"400\" width=\"300\" data-animation=\"none\" src=\"https:\/\/lecasierfrancais.es\/wp-content\/uploads\/2024\/07\/OK4-e1720531362436.jpg\"  alt=\"Laetitia, notre Assistante commerciale, toujours \u00e0 votre \u00e9coute pour votre demande de casier automatique\" \/><\/a><\/div><\/div>[\/vc_column][\/vc_row][vc_row type=\u00a0\u00bbin_container\u00a0\u00bb full_screen_row_position=\u00a0\u00bbmiddle\u00a0\u00bb scene_position=\u00a0\u00bbcenter\u00a0\u00bb text_color=\u00a0\u00bbdark\u00a0\u00bb text_align=\u00a0\u00bbleft\u00a0\u00bb overlay_strength=\u00a0\u00bb0.3&Prime; shape_divider_position=\u00a0\u00bbbottom\u00a0\u00bb][vc_column column_padding=\u00a0\u00bbno-extra-padding\u00a0\u00bb column_padding_position=\u00a0\u00bball\u00a0\u00bb background_color_opacity=\u00a0\u00bb1&Prime; background_hover_color_opacity=\u00a0\u00bb1&Prime; column_shadow=\u00a0\u00bbnone\u00a0\u00bb column_border_radius=\u00a0\u00bbnone\u00a0\u00bb width=\u00a0\u00bb1\/1&Prime; tablet_text_alignment=\u00a0\u00bbdefault\u00a0\u00bb phone_text_alignment=\u00a0\u00bbdefault\u00a0\u00bb column_border_width=\u00a0\u00bbnone\u00a0\u00bb column_border_style=\u00a0\u00bbsolid\u00a0\u00bb][vc_custom_heading text=\u00a0\u00bbRestons connect\u00e9s sur les r\u00e9seaux sociaux ! \ud83d\udcf1\u00a0\u00bb use_theme_fonts=\u00a0\u00bbyes\u00a0\u00bb][vc_column_text]Facebook, Instagram, Linkedin\u2026 Sachez que, chaque semaine, nous partageons du contenu exclusif, des actualit\u00e9s, les nouveaut\u00e9s sur nos produits et des retours d\u2019exp\u00e9rience qui peuvent vous aider \u00e0 vous lancer dans un <strong>projet de distributeur automatique<\/strong>. Notre \u00e9quipe de communication est \u00e9galement attentive \u00e0 vos commentaires et messages priv\u00e9s et transmet aux \u00e9quipes commerciales ou d\u00e9veloppement, les demandes de contact ou <a href=\"https:\/\/lecasierfrancais.es\/index.php\/2024\/04\/16\/le-casier-francais-des-innovations-qui-font-grandir-le-service\/\">d\u2019am\u00e9lioration<\/a>.[\/vc_column_text][\/vc_column][\/vc_row][vc_row type=\u00a0\u00bbin_container\u00a0\u00bb full_screen_row_position=\u00a0\u00bbmiddle\u00a0\u00bb scene_position=\u00a0\u00bbcenter\u00a0\u00bb text_color=\u00a0\u00bbdark\u00a0\u00bb text_align=\u00a0\u00bbleft\u00a0\u00bb overlay_strength=\u00a0\u00bb0.3&Prime; shape_divider_position=\u00a0\u00bbbottom\u00a0\u00bb][vc_column column_padding=\u00a0\u00bbno-extra-padding\u00a0\u00bb column_padding_position=\u00a0\u00bball\u00a0\u00bb background_color_opacity=\u00a0\u00bb1&Prime; background_hover_color_opacity=\u00a0\u00bb1&Prime; column_shadow=\u00a0\u00bbnone\u00a0\u00bb column_border_radius=\u00a0\u00bbnone\u00a0\u00bb width=\u00a0\u00bb1\/1&Prime; tablet_text_alignment=\u00a0\u00bbdefault\u00a0\u00bb phone_text_alignment=\u00a0\u00bbdefault\u00a0\u00bb column_border_width=\u00a0\u00bbnone\u00a0\u00bb column_border_style=\u00a0\u00bbsolid\u00a0\u00bb][vc_custom_heading text=\u00a0\u00bbUne d\u00e9mo de nos distributeurs automatiques sur les salons professionnels \ud83d\udc2e\u00a0\u00bb use_theme_fonts=\u00a0\u00bbyes\u00a0\u00bb][vc_column_text]Une id\u00e9e de casiers est en train de germer dans votre t\u00eate\u00a0? Vous manquez de renseignements\u00a0? Vous avez \u00e9galement la solution de venir <strong>nous rencontrer sur les salons professionnels<\/strong> comme le Salon de l\u2019Agriculture, Terres en f\u00eates, le Salon des maires\u2026 Des temps forts tout au long de l\u2019ann\u00e9e o\u00f9 notre \u00e9quipe sera ravie de vous faire une d\u00e9monstration de notre <a href=\"https:\/\/lecasierfrancais.es\/index.php\/nos-solutions-modulables\/\" target=\"_blank\" rel=\"noopener\">casier<\/a>, vous parler de ses innovations et de vous faire d\u00e9couvrir les solutions qui s\u2019offrent \u00e0 vous.[\/vc_column_text][\/vc_column][\/vc_row][vc_row type=\u00a0\u00bbin_container\u00a0\u00bb full_screen_row_position=\u00a0\u00bbmiddle\u00a0\u00bb scene_position=\u00a0\u00bbcenter\u00a0\u00bb text_color=\u00a0\u00bbdark\u00a0\u00bb text_align=\u00a0\u00bbleft\u00a0\u00bb overlay_strength=\u00a0\u00bb0.3&Prime; shape_divider_position=\u00a0\u00bbbottom\u00a0\u00bb][vc_column column_padding=\u00a0\u00bbno-extra-padding\u00a0\u00bb column_padding_position=\u00a0\u00bball\u00a0\u00bb background_color_opacity=\u00a0\u00bb1&Prime; background_hover_color_opacity=\u00a0\u00bb1&Prime; column_shadow=\u00a0\u00bbnone\u00a0\u00bb column_border_radius=\u00a0\u00bbnone\u00a0\u00bb width=\u00a0\u00bb1\/1&Prime; tablet_text_alignment=\u00a0\u00bbdefault\u00a0\u00bb phone_text_alignment=\u00a0\u00bbdefault\u00a0\u00bb column_border_width=\u00a0\u00bbnone\u00a0\u00bb column_border_style=\u00a0\u00bbsolid\u00a0\u00bb][vc_zigzag color=\u00a0\u00bbvista_blue\u00a0\u00bb][\/vc_column][\/vc_row][vc_row type=\u00a0\u00bbin_container\u00a0\u00bb full_screen_row_position=\u00a0\u00bbmiddle\u00a0\u00bb scene_position=\u00a0\u00bbcenter\u00a0\u00bb text_color=\u00a0\u00bbdark\u00a0\u00bb text_align=\u00a0\u00bbleft\u00a0\u00bb overlay_strength=\u00a0\u00bb0.3&Prime; shape_divider_position=\u00a0\u00bbbottom\u00a0\u00bb][vc_column column_padding=\u00a0\u00bbno-extra-padding\u00a0\u00bb column_padding_position=\u00a0\u00bball\u00a0\u00bb background_color_opacity=\u00a0\u00bb1&Prime; background_hover_color_opacity=\u00a0\u00bb1&Prime; column_shadow=\u00a0\u00bbnone\u00a0\u00bb column_border_radius=\u00a0\u00bbnone\u00a0\u00bb width=\u00a0\u00bb1\/1&Prime; tablet_text_alignment=\u00a0\u00bbdefault\u00a0\u00bb phone_text_alignment=\u00a0\u00bbdefault\u00a0\u00bb column_border_width=\u00a0\u00bbnone\u00a0\u00bb column_border_style=\u00a0\u00bbsolid\u00a0\u00bb][vc_column_text]<span style=\"font-size: 14pt;\"><strong>ENVIE DE VOUS LANCER DANS LES CASIERS AUTOMATIQUES ?<\/strong><\/span><\/p>\n<p>\ud83d\udc49Faites le premier pas en nous \u00e9crivant \u00e0 <a href=\"mailto:contact@lecasierfrancais.fr\">contact@lecasierfrancais.fr<\/a>, Laetitia vous rappelle tr\u00e8s vite\u00a0![\/vc_column_text][\/vc_column][\/vc_row]\n","protected":false},"excerpt":{"rendered":"<p>[vc_row type=\u00a0\u00bbin_container\u00a0\u00bb full_screen_row_position=\u00a0\u00bbmiddle\u00a0\u00bb scene_position=\u00a0\u00bbcenter\u00a0\u00bb text_color=\u00a0\u00bbdark\u00a0\u00bb text_align=\u00a0\u00bbleft\u00a0\u00bb overlay_strength=\u00a0\u00bb0.3&Prime; shape_divider_position=\u00a0\u00bbbottom\u00a0\u00bb][vc_column column_padding=\u00a0\u00bbno-extra-padding\u00a0\u00bb column_padding_position=\u00a0\u00bball\u00a0\u00bb background_color_opacity=\u00a0\u00bb1&Prime; background_hover_color_opacity=\u00a0\u00bb1&Prime; column_shadow=\u00a0\u00bbnone\u00a0\u00bb column_border_radius=\u00a0\u00bbnone\u00a0\u00bb width=\u00a0\u00bb1\/1&Prime;&#8230;<\/p>\n","protected":false},"author":8,"featured_media":10741,"comment_status":"open","ping_status":"open","sticky":false,"template":"","format":"standard","meta":{"footnotes":""},"categories":[578],"tags":[668,384,453,666,418,670,667,421,671,669],"class_list":{"0":"post-10740","1":"post","2":"type-post","3":"status-publish","4":"format-standard","5":"has-post-thumbnail","7":"category-nos-services","8":"tag-accompagnement","9":"tag-casier","10":"tag-casier-automatique","11":"tag-commerciaux","12":"tag-distributeur-automatique","13":"tag-ecoute","14":"tag-equipe-commerciale","15":"tag-le-casier-francais","16":"tag-projet","17":"tag-qualite"},"yoast_head":"<!-- This site is optimized with the Yoast SEO Premium plugin v26.1 (Yoast SEO v26.1.1) - https:\/\/yoast.com\/wordpress\/plugins\/seo\/ -->\n<title>Nos \u00e9quipes \u00e0 vos c\u00f4t\u00e9s dans votre projet de distributeur automatique \ud83e\udd1d - Le Casier Fran\u00e7ais<\/title>\n<meta name=\"description\" content=\"Un accompagnement de qualit\u00e9 dans la r\u00e9alisation de votre projet de distributeur automatique. D\u00e9couvrez le fonctionnement de notre \u00e9quipe commerciale.\" \/>\n<meta name=\"robots\" content=\"index, follow, max-snippet:-1, max-image-preview:large, max-video-preview:-1\" \/>\n<link rel=\"canonical\" href=\"https:\/\/lecasierfrancais.es\/index.php\/2024\/07\/09\/nos-equipes-a-vos-cotes-dans-votre-projet-de-distributeur-automatique\/\" \/>\n<meta property=\"og:locale\" content=\"fr_FR\" \/>\n<meta property=\"og:type\" content=\"article\" \/>\n<meta property=\"og:title\" content=\"Nos \u00e9quipes \u00e0 vos c\u00f4t\u00e9s dans votre projet de distributeur automatique \ud83e\udd1d\" \/>\n<meta property=\"og:description\" content=\"Un accompagnement de qualit\u00e9 dans la r\u00e9alisation de votre projet de distributeur automatique. D\u00e9couvrez le fonctionnement de notre \u00e9quipe commerciale.\" \/>\n<meta property=\"og:url\" content=\"https:\/\/lecasierfrancais.es\/index.php\/2024\/07\/09\/nos-equipes-a-vos-cotes-dans-votre-projet-de-distributeur-automatique\/\" \/>\n<meta property=\"og:site_name\" content=\"Le Casier Fran\u00e7ais\" \/>\n<meta property=\"article:publisher\" content=\"https:\/\/www.facebook.com\/lecasierfrancais\/\" \/>\n<meta property=\"article:published_time\" content=\"2024-07-09T13:30:18+00:00\" \/>\n<meta property=\"og:image\" content=\"https:\/\/lecasierfrancais.es\/wp-content\/uploads\/2024\/07\/IMG-20240226-WA0011-e1720531244629.jpg\" \/>\n\t<meta property=\"og:image:width\" content=\"800\" \/>\n\t<meta property=\"og:image:height\" content=\"600\" \/>\n\t<meta property=\"og:image:type\" content=\"image\/jpeg\" \/>\n<meta name=\"author\" content=\"Le Casier Francais\" \/>\n<meta name=\"twitter:card\" content=\"summary_large_image\" \/>\n<meta name=\"twitter:label1\" content=\"\u00c9crit par\" \/>\n\t<meta name=\"twitter:data1\" content=\"Le Casier Francais\" \/>\n\t<meta name=\"twitter:label2\" content=\"Dur\u00e9e de lecture estim\u00e9e\" \/>\n\t<meta name=\"twitter:data2\" content=\"10 minutes\" \/>\n<script type=\"application\/ld+json\" class=\"yoast-schema-graph\">{\"@context\":\"https:\/\/schema.org\",\"@graph\":[{\"@type\":\"WebPage\",\"@id\":\"https:\/\/lecasierfrancais.es\/index.php\/2024\/07\/09\/nos-equipes-a-vos-cotes-dans-votre-projet-de-distributeur-automatique\/\",\"url\":\"https:\/\/lecasierfrancais.es\/index.php\/2024\/07\/09\/nos-equipes-a-vos-cotes-dans-votre-projet-de-distributeur-automatique\/\",\"name\":\"Nos \u00e9quipes \u00e0 vos c\u00f4t\u00e9s dans votre projet de distributeur automatique \ud83e\udd1d - Le Casier Fran\u00e7ais\",\"isPartOf\":{\"@id\":\"https:\/\/lecasierfrancais.es\/#website\"},\"primaryImageOfPage\":{\"@id\":\"https:\/\/lecasierfrancais.es\/index.php\/2024\/07\/09\/nos-equipes-a-vos-cotes-dans-votre-projet-de-distributeur-automatique\/#primaryimage\"},\"image\":{\"@id\":\"https:\/\/lecasierfrancais.es\/index.php\/2024\/07\/09\/nos-equipes-a-vos-cotes-dans-votre-projet-de-distributeur-automatique\/#primaryimage\"},\"thumbnailUrl\":\"https:\/\/lecasierfrancais.es\/wp-content\/uploads\/2024\/07\/IMG-20240226-WA0011-e1720531244629.jpg\",\"datePublished\":\"2024-07-09T13:30:18+00:00\",\"author\":{\"@id\":\"https:\/\/lecasierfrancais.es\/#\/schema\/person\/ac95c6138096844c56f2c49f81730a7a\"},\"description\":\"Un accompagnement de qualit\u00e9 dans la r\u00e9alisation de votre projet de distributeur automatique. D\u00e9couvrez le fonctionnement de notre \u00e9quipe commerciale.\",\"breadcrumb\":{\"@id\":\"https:\/\/lecasierfrancais.es\/index.php\/2024\/07\/09\/nos-equipes-a-vos-cotes-dans-votre-projet-de-distributeur-automatique\/#breadcrumb\"},\"inLanguage\":\"fr-FR\",\"potentialAction\":[{\"@type\":\"ReadAction\",\"target\":[\"https:\/\/lecasierfrancais.es\/index.php\/2024\/07\/09\/nos-equipes-a-vos-cotes-dans-votre-projet-de-distributeur-automatique\/\"]}]},{\"@type\":\"ImageObject\",\"inLanguage\":\"fr-FR\",\"@id\":\"https:\/\/lecasierfrancais.es\/index.php\/2024\/07\/09\/nos-equipes-a-vos-cotes-dans-votre-projet-de-distributeur-automatique\/#primaryimage\",\"url\":\"https:\/\/lecasierfrancais.es\/wp-content\/uploads\/2024\/07\/IMG-20240226-WA0011-e1720531244629.jpg\",\"contentUrl\":\"https:\/\/lecasierfrancais.es\/wp-content\/uploads\/2024\/07\/IMG-20240226-WA0011-e1720531244629.jpg\",\"width\":800,\"height\":600,\"caption\":\"Astrid en pr\u00e9sentation au salon de l'agriculture 2024\"},{\"@type\":\"BreadcrumbList\",\"@id\":\"https:\/\/lecasierfrancais.es\/index.php\/2024\/07\/09\/nos-equipes-a-vos-cotes-dans-votre-projet-de-distributeur-automatique\/#breadcrumb\",\"itemListElement\":[{\"@type\":\"ListItem\",\"position\":1,\"name\":\"Accueil\",\"item\":\"https:\/\/lecasierfrancais.es\/\"},{\"@type\":\"ListItem\",\"position\":2,\"name\":\"Nos \u00e9quipes \u00e0 vos c\u00f4t\u00e9s dans votre projet de distributeur automatique \ud83e\udd1d\"}]},{\"@type\":\"WebSite\",\"@id\":\"https:\/\/lecasierfrancais.es\/#website\",\"url\":\"https:\/\/lecasierfrancais.es\/\",\"name\":\"Le Casier Fran\u00e7ais\",\"description\":\"\",\"potentialAction\":[{\"@type\":\"SearchAction\",\"target\":{\"@type\":\"EntryPoint\",\"urlTemplate\":\"https:\/\/lecasierfrancais.es\/?s={search_term_string}\"},\"query-input\":{\"@type\":\"PropertyValueSpecification\",\"valueRequired\":true,\"valueName\":\"search_term_string\"}}],\"inLanguage\":\"fr-FR\"},{\"@type\":\"Person\",\"@id\":\"https:\/\/lecasierfrancais.es\/#\/schema\/person\/ac95c6138096844c56f2c49f81730a7a\",\"name\":\"Le Casier Francais\",\"image\":{\"@type\":\"ImageObject\",\"inLanguage\":\"fr-FR\",\"@id\":\"https:\/\/lecasierfrancais.es\/#\/schema\/person\/image\/\",\"url\":\"https:\/\/secure.gravatar.com\/avatar\/f29776dfd97a4c78aee2ab31cb63a0f4097b8cc071a068daac2d914eb26fbbd4?s=96&d=mm&r=g\",\"contentUrl\":\"https:\/\/secure.gravatar.com\/avatar\/f29776dfd97a4c78aee2ab31cb63a0f4097b8cc071a068daac2d914eb26fbbd4?s=96&d=mm&r=g\",\"caption\":\"Le Casier Francais\"},\"url\":\"https:\/\/lecasierfrancais.es\/index.php\/author\/le-casier-francais\/\"}]}<\/script>\n<!-- \/ Yoast SEO Premium plugin. -->","yoast_head_json":{"title":"Nos \u00e9quipes \u00e0 vos c\u00f4t\u00e9s dans votre projet de distributeur automatique \ud83e\udd1d - Le Casier Fran\u00e7ais","description":"Un accompagnement de qualit\u00e9 dans la r\u00e9alisation de votre projet de distributeur automatique. D\u00e9couvrez le fonctionnement de notre \u00e9quipe commerciale.","robots":{"index":"index","follow":"follow","max-snippet":"max-snippet:-1","max-image-preview":"max-image-preview:large","max-video-preview":"max-video-preview:-1"},"canonical":"https:\/\/lecasierfrancais.es\/index.php\/2024\/07\/09\/nos-equipes-a-vos-cotes-dans-votre-projet-de-distributeur-automatique\/","og_locale":"fr_FR","og_type":"article","og_title":"Nos \u00e9quipes \u00e0 vos c\u00f4t\u00e9s dans votre projet de distributeur automatique \ud83e\udd1d","og_description":"Un accompagnement de qualit\u00e9 dans la r\u00e9alisation de votre projet de distributeur automatique. D\u00e9couvrez le fonctionnement de notre \u00e9quipe commerciale.","og_url":"https:\/\/lecasierfrancais.es\/index.php\/2024\/07\/09\/nos-equipes-a-vos-cotes-dans-votre-projet-de-distributeur-automatique\/","og_site_name":"Le Casier Fran\u00e7ais","article_publisher":"https:\/\/www.facebook.com\/lecasierfrancais\/","article_published_time":"2024-07-09T13:30:18+00:00","og_image":[{"width":800,"height":600,"url":"https:\/\/lecasierfrancais.es\/wp-content\/uploads\/2024\/07\/IMG-20240226-WA0011-e1720531244629.jpg","type":"image\/jpeg"}],"author":"Le Casier Francais","twitter_card":"summary_large_image","twitter_misc":{"\u00c9crit par":"Le Casier Francais","Dur\u00e9e de lecture estim\u00e9e":"10 minutes"},"schema":{"@context":"https:\/\/schema.org","@graph":[{"@type":"WebPage","@id":"https:\/\/lecasierfrancais.es\/index.php\/2024\/07\/09\/nos-equipes-a-vos-cotes-dans-votre-projet-de-distributeur-automatique\/","url":"https:\/\/lecasierfrancais.es\/index.php\/2024\/07\/09\/nos-equipes-a-vos-cotes-dans-votre-projet-de-distributeur-automatique\/","name":"Nos \u00e9quipes \u00e0 vos c\u00f4t\u00e9s dans votre projet de distributeur automatique \ud83e\udd1d - Le Casier Fran\u00e7ais","isPartOf":{"@id":"https:\/\/lecasierfrancais.es\/#website"},"primaryImageOfPage":{"@id":"https:\/\/lecasierfrancais.es\/index.php\/2024\/07\/09\/nos-equipes-a-vos-cotes-dans-votre-projet-de-distributeur-automatique\/#primaryimage"},"image":{"@id":"https:\/\/lecasierfrancais.es\/index.php\/2024\/07\/09\/nos-equipes-a-vos-cotes-dans-votre-projet-de-distributeur-automatique\/#primaryimage"},"thumbnailUrl":"https:\/\/lecasierfrancais.es\/wp-content\/uploads\/2024\/07\/IMG-20240226-WA0011-e1720531244629.jpg","datePublished":"2024-07-09T13:30:18+00:00","author":{"@id":"https:\/\/lecasierfrancais.es\/#\/schema\/person\/ac95c6138096844c56f2c49f81730a7a"},"description":"Un accompagnement de qualit\u00e9 dans la r\u00e9alisation de votre projet de distributeur automatique. D\u00e9couvrez le fonctionnement de notre \u00e9quipe commerciale.","breadcrumb":{"@id":"https:\/\/lecasierfrancais.es\/index.php\/2024\/07\/09\/nos-equipes-a-vos-cotes-dans-votre-projet-de-distributeur-automatique\/#breadcrumb"},"inLanguage":"fr-FR","potentialAction":[{"@type":"ReadAction","target":["https:\/\/lecasierfrancais.es\/index.php\/2024\/07\/09\/nos-equipes-a-vos-cotes-dans-votre-projet-de-distributeur-automatique\/"]}]},{"@type":"ImageObject","inLanguage":"fr-FR","@id":"https:\/\/lecasierfrancais.es\/index.php\/2024\/07\/09\/nos-equipes-a-vos-cotes-dans-votre-projet-de-distributeur-automatique\/#primaryimage","url":"https:\/\/lecasierfrancais.es\/wp-content\/uploads\/2024\/07\/IMG-20240226-WA0011-e1720531244629.jpg","contentUrl":"https:\/\/lecasierfrancais.es\/wp-content\/uploads\/2024\/07\/IMG-20240226-WA0011-e1720531244629.jpg","width":800,"height":600,"caption":"Astrid en pr\u00e9sentation au salon de l'agriculture 2024"},{"@type":"BreadcrumbList","@id":"https:\/\/lecasierfrancais.es\/index.php\/2024\/07\/09\/nos-equipes-a-vos-cotes-dans-votre-projet-de-distributeur-automatique\/#breadcrumb","itemListElement":[{"@type":"ListItem","position":1,"name":"Accueil","item":"https:\/\/lecasierfrancais.es\/"},{"@type":"ListItem","position":2,"name":"Nos \u00e9quipes \u00e0 vos c\u00f4t\u00e9s dans votre projet de distributeur automatique \ud83e\udd1d"}]},{"@type":"WebSite","@id":"https:\/\/lecasierfrancais.es\/#website","url":"https:\/\/lecasierfrancais.es\/","name":"Le Casier Fran\u00e7ais","description":"","potentialAction":[{"@type":"SearchAction","target":{"@type":"EntryPoint","urlTemplate":"https:\/\/lecasierfrancais.es\/?s={search_term_string}"},"query-input":{"@type":"PropertyValueSpecification","valueRequired":true,"valueName":"search_term_string"}}],"inLanguage":"fr-FR"},{"@type":"Person","@id":"https:\/\/lecasierfrancais.es\/#\/schema\/person\/ac95c6138096844c56f2c49f81730a7a","name":"Le Casier Francais","image":{"@type":"ImageObject","inLanguage":"fr-FR","@id":"https:\/\/lecasierfrancais.es\/#\/schema\/person\/image\/","url":"https:\/\/secure.gravatar.com\/avatar\/f29776dfd97a4c78aee2ab31cb63a0f4097b8cc071a068daac2d914eb26fbbd4?s=96&d=mm&r=g","contentUrl":"https:\/\/secure.gravatar.com\/avatar\/f29776dfd97a4c78aee2ab31cb63a0f4097b8cc071a068daac2d914eb26fbbd4?s=96&d=mm&r=g","caption":"Le Casier Francais"},"url":"https:\/\/lecasierfrancais.es\/index.php\/author\/le-casier-francais\/"}]}},"_links":{"self":[{"href":"https:\/\/lecasierfrancais.es\/index.php\/wp-json\/wp\/v2\/posts\/10740","targetHints":{"allow":["GET"]}}],"collection":[{"href":"https:\/\/lecasierfrancais.es\/index.php\/wp-json\/wp\/v2\/posts"}],"about":[{"href":"https:\/\/lecasierfrancais.es\/index.php\/wp-json\/wp\/v2\/types\/post"}],"author":[{"embeddable":true,"href":"https:\/\/lecasierfrancais.es\/index.php\/wp-json\/wp\/v2\/users\/8"}],"replies":[{"embeddable":true,"href":"https:\/\/lecasierfrancais.es\/index.php\/wp-json\/wp\/v2\/comments?post=10740"}],"version-history":[{"count":2,"href":"https:\/\/lecasierfrancais.es\/index.php\/wp-json\/wp\/v2\/posts\/10740\/revisions"}],"predecessor-version":[{"id":10745,"href":"https:\/\/lecasierfrancais.es\/index.php\/wp-json\/wp\/v2\/posts\/10740\/revisions\/10745"}],"wp:featuredmedia":[{"embeddable":true,"href":"https:\/\/lecasierfrancais.es\/index.php\/wp-json\/wp\/v2\/media\/10741"}],"wp:attachment":[{"href":"https:\/\/lecasierfrancais.es\/index.php\/wp-json\/wp\/v2\/media?parent=10740"}],"wp:term":[{"taxonomy":"category","embeddable":true,"href":"https:\/\/lecasierfrancais.es\/index.php\/wp-json\/wp\/v2\/categories?post=10740"},{"taxonomy":"post_tag","embeddable":true,"href":"https:\/\/lecasierfrancais.es\/index.php\/wp-json\/wp\/v2\/tags?post=10740"}],"curies":[{"name":"wp","href":"https:\/\/api.w.org\/{rel}","templated":true}]}}