{"id":10757,"date":"2024-07-25T14:09:49","date_gmt":"2024-07-25T12:09:49","guid":{"rendered":"https:\/\/lecasierfrancais.fr\/?p=10757"},"modified":"2024-08-06T14:43:55","modified_gmt":"2024-08-06T12:43:55","slug":"les-casiers-de-fruits-et-legumes-redonnent-vie-a-ces-maraichers","status":"publish","type":"post","link":"https:\/\/lecasierfrancais.es\/index.php\/2024\/07\/25\/les-casiers-de-fruits-et-legumes-redonnent-vie-a-ces-maraichers\/","title":{"rendered":"Les casiers de fruits et l\u00e9gumes redonnent vie \u00e0 ces mara\u00eechers (59) \ud83c\udf4e"},"content":{"rendered":"[vc_row type=\u00a0\u00bbin_container\u00a0\u00bb full_screen_row_position=\u00a0\u00bbmiddle\u00a0\u00bb scene_position=\u00a0\u00bbcenter\u00a0\u00bb text_color=\u00a0\u00bbdark\u00a0\u00bb text_align=\u00a0\u00bbleft\u00a0\u00bb overlay_strength=\u00a0\u00bb0.3&Prime; shape_divider_position=\u00a0\u00bbbottom\u00a0\u00bb][vc_column column_padding=\u00a0\u00bbno-extra-padding\u00a0\u00bb column_padding_position=\u00a0\u00bball\u00a0\u00bb background_color_opacity=\u00a0\u00bb1&Prime; background_hover_color_opacity=\u00a0\u00bb1&Prime; column_shadow=\u00a0\u00bbnone\u00a0\u00bb column_border_radius=\u00a0\u00bbnone\u00a0\u00bb width=\u00a0\u00bb1\/1&Prime; tablet_text_alignment=\u00a0\u00bbdefault\u00a0\u00bb phone_text_alignment=\u00a0\u00bbdefault\u00a0\u00bb column_border_width=\u00a0\u00bbnone\u00a0\u00bb column_border_style=\u00a0\u00bbsolid\u00a0\u00bb][vc_column_text]<em>Bienvenue \u00e0 Emmerin dans le Nord \u00e0 la rencontre de Babette qui a transform\u00e9 le petit local attenant \u00e0 l\u2019exploitation familiale en point de vente connect\u00e9 gr\u00e2ce aux casiers fruits et l\u00e9gumes et produits locaux. D\u00e9couverte de l\u2019exp\u00e9rience de GAEC Emmerin apr\u00e8s 4 ans d\u2019utilisation de leurs casiers.<\/em>[\/vc_column_text][\/vc_column][\/vc_row][vc_row type=\u00a0\u00bbin_container\u00a0\u00bb full_screen_row_position=\u00a0\u00bbmiddle\u00a0\u00bb scene_position=\u00a0\u00bbcenter\u00a0\u00bb text_color=\u00a0\u00bbdark\u00a0\u00bb text_align=\u00a0\u00bbleft\u00a0\u00bb overlay_strength=\u00a0\u00bb0.3&Prime; shape_divider_position=\u00a0\u00bbbottom\u00a0\u00bb][vc_column column_padding=\u00a0\u00bbno-extra-padding\u00a0\u00bb column_padding_position=\u00a0\u00bball\u00a0\u00bb background_color_opacity=\u00a0\u00bb1&Prime; background_hover_color_opacity=\u00a0\u00bb1&Prime; column_shadow=\u00a0\u00bbnone\u00a0\u00bb column_border_radius=\u00a0\u00bbnone\u00a0\u00bb width=\u00a0\u00bb1\/1&Prime; tablet_text_alignment=\u00a0\u00bbdefault\u00a0\u00bb phone_text_alignment=\u00a0\u00bbdefault\u00a0\u00bb column_border_width=\u00a0\u00bbnone\u00a0\u00bb column_border_style=\u00a0\u00bbsolid\u00a0\u00bb]<div class=\"img-with-aniamtion-wrap center\" data-max-width=\"100%\" data-border-radius=\"none\"><div class=\"inner\"><a href=\"https:\/\/lecasierfrancais.es\/wp-content\/uploads\/2024\/07\/IMG_7917-e1721908540300.png\" class=\"pp center\"><img decoding=\"async\" data-shadow=\"none\" data-shadow-direction=\"middle\" class=\"img-with-animation \" data-delay=\"0\" height=\"600\" width=\"400\" data-animation=\"none\" src=\"https:\/\/lecasierfrancais.es\/wp-content\/uploads\/2024\/07\/IMG_7917-e1721908540300.png\"  alt=\"Distributeur automatique GAEC Emmerin\" \/><\/a><\/div><\/div>[\/vc_column][\/vc_row][vc_row type=\u00a0\u00bbin_container\u00a0\u00bb full_screen_row_position=\u00a0\u00bbmiddle\u00a0\u00bb scene_position=\u00a0\u00bbcenter\u00a0\u00bb text_color=\u00a0\u00bbdark\u00a0\u00bb text_align=\u00a0\u00bbleft\u00a0\u00bb overlay_strength=\u00a0\u00bb0.3&Prime; shape_divider_position=\u00a0\u00bbbottom\u00a0\u00bb][vc_column column_padding=\u00a0\u00bbno-extra-padding\u00a0\u00bb column_padding_position=\u00a0\u00bball\u00a0\u00bb background_color_opacity=\u00a0\u00bb1&Prime; background_hover_color_opacity=\u00a0\u00bb1&Prime; column_shadow=\u00a0\u00bbnone\u00a0\u00bb column_border_radius=\u00a0\u00bbnone\u00a0\u00bb width=\u00a0\u00bb1\/1&Prime; tablet_text_alignment=\u00a0\u00bbdefault\u00a0\u00bb phone_text_alignment=\u00a0\u00bbdefault\u00a0\u00bb column_border_width=\u00a0\u00bbnone\u00a0\u00bb column_border_style=\u00a0\u00bbsolid\u00a0\u00bb][vc_custom_heading text=\u00a0\u00bbGAEC Emmerin, les casiers fruits et l\u00e9gumes et produits locaux dont les habitants raffolent \ud83e\udd17\u00a0\u00bb use_theme_fonts=\u00a0\u00bbyes\u00a0\u00bb][vc_column_text]Pas loin de <strong>160 casiers fruits et l\u00e9gumes, r\u00e9frig\u00e9r\u00e9s<\/strong> et agenc\u00e9s comme un v\u00e9ritable petit magasin dans lequel on peut s\u2019approvisionner avec les l\u00e9gumes de la famille cultiv\u00e9s dans le champ d\u2019\u00e0 c\u00f4t\u00e9. Vous y trouverez aussi des fruits de saison, de la viande du boucher d\u2019Ann\u0153ullin, du pain d\u2019Houplin-Ancoisne, des confitures, des p\u00e2tisseries et bien d\u2019autres d\u00e9lices. Les clients affluent 7j\/7 de 8h \u00e0 20h avec un pic d\u2019affluence le samedi et le dimanche apr\u00e8s-midi quand tous les commerces sont ferm\u00e9s.<em> \u00ab\u00a0Ces jours-l\u00e0, on n\u2019a m\u00eame pas le temps de manger\u00a0\u00bb<\/em> s\u2019amuse Babette, la gestionnaire des casiers.[\/vc_column_text][\/vc_column][\/vc_row][vc_row type=\u00a0\u00bbin_container\u00a0\u00bb full_screen_row_position=\u00a0\u00bbmiddle\u00a0\u00bb scene_position=\u00a0\u00bbcenter\u00a0\u00bb text_color=\u00a0\u00bbdark\u00a0\u00bb text_align=\u00a0\u00bbleft\u00a0\u00bb overlay_strength=\u00a0\u00bb0.3&Prime; shape_divider_position=\u00a0\u00bbbottom\u00a0\u00bb][vc_column column_padding=\u00a0\u00bbno-extra-padding\u00a0\u00bb column_padding_position=\u00a0\u00bball\u00a0\u00bb background_color_opacity=\u00a0\u00bb1&Prime; background_hover_color_opacity=\u00a0\u00bb1&Prime; column_shadow=\u00a0\u00bbnone\u00a0\u00bb column_border_radius=\u00a0\u00bbnone\u00a0\u00bb width=\u00a0\u00bb1\/1&Prime; tablet_text_alignment=\u00a0\u00bbdefault\u00a0\u00bb phone_text_alignment=\u00a0\u00bbdefault\u00a0\u00bb column_border_width=\u00a0\u00bbnone\u00a0\u00bb column_border_style=\u00a0\u00bbsolid\u00a0\u00bb][vc_custom_heading text=\u00a0\u00bbUne histoire de famille pour ces casiers de fruits et l\u00e9gumes \ud83d\udc68\u200d\ud83d\udc69\u200d\ud83d\udc67\u200d\ud83d\udc66\u00a0\u00bb use_theme_fonts=\u00a0\u00bbyes\u00a0\u00bb][vc_column_text]Dans la famille Soufflet, on est <strong>mara\u00eecher depuis 4 g\u00e9n\u00e9rations<\/strong>. Les premiers producteurs de la famille ont d\u00e9but\u00e9 avec un petit terrain apr\u00e8s la premi\u00e8re guerre mondiale. Petit \u00e0 petit, l\u2019exploitation grandit, grandit et quand Beno\u00eet, de la derni\u00e8re g\u00e9n\u00e9ration, devient \u00e0 son tour mara\u00eecher, il trouve l\u2019exploitation trop vaste. La famille vend ses productions de masse au March\u00e9 d\u2019Int\u00e9r\u00eat National, et est souvent contrainte aux exigences du MIN avec des prix au rabais et des fluctuations du march\u00e9. Cette instabilit\u00e9 permanente devenait insoutenable pour Matthieu et ses parents. Alors, il a un beau jour <strong>l\u2019id\u00e9e d\u2019ouvrir des casiers de fruits et l\u00e9gumes<\/strong>.[\/vc_column_text][\/vc_column][\/vc_row][vc_row type=\u00a0\u00bbin_container\u00a0\u00bb full_screen_row_position=\u00a0\u00bbmiddle\u00a0\u00bb scene_position=\u00a0\u00bbcenter\u00a0\u00bb text_color=\u00a0\u00bbdark\u00a0\u00bb text_align=\u00a0\u00bbleft\u00a0\u00bb overlay_strength=\u00a0\u00bb0.3&Prime; shape_divider_position=\u00a0\u00bbbottom\u00a0\u00bb][vc_column column_padding=\u00a0\u00bbno-extra-padding\u00a0\u00bb column_padding_position=\u00a0\u00bball\u00a0\u00bb background_color_opacity=\u00a0\u00bb1&Prime; background_hover_color_opacity=\u00a0\u00bb1&Prime; column_shadow=\u00a0\u00bbnone\u00a0\u00bb column_border_radius=\u00a0\u00bbnone\u00a0\u00bb width=\u00a0\u00bb1\/1&Prime; tablet_text_alignment=\u00a0\u00bbdefault\u00a0\u00bb phone_text_alignment=\u00a0\u00bbdefault\u00a0\u00bb column_border_width=\u00a0\u00bbnone\u00a0\u00bb column_border_style=\u00a0\u00bbsolid\u00a0\u00bb][vc_custom_heading text=\u00a0\u00bbLes casiers de fruits et l\u00e9gumes pour des amoureux de produits locaux \ud83e\udd55\u00a0\u00bb use_theme_fonts=\u00a0\u00bbyes\u00a0\u00bb][vc_column_text]<em>\u00ab\u00a0Au d\u00e9but, nous avons commenc\u00e9 avec 36 casiers, seulement.\u00a0Tr\u00e8s vite, on a compris que nos clients avait une app\u00e9tence pour nos produits locaux alors on a agrandi au fur et \u00e0 mesure notre installation\u2026\u00bb<\/em> nous explique Babette, la maman de Beno\u00eet. Aujourd\u2019hui, la famille mara\u00eech\u00e8re compte 160 casiers r\u00e9frig\u00e9r\u00e9s et <a href=\"https:\/\/lecasierfrancais.es\/index.php\/2024\/02\/13\/personnalisation-des-casiers\/\" target=\"_blank\" rel=\"noopener\">personnalis\u00e9s par notre graphiste<\/a> selon les envies de Babette. Les derniers en date ont \u00e9t\u00e9 install\u00e9s \u00e0 la demande de leur client\u00e8le, en attente de toujours plus de <strong>produits locaux<\/strong>. D\u2019ailleurs, ces petits derniers utilisent notre derni\u00e8re<a href=\"https:\/\/lecasierfrancais.es\/index.php\/2024\/04\/16\/le-casier-francais-des-innovations-qui-font-grandir-le-service\/\" target=\"_blank\" rel=\"noopener\"> innovation du plateau tournant<\/a> visant \u00e0 <strong>optimiser la surface de vente<\/strong> au sein d\u2019une m\u00eame cellule.[\/vc_column_text][\/vc_column][\/vc_row][vc_row type=\u00a0\u00bbin_container\u00a0\u00bb full_screen_row_position=\u00a0\u00bbmiddle\u00a0\u00bb scene_position=\u00a0\u00bbcenter\u00a0\u00bb text_color=\u00a0\u00bbdark\u00a0\u00bb text_align=\u00a0\u00bbleft\u00a0\u00bb overlay_strength=\u00a0\u00bb0.3&Prime; shape_divider_position=\u00a0\u00bbbottom\u00a0\u00bb][vc_column column_padding=\u00a0\u00bbno-extra-padding\u00a0\u00bb column_padding_position=\u00a0\u00bball\u00a0\u00bb background_color_opacity=\u00a0\u00bb1&Prime; background_hover_color_opacity=\u00a0\u00bb1&Prime; column_shadow=\u00a0\u00bbnone\u00a0\u00bb column_border_radius=\u00a0\u00bbnone\u00a0\u00bb width=\u00a0\u00bb1\/1&Prime; tablet_text_alignment=\u00a0\u00bbdefault\u00a0\u00bb phone_text_alignment=\u00a0\u00bbdefault\u00a0\u00bb column_border_width=\u00a0\u00bbnone\u00a0\u00bb column_border_style=\u00a0\u00bbsolid\u00a0\u00bb]<div class=\"img-with-aniamtion-wrap center\" data-max-width=\"100%\" data-border-radius=\"none\"><div class=\"inner\"><a href=\"https:\/\/lecasierfrancais.es\/wp-content\/uploads\/2024\/07\/IMG_7922-scaled-e1721908523575.jpg\" class=\"pp center\"><img decoding=\"async\" data-shadow=\"none\" data-shadow-direction=\"middle\" class=\"img-with-animation \" data-delay=\"0\" height=\"400\" width=\"600\" data-animation=\"none\" src=\"https:\/\/lecasierfrancais.es\/wp-content\/uploads\/2024\/07\/IMG_7922-scaled-e1721908523575.jpg\"  alt=\"GAEC Emmerin, point de vente automatis\u00e9 pour des produits lcoaux\" \/><\/a><\/div><\/div>[\/vc_column][\/vc_row][vc_row type=\u00a0\u00bbin_container\u00a0\u00bb full_screen_row_position=\u00a0\u00bbmiddle\u00a0\u00bb scene_position=\u00a0\u00bbcenter\u00a0\u00bb text_color=\u00a0\u00bbdark\u00a0\u00bb text_align=\u00a0\u00bbleft\u00a0\u00bb overlay_strength=\u00a0\u00bb0.3&Prime; shape_divider_position=\u00a0\u00bbbottom\u00a0\u00bb][vc_column column_padding=\u00a0\u00bbno-extra-padding\u00a0\u00bb column_padding_position=\u00a0\u00bball\u00a0\u00bb background_color_opacity=\u00a0\u00bb1&Prime; background_hover_color_opacity=\u00a0\u00bb1&Prime; column_shadow=\u00a0\u00bbnone\u00a0\u00bb column_border_radius=\u00a0\u00bbnone\u00a0\u00bb width=\u00a0\u00bb1\/1&Prime; tablet_text_alignment=\u00a0\u00bbdefault\u00a0\u00bb phone_text_alignment=\u00a0\u00bbdefault\u00a0\u00bb column_border_width=\u00a0\u00bbnone\u00a0\u00bb column_border_style=\u00a0\u00bbsolid\u00a0\u00bb][vc_custom_heading text=\u00a0\u00bbUne r\u00e9surrection de l\u2019exploitation gr\u00e2ce aux casiers de fruits et l\u00e9gumes \u2764\ufe0f\u00a0\u00bb use_theme_fonts=\u00a0\u00bbyes\u00a0\u00bb][vc_column_text]Babette nous explique avec beaucoup de joie que <em>\u00ab\u00a0Avant, quand on vendait au MIN, on \u00e9tait en train de mourir. D\u00e9sormais, avec les casiers, on revit, c\u2019est incroyable\u00a0!\u00a0\u00bb.<\/em> Les mara\u00eechers ont revu la production sur l\u2019exploitation pour ne <a href=\"https:\/\/lecasierfrancais.es\/index.php\/2024\/03\/12\/10-bonnes-raisons-de-passer-a-la-vente-directe-par-casiers\/\" target=\"_blank\" rel=\"noopener\">produire que ce qu\u2019ils vendent en <strong>vente directe<\/strong><\/a> au consommateur dans les distributeurs. \u00ab<em>\u00a0On a une plus petite surface qu\u2019avant mais on propose plus de vari\u00e9t\u00e9s qu\u2019avant et on vend toute notre r\u00e9colte dans nos distributeurs.\u00a0\u00bb<\/em> 90% des revenus de la famille proviennent des ventes des casiers automatiques.[\/vc_column_text][\/vc_column][\/vc_row][vc_row type=\u00a0\u00bbin_container\u00a0\u00bb full_screen_row_position=\u00a0\u00bbmiddle\u00a0\u00bb scene_position=\u00a0\u00bbcenter\u00a0\u00bb text_color=\u00a0\u00bbdark\u00a0\u00bb text_align=\u00a0\u00bbleft\u00a0\u00bb overlay_strength=\u00a0\u00bb0.3&Prime; shape_divider_position=\u00a0\u00bbbottom\u00a0\u00bb][vc_column column_padding=\u00a0\u00bbno-extra-padding\u00a0\u00bb column_padding_position=\u00a0\u00bball\u00a0\u00bb background_color_opacity=\u00a0\u00bb1&Prime; background_hover_color_opacity=\u00a0\u00bb1&Prime; column_shadow=\u00a0\u00bbnone\u00a0\u00bb column_border_radius=\u00a0\u00bbnone\u00a0\u00bb width=\u00a0\u00bb1\/1&Prime; tablet_text_alignment=\u00a0\u00bbdefault\u00a0\u00bb phone_text_alignment=\u00a0\u00bbdefault\u00a0\u00bb column_border_width=\u00a0\u00bbnone\u00a0\u00bb column_border_style=\u00a0\u00bbsolid\u00a0\u00bb][vc_custom_heading text=\u00a0\u00bbVendre ses fruits et l\u00e9gumes dans des casiers, le soulagement pour ces mara\u00eechers \ud83d\ude0a\u00a0\u00bb use_theme_fonts=\u00a0\u00bbyes\u00a0\u00bb][vc_column_text]<em>\u00ab\u00a0Depuis qu\u2019on a nos casiers, on a retrouv\u00e9 le sourire\u00a0!\u00a0\u00bb<\/em> La mara\u00eech\u00e8re nous explique que ce choix de business a permis de <strong>retrouver une r\u00e9mun\u00e9ration non al\u00e9atoire<\/strong> et que cela a apais\u00e9 toute la famille. <em>\u00ab\u00a0Gr\u00e2ce \u00e0 votre outil <a href=\"https:\/\/lecasierfrancais.es\/index.php\/nos-solutions-modulables\/#Gestion\" target=\"_blank\" rel=\"noopener\">Le Kiosque<\/a>, on sait chaque jour ce qu\u2019on gagne. Fini les mauvaises surprises en fin de mois. Maintenant, on travaille beaucoup mais on sait pourquoi on travaille\u00a0!\u00a0\u00bb<\/em>. Babette semble reconnaissante de ce nouveau choix de vie. <em>\u00ab\u00a0On produit moins et mieux.\u00a0En plus, on voit dans quelle assiette va finir notre produit. C\u2019est que du bonheur\u00a0!\u00bb.<\/em>[\/vc_column_text][\/vc_column][\/vc_row][vc_row type=\u00a0\u00bbin_container\u00a0\u00bb full_screen_row_position=\u00a0\u00bbmiddle\u00a0\u00bb scene_position=\u00a0\u00bbcenter\u00a0\u00bb text_color=\u00a0\u00bbdark\u00a0\u00bb text_align=\u00a0\u00bbleft\u00a0\u00bb overlay_strength=\u00a0\u00bb0.3&Prime; shape_divider_position=\u00a0\u00bbbottom\u00a0\u00bb][vc_column column_padding=\u00a0\u00bbno-extra-padding\u00a0\u00bb column_padding_position=\u00a0\u00bball\u00a0\u00bb background_color_opacity=\u00a0\u00bb1&Prime; background_hover_color_opacity=\u00a0\u00bb1&Prime; column_shadow=\u00a0\u00bbnone\u00a0\u00bb column_border_radius=\u00a0\u00bbnone\u00a0\u00bb width=\u00a0\u00bb1\/1&Prime; tablet_text_alignment=\u00a0\u00bbdefault\u00a0\u00bb phone_text_alignment=\u00a0\u00bbdefault\u00a0\u00bb column_border_width=\u00a0\u00bbnone\u00a0\u00bb column_border_style=\u00a0\u00bbsolid\u00a0\u00bb][vc_custom_heading text=\u00a0\u00bbLe Casier Fran\u00e7ais, un choix \u00e9vident pour leurs casiers de fruits et l\u00e9gumes \ud83d\udd35\u26aa\ud83d\udd34\u00a0\u00bb use_theme_fonts=\u00a0\u00bbyes\u00a0\u00bb][vc_column_text]La famille Soufflet s\u2019est naturellement tourn\u00e9e vers nous pour ses casiers car <strong>nos valeurs<\/strong> \u00e9taient en phase avec les siennes\u00a0: <a href=\"https:\/\/lecasierfrancais.es\/index.php\/2024\/06\/11\/de-la-commande-a-linstallation-de-votre-distributeur-automatique\/\" target=\"_blank\" rel=\"noopener\">fabrication fran\u00e7aise<\/a> et <strong>production locale<\/strong>. <em>\u00ab\u00a0En plus, l\u2019\u00e9quipe est TOP, d\u2019une grande sympathie et \u00e0 l\u2019\u00e9coute du client. Gr\u00e2ce \u00e0 elle, j\u2019ai pu personnaliser mes distributeurs et j\u2019ai une installation fid\u00e8le \u00e0 ce que je voulais.\u00a0\u00bb.<\/em> Les casiers sont install\u00e9s dans le tout premier local o\u00f9 leurs anc\u00eatres vendaient eux-m\u00eames leurs fruits et l\u00e9gumes, juste \u00e0 c\u00f4t\u00e9 de la maison de Beno\u00eet. Ce nouveau virage dans leur business a n\u00e9cessit\u00e9 une nouvelle organisation <em>\u00ab\u00a0Aujourd\u2019hui, nous sommes producteurs et vendeurs. J\u2019ai l\u2019impression d\u2019avoir chang\u00e9 de m\u00e9tier, c\u2019est passionnant\u00a0!\u00a0\u00bb<\/em>.[\/vc_column_text][\/vc_column][\/vc_row][vc_row type=\u00a0\u00bbin_container\u00a0\u00bb full_screen_row_position=\u00a0\u00bbmiddle\u00a0\u00bb scene_position=\u00a0\u00bbcenter\u00a0\u00bb text_color=\u00a0\u00bbdark\u00a0\u00bb text_align=\u00a0\u00bbleft\u00a0\u00bb overlay_strength=\u00a0\u00bb0.3&Prime; shape_divider_position=\u00a0\u00bbbottom\u00a0\u00bb][vc_column column_padding=\u00a0\u00bbno-extra-padding\u00a0\u00bb column_padding_position=\u00a0\u00bball\u00a0\u00bb background_color_opacity=\u00a0\u00bb1&Prime; background_hover_color_opacity=\u00a0\u00bb1&Prime; column_shadow=\u00a0\u00bbnone\u00a0\u00bb column_border_radius=\u00a0\u00bbnone\u00a0\u00bb width=\u00a0\u00bb1\/1&Prime; tablet_text_alignment=\u00a0\u00bbdefault\u00a0\u00bb phone_text_alignment=\u00a0\u00bbdefault\u00a0\u00bb column_border_width=\u00a0\u00bbnone\u00a0\u00bb column_border_style=\u00a0\u00bbsolid\u00a0\u00bb]<div class=\"img-with-aniamtion-wrap center\" data-max-width=\"100%\" data-border-radius=\"none\"><div class=\"inner\"><a href=\"https:\/\/lecasierfrancais.es\/wp-content\/uploads\/2024\/07\/IMG_8005-e1721908508331.png\" class=\"pp center\"><img decoding=\"async\" data-shadow=\"none\" data-shadow-direction=\"middle\" class=\"img-with-animation \" data-delay=\"0\" height=\"384\" width=\"600\" data-animation=\"none\" src=\"https:\/\/lecasierfrancais.es\/wp-content\/uploads\/2024\/07\/IMG_8005-e1721908508331.png\"  alt=\"Le p\u00e8re et le fils Soufflet en train de semer\" \/><\/a><\/div><\/div>[\/vc_column][\/vc_row][vc_row type=\u00a0\u00bbin_container\u00a0\u00bb full_screen_row_position=\u00a0\u00bbmiddle\u00a0\u00bb scene_position=\u00a0\u00bbcenter\u00a0\u00bb text_color=\u00a0\u00bbdark\u00a0\u00bb text_align=\u00a0\u00bbleft\u00a0\u00bb overlay_strength=\u00a0\u00bb0.3&Prime; shape_divider_position=\u00a0\u00bbbottom\u00a0\u00bb][vc_column column_padding=\u00a0\u00bbno-extra-padding\u00a0\u00bb column_padding_position=\u00a0\u00bball\u00a0\u00bb background_color_opacity=\u00a0\u00bb1&Prime; background_hover_color_opacity=\u00a0\u00bb1&Prime; column_shadow=\u00a0\u00bbnone\u00a0\u00bb column_border_radius=\u00a0\u00bbnone\u00a0\u00bb width=\u00a0\u00bb1\/1&Prime; tablet_text_alignment=\u00a0\u00bbdefault\u00a0\u00bb phone_text_alignment=\u00a0\u00bbdefault\u00a0\u00bb column_border_width=\u00a0\u00bbnone\u00a0\u00bb column_border_style=\u00a0\u00bbsolid\u00a0\u00bb][vc_custom_heading text=\u00a0\u00bbAux casiers de fruits et l\u00e9gumes, il y a toujours quelqu\u2019un \ud83d\udc69\u200d\ud83e\uddb0\u00a0\u00bb use_theme_fonts=\u00a0\u00bbyes\u00a0\u00bb][vc_column_text]Malgr\u00e9 une vente enti\u00e8rement automatis\u00e9e, Babette tient \u00e0 toujours \u00eatre pr\u00e9sente. Elle bichonne ses casiers comme personne. <em>\u00ab\u00a0Par respect pour les clients, je fais en sorte qu\u2019ils soient toujours propres.\u00a0\u00bb<\/em> Elle se charge aussi de d\u00e9corer les lieux, de recharger d\u00e8s que cela est n\u00e9cessaire et de faire l\u2019accueil des clients. <em>\u00ab\u00a0Cela me fait plaisir d\u2019humaniser ma boutique, d\u2019informer, d\u2019expliquer comment cela fonctionne et surtout de montrer que nos produits viennent du champ en face.\u00a0\u00bb<\/em> Pour de l\u2019<strong>ultra local<\/strong>, on ne pouvait pas faire mieux\u00a0![\/vc_column_text][\/vc_column][\/vc_row][vc_row type=\u00a0\u00bbin_container\u00a0\u00bb full_screen_row_position=\u00a0\u00bbmiddle\u00a0\u00bb scene_position=\u00a0\u00bbcenter\u00a0\u00bb text_color=\u00a0\u00bbdark\u00a0\u00bb text_align=\u00a0\u00bbleft\u00a0\u00bb overlay_strength=\u00a0\u00bb0.3&Prime; shape_divider_position=\u00a0\u00bbbottom\u00a0\u00bb][vc_column column_padding=\u00a0\u00bbno-extra-padding\u00a0\u00bb column_padding_position=\u00a0\u00bball\u00a0\u00bb background_color_opacity=\u00a0\u00bb1&Prime; background_hover_color_opacity=\u00a0\u00bb1&Prime; column_shadow=\u00a0\u00bbnone\u00a0\u00bb column_border_radius=\u00a0\u00bbnone\u00a0\u00bb width=\u00a0\u00bb1\/1&Prime; tablet_text_alignment=\u00a0\u00bbdefault\u00a0\u00bb phone_text_alignment=\u00a0\u00bbdefault\u00a0\u00bb column_border_width=\u00a0\u00bbnone\u00a0\u00bb column_border_style=\u00a0\u00bbsolid\u00a0\u00bb][vc_custom_heading text=\u00a0\u00bbUne client\u00e8le au rendez-vous des casiers fruits et l\u00e9gumes depuis le d\u00e9but \ud83e\uddfa\u00a0\u00bb use_theme_fonts=\u00a0\u00bbyes\u00a0\u00bb][vc_column_text]Sans d\u00e9ployer de moyens de communication, Babette est ravie de voir que la client\u00e8le est arriv\u00e9e en masse \u00e0 ses casiers de fruits et l\u00e9gumes. \u00a0<strong>La fr\u00e9quentation bat son plein<\/strong> chaque jour de la semaine, ce qui est plut\u00f4t gratifiant pour notre famille mara\u00eech\u00e8re. <em>\u00ab\u00a0Aujourd\u2019hui, nous avons une client\u00e8le diversifi\u00e9e de 6 \u00e0 98 ans\u00a0!\u00a0\u00bb<\/em> nous explique-t-elle. Les craintes des plus anciens sur le c\u00f4t\u00e9 informatis\u00e9 de la machine ont \u00e9t\u00e9 vite balay\u00e9es par la <strong>facilit\u00e9 d\u2019utilisation<\/strong> de notre solution technologique. <em>\u00ab On est en pleine campagne : on a beaucoup de promeneurs qui passent devant par hasard et finissent par revenir pour faire des achats. M\u00eame le jour du march\u00e9 au village, on a du monde. C\u2019est super ! \u00bb<\/em> Les mara\u00eechers d\u2019Emmerin constatent qu\u2019un retour \u00e0 l\u2019essentiel et au commerces directs des producteurs ont \u00e9t\u00e9 la cl\u00e9 de leur succ\u00e8s.[\/vc_column_text][\/vc_column][\/vc_row][vc_row type=\u00a0\u00bbin_container\u00a0\u00bb full_screen_row_position=\u00a0\u00bbmiddle\u00a0\u00bb scene_position=\u00a0\u00bbcenter\u00a0\u00bb text_color=\u00a0\u00bbdark\u00a0\u00bb text_align=\u00a0\u00bbleft\u00a0\u00bb overlay_strength=\u00a0\u00bb0.3&Prime; shape_divider_position=\u00a0\u00bbbottom\u00a0\u00bb][vc_column column_padding=\u00a0\u00bbno-extra-padding\u00a0\u00bb column_padding_position=\u00a0\u00bball\u00a0\u00bb background_color_opacity=\u00a0\u00bb1&Prime; background_hover_color_opacity=\u00a0\u00bb1&Prime; column_shadow=\u00a0\u00bbnone\u00a0\u00bb column_border_radius=\u00a0\u00bbnone\u00a0\u00bb width=\u00a0\u00bb1\/1&Prime; tablet_text_alignment=\u00a0\u00bbdefault\u00a0\u00bb phone_text_alignment=\u00a0\u00bbdefault\u00a0\u00bb column_border_width=\u00a0\u00bbnone\u00a0\u00bb column_border_style=\u00a0\u00bbsolid\u00a0\u00bb][vc_custom_heading text=\u00a0\u00bbBabette, notre premi\u00e8re ambassadrice pour les casiers fruits et l\u00e9gumes \ud83d\udce2\u00a0\u00bb use_theme_fonts=\u00a0\u00bbyes\u00a0\u00bb][vc_column_text]Tr\u00e8s contente d\u2019avoir trouv\u00e9 dans les casiers une fa\u00e7on de faire rena\u00eetre son m\u00e9tier, la famille Soufflet <strong>recommande \u00e0 qui veut de se lancer dans la vente automatique par distributeur<\/strong>. Malgr\u00e9 l\u2019investissement que cela repr\u00e9sente, Babette assure que ses casiers ont tr\u00e8s vite \u00e9taient b\u00e9n\u00e9fiques pour leur commerce\u00a0: <em>\u00ab\u00a0Pour nos 2 premiers modules, en 4 mois, ils \u00e9taient rentabilis\u00e9s\u00a0!\u00a0\u00bb<\/em>.\u00a0 Une fa\u00e7on d\u2019encourager les autres producteurs \u00e0 se lancer. <em>\u00ab Nous, on recommande vraiment le casier. C\u2019est gratifiant pour un producteur de voir dans quelle assiette va terminer notre produit. \u00bb<\/em> Avec ses casiers de produits locaux, Babette nous assure avoir dit <strong>au revoir \u00e0 la grande distribution<\/strong> et avoir fait place \u00e0 l\u2019ultra local.[\/vc_column_text][\/vc_column][\/vc_row][vc_row type=\u00a0\u00bbin_container\u00a0\u00bb full_screen_row_position=\u00a0\u00bbmiddle\u00a0\u00bb scene_position=\u00a0\u00bbcenter\u00a0\u00bb text_color=\u00a0\u00bbdark\u00a0\u00bb text_align=\u00a0\u00bbleft\u00a0\u00bb overlay_strength=\u00a0\u00bb0.3&Prime; shape_divider_position=\u00a0\u00bbbottom\u00a0\u00bb][vc_column column_padding=\u00a0\u00bbno-extra-padding\u00a0\u00bb column_padding_position=\u00a0\u00bball\u00a0\u00bb background_color_opacity=\u00a0\u00bb1&Prime; background_hover_color_opacity=\u00a0\u00bb1&Prime; column_shadow=\u00a0\u00bbnone\u00a0\u00bb column_border_radius=\u00a0\u00bbnone\u00a0\u00bb width=\u00a0\u00bb1\/1&Prime; tablet_text_alignment=\u00a0\u00bbdefault\u00a0\u00bb phone_text_alignment=\u00a0\u00bbdefault\u00a0\u00bb column_border_width=\u00a0\u00bbnone\u00a0\u00bb column_border_style=\u00a0\u00bbsolid\u00a0\u00bb][vc_column_text]\ud83d\udccc<strong>GAEC Emmerin<\/strong><\/p>\n<p>1 chemin de Santes \u00e0 Emmerin<\/p>\n<p>Ouvert tous les jours de 8h \u00e0 20h<\/p>\n<p>Page facebook\u00a0: <a href=\"https:\/\/www.facebook.com\/gaecdemmerin?locale=fr_FR\">https:\/\/www.facebook.com\/gaecdemmerin?locale=fr_FR<\/a><\/p>\n[\/vc_column_text][\/vc_column][\/vc_row][vc_row type=\u00a0\u00bbin_container\u00a0\u00bb full_screen_row_position=\u00a0\u00bbmiddle\u00a0\u00bb scene_position=\u00a0\u00bbcenter\u00a0\u00bb text_color=\u00a0\u00bbdark\u00a0\u00bb text_align=\u00a0\u00bbleft\u00a0\u00bb overlay_strength=\u00a0\u00bb0.3&Prime; shape_divider_position=\u00a0\u00bbbottom\u00a0\u00bb][vc_column column_padding=\u00a0\u00bbno-extra-padding\u00a0\u00bb column_padding_position=\u00a0\u00bball\u00a0\u00bb background_color_opacity=\u00a0\u00bb1&Prime; background_hover_color_opacity=\u00a0\u00bb1&Prime; column_shadow=\u00a0\u00bbnone\u00a0\u00bb column_border_radius=\u00a0\u00bbnone\u00a0\u00bb width=\u00a0\u00bb1\/1&Prime; tablet_text_alignment=\u00a0\u00bbdefault\u00a0\u00bb phone_text_alignment=\u00a0\u00bbdefault\u00a0\u00bb column_border_width=\u00a0\u00bbnone\u00a0\u00bb column_border_style=\u00a0\u00bbsolid\u00a0\u00bb][vc_zigzag color=\u00a0\u00bbvista_blue\u00a0\u00bb][vc_column_text]<strong>Babette vous a convaincu ? Votre projet se dessine dans votre t\u00eate ?<\/strong> Contactez-nous et rendons-le possible : contact@lecasierfrancais.fr \ud83d\udce8[\/vc_column_text][\/vc_column][\/vc_row]\n","protected":false},"excerpt":{"rendered":"<p>[vc_row type=\u00a0\u00bbin_container\u00a0\u00bb full_screen_row_position=\u00a0\u00bbmiddle\u00a0\u00bb scene_position=\u00a0\u00bbcenter\u00a0\u00bb text_color=\u00a0\u00bbdark\u00a0\u00bb text_align=\u00a0\u00bbleft\u00a0\u00bb overlay_strength=\u00a0\u00bb0.3&Prime; shape_divider_position=\u00a0\u00bbbottom\u00a0\u00bb][vc_column column_padding=\u00a0\u00bbno-extra-padding\u00a0\u00bb column_padding_position=\u00a0\u00bball\u00a0\u00bb background_color_opacity=\u00a0\u00bb1&Prime; background_hover_color_opacity=\u00a0\u00bb1&Prime; column_shadow=\u00a0\u00bbnone\u00a0\u00bb column_border_radius=\u00a0\u00bbnone\u00a0\u00bb width=\u00a0\u00bb1\/1&Prime;&#8230;<\/p>\n","protected":false},"author":8,"featured_media":10762,"comment_status":"open","ping_status":"open","sticky":false,"template":"","format":"standard","meta":{"footnotes":""},"categories":[564],"tags":[453,396,417,418,681,614,680,421,567,451,568,615,682,477],"class_list":{"0":"post-10757","1":"post","2":"type-post","3":"status-publish","4":"format-standard","5":"has-post-thumbnail","7":"category-portraits-de-producteurs","8":"tag-casier-automatique","9":"tag-casiers","10":"tag-circuit-court","11":"tag-distributeur-automatique","12":"tag-du-producteur-au-consommateur","13":"tag-fruits-et-legumes","14":"tag-gaec-emmerin","15":"tag-le-casier-francais","16":"tag-libre-service","17":"tag-maraicher","18":"tag-portrait","19":"tag-portrait-producteur","20":"tag-vente-automatisee","21":"tag-vente-directe"},"yoast_head":"<!-- This site is optimized with the Yoast SEO Premium plugin v26.1 (Yoast SEO v26.1.1) - https:\/\/yoast.com\/wordpress\/plugins\/seo\/ -->\n<title>Les casiers de fruits et l\u00e9gumes redonnent vie \u00e0 ces mara\u00eechers (59) \ud83c\udf4e - Le Casier Fran\u00e7ais<\/title>\n<meta name=\"description\" content=\"Des casiers de fruits et l\u00e9gumes font revivre l&#039;exploitation des mara\u00eechers d&#039;Emmerin dans le Nord. D\u00e9couverte de leur exp\u00e9rience.\" \/>\n<meta name=\"robots\" content=\"index, follow, max-snippet:-1, max-image-preview:large, max-video-preview:-1\" \/>\n<link rel=\"canonical\" href=\"https:\/\/lecasierfrancais.es\/index.php\/2024\/07\/25\/les-casiers-de-fruits-et-legumes-redonnent-vie-a-ces-maraichers\/\" \/>\n<meta property=\"og:locale\" content=\"fr_FR\" \/>\n<meta property=\"og:type\" content=\"article\" \/>\n<meta property=\"og:title\" content=\"Les casiers de fruits et l\u00e9gumes redonnent vie \u00e0 ces mara\u00eechers (59) \ud83c\udf4e\" \/>\n<meta property=\"og:description\" content=\"Des casiers de fruits et l\u00e9gumes font revivre l&#039;exploitation des mara\u00eechers d&#039;Emmerin dans le Nord. D\u00e9couverte de leur exp\u00e9rience.\" \/>\n<meta property=\"og:url\" content=\"https:\/\/lecasierfrancais.es\/index.php\/2024\/07\/25\/les-casiers-de-fruits-et-legumes-redonnent-vie-a-ces-maraichers\/\" \/>\n<meta property=\"og:site_name\" content=\"Le Casier Fran\u00e7ais\" \/>\n<meta property=\"article:publisher\" content=\"https:\/\/www.facebook.com\/lecasierfrancais\/\" \/>\n<meta property=\"article:published_time\" content=\"2024-07-25T12:09:49+00:00\" \/>\n<meta property=\"article:modified_time\" content=\"2024-08-06T12:43:55+00:00\" \/>\n<meta property=\"og:image\" content=\"https:\/\/lecasierfrancais.es\/wp-content\/uploads\/2024\/07\/IMG_7956-scaled-e1721908466769.jpg\" \/>\n\t<meta property=\"og:image:width\" content=\"400\" \/>\n\t<meta property=\"og:image:height\" content=\"600\" \/>\n\t<meta property=\"og:image:type\" content=\"image\/jpeg\" \/>\n<meta name=\"author\" content=\"Le Casier Francais\" \/>\n<meta name=\"twitter:card\" content=\"summary_large_image\" \/>\n<meta name=\"twitter:label1\" content=\"\u00c9crit par\" \/>\n\t<meta name=\"twitter:data1\" content=\"Le Casier Francais\" \/>\n\t<meta name=\"twitter:label2\" content=\"Dur\u00e9e de lecture estim\u00e9e\" \/>\n\t<meta name=\"twitter:data2\" content=\"8 minutes\" \/>\n<script type=\"application\/ld+json\" class=\"yoast-schema-graph\">{\"@context\":\"https:\/\/schema.org\",\"@graph\":[{\"@type\":\"WebPage\",\"@id\":\"https:\/\/lecasierfrancais.es\/index.php\/2024\/07\/25\/les-casiers-de-fruits-et-legumes-redonnent-vie-a-ces-maraichers\/\",\"url\":\"https:\/\/lecasierfrancais.es\/index.php\/2024\/07\/25\/les-casiers-de-fruits-et-legumes-redonnent-vie-a-ces-maraichers\/\",\"name\":\"Les casiers de fruits et l\u00e9gumes redonnent vie \u00e0 ces mara\u00eechers (59) \ud83c\udf4e - Le Casier Fran\u00e7ais\",\"isPartOf\":{\"@id\":\"https:\/\/lecasierfrancais.es\/#website\"},\"primaryImageOfPage\":{\"@id\":\"https:\/\/lecasierfrancais.es\/index.php\/2024\/07\/25\/les-casiers-de-fruits-et-legumes-redonnent-vie-a-ces-maraichers\/#primaryimage\"},\"image\":{\"@id\":\"https:\/\/lecasierfrancais.es\/index.php\/2024\/07\/25\/les-casiers-de-fruits-et-legumes-redonnent-vie-a-ces-maraichers\/#primaryimage\"},\"thumbnailUrl\":\"https:\/\/lecasierfrancais.es\/wp-content\/uploads\/2024\/07\/IMG_7956-scaled-e1721908466769.jpg\",\"datePublished\":\"2024-07-25T12:09:49+00:00\",\"dateModified\":\"2024-08-06T12:43:55+00:00\",\"author\":{\"@id\":\"https:\/\/lecasierfrancais.es\/#\/schema\/person\/ac95c6138096844c56f2c49f81730a7a\"},\"description\":\"Des casiers de fruits et l\u00e9gumes font revivre l'exploitation des mara\u00eechers d'Emmerin dans le Nord. D\u00e9couverte de leur exp\u00e9rience.\",\"breadcrumb\":{\"@id\":\"https:\/\/lecasierfrancais.es\/index.php\/2024\/07\/25\/les-casiers-de-fruits-et-legumes-redonnent-vie-a-ces-maraichers\/#breadcrumb\"},\"inLanguage\":\"fr-FR\",\"potentialAction\":[{\"@type\":\"ReadAction\",\"target\":[\"https:\/\/lecasierfrancais.es\/index.php\/2024\/07\/25\/les-casiers-de-fruits-et-legumes-redonnent-vie-a-ces-maraichers\/\"]}]},{\"@type\":\"ImageObject\",\"inLanguage\":\"fr-FR\",\"@id\":\"https:\/\/lecasierfrancais.es\/index.php\/2024\/07\/25\/les-casiers-de-fruits-et-legumes-redonnent-vie-a-ces-maraichers\/#primaryimage\",\"url\":\"https:\/\/lecasierfrancais.es\/wp-content\/uploads\/2024\/07\/IMG_7956-scaled-e1721908466769.jpg\",\"contentUrl\":\"https:\/\/lecasierfrancais.es\/wp-content\/uploads\/2024\/07\/IMG_7956-scaled-e1721908466769.jpg\",\"width\":400,\"height\":600,\"caption\":\"Babette, en train de recharger ses casiers\"},{\"@type\":\"BreadcrumbList\",\"@id\":\"https:\/\/lecasierfrancais.es\/index.php\/2024\/07\/25\/les-casiers-de-fruits-et-legumes-redonnent-vie-a-ces-maraichers\/#breadcrumb\",\"itemListElement\":[{\"@type\":\"ListItem\",\"position\":1,\"name\":\"Accueil\",\"item\":\"https:\/\/lecasierfrancais.es\/\"},{\"@type\":\"ListItem\",\"position\":2,\"name\":\"Les casiers de fruits et l\u00e9gumes redonnent vie \u00e0 ces mara\u00eechers (59) \ud83c\udf4e\"}]},{\"@type\":\"WebSite\",\"@id\":\"https:\/\/lecasierfrancais.es\/#website\",\"url\":\"https:\/\/lecasierfrancais.es\/\",\"name\":\"Le Casier Fran\u00e7ais\",\"description\":\"\",\"potentialAction\":[{\"@type\":\"SearchAction\",\"target\":{\"@type\":\"EntryPoint\",\"urlTemplate\":\"https:\/\/lecasierfrancais.es\/?s={search_term_string}\"},\"query-input\":{\"@type\":\"PropertyValueSpecification\",\"valueRequired\":true,\"valueName\":\"search_term_string\"}}],\"inLanguage\":\"fr-FR\"},{\"@type\":\"Person\",\"@id\":\"https:\/\/lecasierfrancais.es\/#\/schema\/person\/ac95c6138096844c56f2c49f81730a7a\",\"name\":\"Le Casier Francais\",\"image\":{\"@type\":\"ImageObject\",\"inLanguage\":\"fr-FR\",\"@id\":\"https:\/\/lecasierfrancais.es\/#\/schema\/person\/image\/\",\"url\":\"https:\/\/secure.gravatar.com\/avatar\/f29776dfd97a4c78aee2ab31cb63a0f4097b8cc071a068daac2d914eb26fbbd4?s=96&d=mm&r=g\",\"contentUrl\":\"https:\/\/secure.gravatar.com\/avatar\/f29776dfd97a4c78aee2ab31cb63a0f4097b8cc071a068daac2d914eb26fbbd4?s=96&d=mm&r=g\",\"caption\":\"Le Casier Francais\"},\"url\":\"https:\/\/lecasierfrancais.es\/index.php\/author\/le-casier-francais\/\"}]}<\/script>\n<!-- \/ Yoast SEO Premium plugin. -->","yoast_head_json":{"title":"Les casiers de fruits et l\u00e9gumes redonnent vie \u00e0 ces mara\u00eechers (59) \ud83c\udf4e - Le Casier Fran\u00e7ais","description":"Des casiers de fruits et l\u00e9gumes font revivre l'exploitation des mara\u00eechers d'Emmerin dans le Nord. D\u00e9couverte de leur exp\u00e9rience.","robots":{"index":"index","follow":"follow","max-snippet":"max-snippet:-1","max-image-preview":"max-image-preview:large","max-video-preview":"max-video-preview:-1"},"canonical":"https:\/\/lecasierfrancais.es\/index.php\/2024\/07\/25\/les-casiers-de-fruits-et-legumes-redonnent-vie-a-ces-maraichers\/","og_locale":"fr_FR","og_type":"article","og_title":"Les casiers de fruits et l\u00e9gumes redonnent vie \u00e0 ces mara\u00eechers (59) \ud83c\udf4e","og_description":"Des casiers de fruits et l\u00e9gumes font revivre l'exploitation des mara\u00eechers d'Emmerin dans le Nord. D\u00e9couverte de leur exp\u00e9rience.","og_url":"https:\/\/lecasierfrancais.es\/index.php\/2024\/07\/25\/les-casiers-de-fruits-et-legumes-redonnent-vie-a-ces-maraichers\/","og_site_name":"Le Casier Fran\u00e7ais","article_publisher":"https:\/\/www.facebook.com\/lecasierfrancais\/","article_published_time":"2024-07-25T12:09:49+00:00","article_modified_time":"2024-08-06T12:43:55+00:00","og_image":[{"width":400,"height":600,"url":"https:\/\/lecasierfrancais.es\/wp-content\/uploads\/2024\/07\/IMG_7956-scaled-e1721908466769.jpg","type":"image\/jpeg"}],"author":"Le Casier Francais","twitter_card":"summary_large_image","twitter_misc":{"\u00c9crit par":"Le Casier Francais","Dur\u00e9e de lecture estim\u00e9e":"8 minutes"},"schema":{"@context":"https:\/\/schema.org","@graph":[{"@type":"WebPage","@id":"https:\/\/lecasierfrancais.es\/index.php\/2024\/07\/25\/les-casiers-de-fruits-et-legumes-redonnent-vie-a-ces-maraichers\/","url":"https:\/\/lecasierfrancais.es\/index.php\/2024\/07\/25\/les-casiers-de-fruits-et-legumes-redonnent-vie-a-ces-maraichers\/","name":"Les casiers de fruits et l\u00e9gumes redonnent vie \u00e0 ces mara\u00eechers (59) \ud83c\udf4e - Le Casier Fran\u00e7ais","isPartOf":{"@id":"https:\/\/lecasierfrancais.es\/#website"},"primaryImageOfPage":{"@id":"https:\/\/lecasierfrancais.es\/index.php\/2024\/07\/25\/les-casiers-de-fruits-et-legumes-redonnent-vie-a-ces-maraichers\/#primaryimage"},"image":{"@id":"https:\/\/lecasierfrancais.es\/index.php\/2024\/07\/25\/les-casiers-de-fruits-et-legumes-redonnent-vie-a-ces-maraichers\/#primaryimage"},"thumbnailUrl":"https:\/\/lecasierfrancais.es\/wp-content\/uploads\/2024\/07\/IMG_7956-scaled-e1721908466769.jpg","datePublished":"2024-07-25T12:09:49+00:00","dateModified":"2024-08-06T12:43:55+00:00","author":{"@id":"https:\/\/lecasierfrancais.es\/#\/schema\/person\/ac95c6138096844c56f2c49f81730a7a"},"description":"Des casiers de fruits et l\u00e9gumes font revivre l'exploitation des mara\u00eechers d'Emmerin dans le Nord. D\u00e9couverte de leur exp\u00e9rience.","breadcrumb":{"@id":"https:\/\/lecasierfrancais.es\/index.php\/2024\/07\/25\/les-casiers-de-fruits-et-legumes-redonnent-vie-a-ces-maraichers\/#breadcrumb"},"inLanguage":"fr-FR","potentialAction":[{"@type":"ReadAction","target":["https:\/\/lecasierfrancais.es\/index.php\/2024\/07\/25\/les-casiers-de-fruits-et-legumes-redonnent-vie-a-ces-maraichers\/"]}]},{"@type":"ImageObject","inLanguage":"fr-FR","@id":"https:\/\/lecasierfrancais.es\/index.php\/2024\/07\/25\/les-casiers-de-fruits-et-legumes-redonnent-vie-a-ces-maraichers\/#primaryimage","url":"https:\/\/lecasierfrancais.es\/wp-content\/uploads\/2024\/07\/IMG_7956-scaled-e1721908466769.jpg","contentUrl":"https:\/\/lecasierfrancais.es\/wp-content\/uploads\/2024\/07\/IMG_7956-scaled-e1721908466769.jpg","width":400,"height":600,"caption":"Babette, en train de recharger ses casiers"},{"@type":"BreadcrumbList","@id":"https:\/\/lecasierfrancais.es\/index.php\/2024\/07\/25\/les-casiers-de-fruits-et-legumes-redonnent-vie-a-ces-maraichers\/#breadcrumb","itemListElement":[{"@type":"ListItem","position":1,"name":"Accueil","item":"https:\/\/lecasierfrancais.es\/"},{"@type":"ListItem","position":2,"name":"Les casiers de fruits et l\u00e9gumes redonnent vie \u00e0 ces mara\u00eechers (59) \ud83c\udf4e"}]},{"@type":"WebSite","@id":"https:\/\/lecasierfrancais.es\/#website","url":"https:\/\/lecasierfrancais.es\/","name":"Le Casier Fran\u00e7ais","description":"","potentialAction":[{"@type":"SearchAction","target":{"@type":"EntryPoint","urlTemplate":"https:\/\/lecasierfrancais.es\/?s={search_term_string}"},"query-input":{"@type":"PropertyValueSpecification","valueRequired":true,"valueName":"search_term_string"}}],"inLanguage":"fr-FR"},{"@type":"Person","@id":"https:\/\/lecasierfrancais.es\/#\/schema\/person\/ac95c6138096844c56f2c49f81730a7a","name":"Le Casier Francais","image":{"@type":"ImageObject","inLanguage":"fr-FR","@id":"https:\/\/lecasierfrancais.es\/#\/schema\/person\/image\/","url":"https:\/\/secure.gravatar.com\/avatar\/f29776dfd97a4c78aee2ab31cb63a0f4097b8cc071a068daac2d914eb26fbbd4?s=96&d=mm&r=g","contentUrl":"https:\/\/secure.gravatar.com\/avatar\/f29776dfd97a4c78aee2ab31cb63a0f4097b8cc071a068daac2d914eb26fbbd4?s=96&d=mm&r=g","caption":"Le Casier Francais"},"url":"https:\/\/lecasierfrancais.es\/index.php\/author\/le-casier-francais\/"}]}},"_links":{"self":[{"href":"https:\/\/lecasierfrancais.es\/index.php\/wp-json\/wp\/v2\/posts\/10757","targetHints":{"allow":["GET"]}}],"collection":[{"href":"https:\/\/lecasierfrancais.es\/index.php\/wp-json\/wp\/v2\/posts"}],"about":[{"href":"https:\/\/lecasierfrancais.es\/index.php\/wp-json\/wp\/v2\/types\/post"}],"author":[{"embeddable":true,"href":"https:\/\/lecasierfrancais.es\/index.php\/wp-json\/wp\/v2\/users\/8"}],"replies":[{"embeddable":true,"href":"https:\/\/lecasierfrancais.es\/index.php\/wp-json\/wp\/v2\/comments?post=10757"}],"version-history":[{"count":5,"href":"https:\/\/lecasierfrancais.es\/index.php\/wp-json\/wp\/v2\/posts\/10757\/revisions"}],"predecessor-version":[{"id":10766,"href":"https:\/\/lecasierfrancais.es\/index.php\/wp-json\/wp\/v2\/posts\/10757\/revisions\/10766"}],"wp:featuredmedia":[{"embeddable":true,"href":"https:\/\/lecasierfrancais.es\/index.php\/wp-json\/wp\/v2\/media\/10762"}],"wp:attachment":[{"href":"https:\/\/lecasierfrancais.es\/index.php\/wp-json\/wp\/v2\/media?parent=10757"}],"wp:term":[{"taxonomy":"category","embeddable":true,"href":"https:\/\/lecasierfrancais.es\/index.php\/wp-json\/wp\/v2\/categories?post=10757"},{"taxonomy":"post_tag","embeddable":true,"href":"https:\/\/lecasierfrancais.es\/index.php\/wp-json\/wp\/v2\/tags?post=10757"}],"curies":[{"name":"wp","href":"https:\/\/api.w.org\/{rel}","templated":true}]}}