{"id":12227,"date":"2024-11-05T14:58:56","date_gmt":"2024-11-05T13:58:56","guid":{"rendered":"https:\/\/lecasierfrancais.fr\/?p=12227"},"modified":"2024-11-05T14:58:56","modified_gmt":"2024-11-05T13:58:56","slug":"le-casier-francais-et-son-engagement-durable","status":"publish","type":"post","link":"https:\/\/lecasierfrancais.es\/index.php\/2024\/11\/05\/le-casier-francais-et-son-engagement-durable\/","title":{"rendered":"Le Casier Fran\u00e7ais et son engagement durable \ud83c\udf3f"},"content":{"rendered":"[vc_row type=\u00a0\u00bbin_container\u00a0\u00bb full_screen_row_position=\u00a0\u00bbmiddle\u00a0\u00bb scene_position=\u00a0\u00bbcenter\u00a0\u00bb text_color=\u00a0\u00bbdark\u00a0\u00bb text_align=\u00a0\u00bbleft\u00a0\u00bb overlay_strength=\u00a0\u00bb0.3&Prime; shape_divider_position=\u00a0\u00bbbottom\u00a0\u00bb][vc_column column_padding=\u00a0\u00bbno-extra-padding\u00a0\u00bb column_padding_position=\u00a0\u00bball\u00a0\u00bb background_color_opacity=\u00a0\u00bb1&Prime; background_hover_color_opacity=\u00a0\u00bb1&Prime; column_shadow=\u00a0\u00bbnone\u00a0\u00bb column_border_radius=\u00a0\u00bbnone\u00a0\u00bb width=\u00a0\u00bb1\/1&Prime; tablet_text_alignment=\u00a0\u00bbdefault\u00a0\u00bb phone_text_alignment=\u00a0\u00bbdefault\u00a0\u00bb column_border_width=\u00a0\u00bbnone\u00a0\u00bb column_border_style=\u00a0\u00bbsolid\u00a0\u00bb][vc_column_text]<em>On nous dit souvent que l\u2019on choisit Le Casier Fran\u00e7ais notamment pour le c\u00f4t\u00e9 \u00e9thique et nos valeurs. Et c\u2019est vrai que notre produit comme notre service ont de multiples qualit\u00e9s durables. Aujourd\u2019hui, nous souhaitons mettre en lumi\u00e8re nos engagements responsables qui sont une force sur le march\u00e9 de la distribution automatique. <\/em>[\/vc_column_text][\/vc_column][\/vc_row][vc_row type=\u00a0\u00bbin_container\u00a0\u00bb full_screen_row_position=\u00a0\u00bbmiddle\u00a0\u00bb scene_position=\u00a0\u00bbcenter\u00a0\u00bb text_color=\u00a0\u00bbdark\u00a0\u00bb text_align=\u00a0\u00bbleft\u00a0\u00bb overlay_strength=\u00a0\u00bb0.3&Prime; shape_divider_position=\u00a0\u00bbbottom\u00a0\u00bb][vc_column column_padding=\u00a0\u00bbno-extra-padding\u00a0\u00bb column_padding_position=\u00a0\u00bball\u00a0\u00bb background_color_opacity=\u00a0\u00bb1&Prime; background_hover_color_opacity=\u00a0\u00bb1&Prime; column_shadow=\u00a0\u00bbnone\u00a0\u00bb column_border_radius=\u00a0\u00bbnone\u00a0\u00bb width=\u00a0\u00bb1\/1&Prime; tablet_text_alignment=\u00a0\u00bbdefault\u00a0\u00bb phone_text_alignment=\u00a0\u00bbdefault\u00a0\u00bb column_border_width=\u00a0\u00bbnone\u00a0\u00bb column_border_style=\u00a0\u00bbsolid\u00a0\u00bb]<div class=\"img-with-aniamtion-wrap center\" data-max-width=\"100%\" data-border-radius=\"none\"><div class=\"inner\"><img decoding=\"async\" data-shadow=\"none\" data-shadow-direction=\"middle\" class=\"img-with-animation \" data-delay=\"0\" height=\"500\" width=\"500\" data-animation=\"none\" src=\"https:\/\/lecasierfrancais.es\/wp-content\/uploads\/2024\/11\/badge-ecovadis-e1730815184900.jpg\"  alt=\"Badge EcoVadis pour Le CasierFran\u00e7ais\" \/><\/div><\/div>[\/vc_column][\/vc_row][vc_row type=\u00a0\u00bbin_container\u00a0\u00bb full_screen_row_position=\u00a0\u00bbmiddle\u00a0\u00bb scene_position=\u00a0\u00bbcenter\u00a0\u00bb text_color=\u00a0\u00bbdark\u00a0\u00bb text_align=\u00a0\u00bbleft\u00a0\u00bb overlay_strength=\u00a0\u00bb0.3&Prime; shape_divider_position=\u00a0\u00bbbottom\u00a0\u00bb][vc_column column_padding=\u00a0\u00bbno-extra-padding\u00a0\u00bb column_padding_position=\u00a0\u00bball\u00a0\u00bb background_color_opacity=\u00a0\u00bb1&Prime; background_hover_color_opacity=\u00a0\u00bb1&Prime; column_shadow=\u00a0\u00bbnone\u00a0\u00bb column_border_radius=\u00a0\u00bbnone\u00a0\u00bb width=\u00a0\u00bb1\/1&Prime; tablet_text_alignment=\u00a0\u00bbdefault\u00a0\u00bb phone_text_alignment=\u00a0\u00bbdefault\u00a0\u00bb column_border_width=\u00a0\u00bbnone\u00a0\u00bb column_border_style=\u00a0\u00bbsolid\u00a0\u00bb][vc_custom_heading text=\u00a0\u00bbUn badge EcoVadis pour \u00e9valuer l\u2019engagement durable du Casier Fran\u00e7ais \ud83d\udcc8\u00a0\u00bb use_theme_fonts=\u00a0\u00bbyes\u00a0\u00bb][vc_column_text]Quand nous avons commenc\u00e9 \u00e0 nous int\u00e9resser \u00e0 la <strong>Responsabilit\u00e9 Soci\u00e9tale des Entreprises<\/strong> (RSE), il \u00e9tait important de faire un \u00e9tat des lieux de notre entreprise et de nos actions et d\u2019en tirer un bilan. C\u2019est pourquoi nous nous sommes tourn\u00e9s vers EcoVadis qui \u00e9value la durabilit\u00e9 des entreprises en se basant sur des crit\u00e8res comme l\u2019environnement, les droits humains, l\u2019\u00e9thique et les achats responsables. Nous avons travaill\u00e9 plusieurs semaines pour monter le dossier et, vous savez quoi\u00a0? Nous \u00e9tions ravis d\u2019apprendre que nos actions actuelles nous permettaient d\u00e9j\u00e0 d\u2019avoir une \u00e9valuation positive salu\u00e9e par le <strong>badge EcoVadis<\/strong>.[\/vc_column_text][vc_custom_heading text=\u00a0\u00bbL\u2019engagement durable du Casier Fran\u00e7ais r\u00e9compens\u00e9 par EcoVadis \ud83c\udfc6\u00a0\u00bb use_theme_fonts=\u00a0\u00bbyes\u00a0\u00bb][vc_column_text]Obtenir le badge EcoVadis r\u00e9compense nos efforts en mati\u00e8re de <strong>d\u00e9veloppement durable et responsabilit\u00e9 sociale<\/strong>. Il nous permet de nous positionner sur ce que nous faisons bien, ce qu\u2019il nous reste \u00e0 travailler et nous ouvrir des axes d\u2019am\u00e9lioration. \u00catre \u00e0 l\u2019\u00e9coute de ces axes de progression et s\u2019ouvrir de nouvelles perspectives fera grandir Le Casier Fran\u00e7ais. Nous en sommes convaincus.[\/vc_column_text][\/vc_column][\/vc_row][vc_row type=\u00a0\u00bbin_container\u00a0\u00bb full_screen_row_position=\u00a0\u00bbmiddle\u00a0\u00bb scene_position=\u00a0\u00bbcenter\u00a0\u00bb text_color=\u00a0\u00bbdark\u00a0\u00bb text_align=\u00a0\u00bbleft\u00a0\u00bb overlay_strength=\u00a0\u00bb0.3&Prime; shape_divider_position=\u00a0\u00bbbottom\u00a0\u00bb][vc_column column_padding=\u00a0\u00bbno-extra-padding\u00a0\u00bb column_padding_position=\u00a0\u00bball\u00a0\u00bb background_color_opacity=\u00a0\u00bb1&Prime; background_hover_color_opacity=\u00a0\u00bb1&Prime; column_shadow=\u00a0\u00bbnone\u00a0\u00bb column_border_radius=\u00a0\u00bbnone\u00a0\u00bb width=\u00a0\u00bb1\/1&Prime; tablet_text_alignment=\u00a0\u00bbdefault\u00a0\u00bb phone_text_alignment=\u00a0\u00bbdefault\u00a0\u00bb column_border_width=\u00a0\u00bbnone\u00a0\u00bb column_border_style=\u00a0\u00bbsolid\u00a0\u00bb][vc_custom_heading text=\u00a0\u00bbLe Casier Fran\u00e7ais et son engagement durable : pour vous aussi, c\u2019est important \ud83d\udc9a\u00a0\u00bb use_theme_fonts=\u00a0\u00bbyes\u00a0\u00bb][vc_column_text]Quand on est client et qu\u2019on choisit un produit \u00e9thique dont le fabriquant s\u2019engage aussi bien pour l\u2019homme que pour l\u2019environnement, c\u2019est important de le savoir. C\u2019est pour cela que <a href=\"https:\/\/lecasierfrancais.es\" target=\"_blank\" rel=\"noopener\">Le Casier Fran\u00e7ais<\/a> poursuit son chemin vers la RSE avec EcoVadis\u00a0: pour tous nos clients, nos prestataires, nos partenaires, nos salari\u00e9s\u2026 Il \u00e9tait indispensable de formaliser l\u2019existant et <strong>d\u2019imaginer notre futur<\/strong> en pleine conscience.[\/vc_column_text][\/vc_column][\/vc_row][vc_row type=\u00a0\u00bbin_container\u00a0\u00bb full_screen_row_position=\u00a0\u00bbmiddle\u00a0\u00bb scene_position=\u00a0\u00bbcenter\u00a0\u00bb text_color=\u00a0\u00bbdark\u00a0\u00bb text_align=\u00a0\u00bbleft\u00a0\u00bb overlay_strength=\u00a0\u00bb0.3&Prime; shape_divider_position=\u00a0\u00bbbottom\u00a0\u00bb][vc_column column_padding=\u00a0\u00bbno-extra-padding\u00a0\u00bb column_padding_position=\u00a0\u00bball\u00a0\u00bb background_color_opacity=\u00a0\u00bb1&Prime; background_hover_color_opacity=\u00a0\u00bb1&Prime; column_shadow=\u00a0\u00bbnone\u00a0\u00bb column_border_radius=\u00a0\u00bbnone\u00a0\u00bb width=\u00a0\u00bb1\/1&Prime; tablet_text_alignment=\u00a0\u00bbdefault\u00a0\u00bb phone_text_alignment=\u00a0\u00bbdefault\u00a0\u00bb column_border_width=\u00a0\u00bbnone\u00a0\u00bb column_border_style=\u00a0\u00bbsolid\u00a0\u00bb]<div class=\"img-with-aniamtion-wrap center\" data-max-width=\"100%\" data-border-radius=\"none\"><div class=\"inner\"><a href=\"https:\/\/lecasierfrancais.es\/wp-content\/uploads\/2024\/09\/IMG_20210813_072720_2.jpg\" class=\"pp center\"><img decoding=\"async\" data-shadow=\"none\" data-shadow-direction=\"middle\" class=\"img-with-animation \" data-delay=\"0\" height=\"929\" width=\"1241\" data-animation=\"none\" src=\"https:\/\/lecasierfrancais.es\/wp-content\/uploads\/2024\/09\/IMG_20210813_072720_2.jpg\" srcset=\"https:\/\/lecasierfrancais.es\/wp-content\/uploads\/2024\/09\/IMG_20210813_072720_2.jpg 1241w, https:\/\/lecasierfrancais.es\/wp-content\/uploads\/2024\/09\/IMG_20210813_072720_2-300x225.jpg 300w, https:\/\/lecasierfrancais.es\/wp-content\/uploads\/2024\/09\/IMG_20210813_072720_2-1024x767.jpg 1024w, https:\/\/lecasierfrancais.es\/wp-content\/uploads\/2024\/09\/IMG_20210813_072720_2-768x575.jpg 768w, https:\/\/lecasierfrancais.es\/wp-content\/uploads\/2024\/09\/IMG_20210813_072720_2-200x150.jpg 200w\" sizes=\"100vw\" alt=\"B\u00e2timent de l'entreprise Le Casier Fran\u00e7ais \u00e0 Templemars dans les Hauts-de-France, fabricant de distributeurs automatiques\" \/><\/a><\/div><\/div>[\/vc_column][\/vc_row][vc_row type=\u00a0\u00bbin_container\u00a0\u00bb full_screen_row_position=\u00a0\u00bbmiddle\u00a0\u00bb scene_position=\u00a0\u00bbcenter\u00a0\u00bb text_color=\u00a0\u00bbdark\u00a0\u00bb text_align=\u00a0\u00bbleft\u00a0\u00bb overlay_strength=\u00a0\u00bb0.3&Prime; shape_divider_position=\u00a0\u00bbbottom\u00a0\u00bb][vc_column column_padding=\u00a0\u00bbno-extra-padding\u00a0\u00bb column_padding_position=\u00a0\u00bball\u00a0\u00bb background_color_opacity=\u00a0\u00bb1&Prime; background_hover_color_opacity=\u00a0\u00bb1&Prime; column_shadow=\u00a0\u00bbnone\u00a0\u00bb column_border_radius=\u00a0\u00bbnone\u00a0\u00bb width=\u00a0\u00bb1\/1&Prime; tablet_text_alignment=\u00a0\u00bbdefault\u00a0\u00bb phone_text_alignment=\u00a0\u00bbdefault\u00a0\u00bb column_border_width=\u00a0\u00bbnone\u00a0\u00bb column_border_style=\u00a0\u00bbsolid\u00a0\u00bb][vc_custom_heading text=\u00a0\u00bbUn pass\u00e9 d\u00e9j\u00e0 engag\u00e9 durablement pour Le Casier Fran\u00e7ais \ud83c\udf4e\u00a0\u00bb use_theme_fonts=\u00a0\u00bbyes\u00a0\u00bb][vc_column_text]\u00c0 l\u2019origine du Casier Fran\u00e7ais, notre mission \u00e9tait de permettre aux artisans et producteurs de vivre d\u00e9cemment de <a href=\"https:\/\/lecasierfrancais.es\/index.php\/2024\/01\/29\/circuit-court-nos-modes-de-consommation-evoluent\/\" target=\"_blank\" rel=\"noopener\">la vente directe de leurs produits<\/a> gr\u00e2ce au<strong> circuit court<\/strong>. Notre distributeur automatique a permis, via le <strong>libre-service<\/strong>, une r\u00e9mun\u00e9ration au prix juste et de faire rayonner leur savoir-faire localement. Notre mission principale de l\u2019\u00e9poque avait d\u00e9j\u00e0 cette vocation sociale. Nous fournissons une solution concr\u00e8te \u00e0 un besoin r\u00e9el de la population.[\/vc_column_text][\/vc_column][\/vc_row][vc_row type=\u00a0\u00bbin_container\u00a0\u00bb full_screen_row_position=\u00a0\u00bbmiddle\u00a0\u00bb scene_position=\u00a0\u00bbcenter\u00a0\u00bb text_color=\u00a0\u00bbdark\u00a0\u00bb text_align=\u00a0\u00bbleft\u00a0\u00bb overlay_strength=\u00a0\u00bb0.3&Prime; shape_divider_position=\u00a0\u00bbbottom\u00a0\u00bb][vc_column column_padding=\u00a0\u00bbno-extra-padding\u00a0\u00bb column_padding_position=\u00a0\u00bball\u00a0\u00bb background_color_opacity=\u00a0\u00bb1&Prime; background_hover_color_opacity=\u00a0\u00bb1&Prime; column_shadow=\u00a0\u00bbnone\u00a0\u00bb column_border_radius=\u00a0\u00bbnone\u00a0\u00bb width=\u00a0\u00bb1\/1&Prime; tablet_text_alignment=\u00a0\u00bbdefault\u00a0\u00bb phone_text_alignment=\u00a0\u00bbdefault\u00a0\u00bb column_border_width=\u00a0\u00bbnone\u00a0\u00bb column_border_style=\u00a0\u00bbsolid\u00a0\u00bb][vc_custom_heading text=\u00a0\u00bbFabriquer local, un choix et un engagement durables pour Le Casier Fran\u00e7ais \ud83e\uddd1\u200d\ud83c\udfed\u00a0\u00bb use_theme_fonts=\u00a0\u00bbyes\u00a0\u00bb][vc_column_text]Faire le choix du <strong>local<\/strong>, du <strong>Fabriqu\u00e9 en France<\/strong> n\u2019a jamais \u00e9t\u00e9 un effort pour Le Casier Fran\u00e7ais. C\u2019est tout naturellement que notre <a href=\"https:\/\/lecasierfrancais.es\/index.php\/2024\/06\/11\/de-la-commande-a-linstallation-de-votre-distributeur-automatique\/\" target=\"_blank\" rel=\"noopener\">processus de fabrication<\/a> a int\u00e9gr\u00e9 le choix de mat\u00e9riaux locaux, de services internalis\u00e9s et une s\u00e9lection pr\u00e9cise de nos fournisseurs. Cela avait du sens pour nos \u00e9quipes, pour nos clients. Aujourd\u2019hui, cet engagement durable, c\u2019est notre force, c\u2019est ce qui nous d\u00e9marque.[\/vc_column_text][\/vc_column][\/vc_row][vc_row type=\u00a0\u00bbin_container\u00a0\u00bb full_screen_row_position=\u00a0\u00bbmiddle\u00a0\u00bb scene_position=\u00a0\u00bbcenter\u00a0\u00bb text_color=\u00a0\u00bbdark\u00a0\u00bb text_align=\u00a0\u00bbleft\u00a0\u00bb overlay_strength=\u00a0\u00bb0.3&Prime; shape_divider_position=\u00a0\u00bbbottom\u00a0\u00bb][vc_column column_padding=\u00a0\u00bbno-extra-padding\u00a0\u00bb column_padding_position=\u00a0\u00bball\u00a0\u00bb background_color_opacity=\u00a0\u00bb1&Prime; background_hover_color_opacity=\u00a0\u00bb1&Prime; column_shadow=\u00a0\u00bbnone\u00a0\u00bb column_border_radius=\u00a0\u00bbnone\u00a0\u00bb width=\u00a0\u00bb1\/1&Prime; tablet_text_alignment=\u00a0\u00bbdefault\u00a0\u00bb phone_text_alignment=\u00a0\u00bbdefault\u00a0\u00bb column_border_width=\u00a0\u00bbnone\u00a0\u00bb column_border_style=\u00a0\u00bbsolid\u00a0\u00bb][vc_custom_heading text=\u00a0\u00bbL\u2019engagement durable du Casier Fran\u00e7ais se poursuit aujourd\u2019hui \u267b\ufe0f\u00a0\u00bb use_theme_fonts=\u00a0\u00bbyes\u00a0\u00bb][vc_column_text]Et aujourd\u2019hui alors\u00a0? L\u2019usage de notre casier connect\u00e9 s\u2019est amplement diversifi\u00e9. Il permet aujourd\u2019hui, entre autres, de r\u00e9duire la gestion du dernier kilom\u00e8tre en <strong>logistique durable<\/strong>, il permet aux <a href=\"https:\/\/lecasierfrancais.es\/index.php\/2024\/09\/19\/ouvrir-un-casier-traiteur-a-la-place-dun-restaurant-le-bon-choix-pour-les-recettes-des-tontons\/\" target=\"_blank\" rel=\"noopener\">restaurateurs<\/a> de <strong>diversifier leur activit\u00e9<\/strong>, il permet \u00e0 des <a href=\"https:\/\/lecasierfrancais.es\/index.php\/2024\/02\/22\/bakery-box-by-la-fagette-casiers-pour-boulangerie\/\" target=\"_blank\" rel=\"noopener\">boulangers<\/a> d\u2019\u00e9largir leur client\u00e8le, il permet \u00e0 des universit\u00e9s ou des h\u00f4pitaux d\u2019avoir un point de <strong>restauration collective<\/strong>\u2026 Ce mod\u00e8le est passionnant tant les possibilit\u00e9s sont immenses. Et nous continuerons de poursuivre notre objectif d\u2019engagement durable et responsable.[\/vc_column_text][\/vc_column][\/vc_row][vc_row type=\u00a0\u00bbin_container\u00a0\u00bb full_screen_row_position=\u00a0\u00bbmiddle\u00a0\u00bb scene_position=\u00a0\u00bbcenter\u00a0\u00bb text_color=\u00a0\u00bbdark\u00a0\u00bb text_align=\u00a0\u00bbleft\u00a0\u00bb overlay_strength=\u00a0\u00bb0.3&Prime; shape_divider_position=\u00a0\u00bbbottom\u00a0\u00bb][vc_column column_padding=\u00a0\u00bbno-extra-padding\u00a0\u00bb column_padding_position=\u00a0\u00bball\u00a0\u00bb background_color_opacity=\u00a0\u00bb1&Prime; background_hover_color_opacity=\u00a0\u00bb1&Prime; column_shadow=\u00a0\u00bbnone\u00a0\u00bb column_border_radius=\u00a0\u00bbnone\u00a0\u00bb width=\u00a0\u00bb1\/1&Prime; tablet_text_alignment=\u00a0\u00bbdefault\u00a0\u00bb phone_text_alignment=\u00a0\u00bbdefault\u00a0\u00bb column_border_width=\u00a0\u00bbnone\u00a0\u00bb column_border_style=\u00a0\u00bbsolid\u00a0\u00bb]<div class=\"img-with-aniamtion-wrap center\" data-max-width=\"100%\" data-border-radius=\"none\"><div class=\"inner\"><img decoding=\"async\" data-shadow=\"none\" data-shadow-direction=\"middle\" class=\"img-with-animation \" data-delay=\"0\" height=\"1423\" width=\"2000\" data-animation=\"none\" src=\"https:\/\/lecasierfrancais.es\/wp-content\/uploads\/2024\/09\/Reportage-Metier-fabrication-casier-\u252c\u00ae-Greg-Gonzalez-24-scaled.jpg\" srcset=\"https:\/\/lecasierfrancais.es\/wp-content\/uploads\/2024\/09\/Reportage-Metier-fabrication-casier-\u252c\u00ae-Greg-Gonzalez-24-scaled.jpg 2000w, https:\/\/lecasierfrancais.es\/wp-content\/uploads\/2024\/09\/Reportage-Metier-fabrication-casier-\u252c\u00ae-Greg-Gonzalez-24-300x213.jpg 300w, https:\/\/lecasierfrancais.es\/wp-content\/uploads\/2024\/09\/Reportage-Metier-fabrication-casier-\u252c\u00ae-Greg-Gonzalez-24-1024x728.jpg 1024w, https:\/\/lecasierfrancais.es\/wp-content\/uploads\/2024\/09\/Reportage-Metier-fabrication-casier-\u252c\u00ae-Greg-Gonzalez-24-768x546.jpg 768w, https:\/\/lecasierfrancais.es\/wp-content\/uploads\/2024\/09\/Reportage-Metier-fabrication-casier-\u252c\u00ae-Greg-Gonzalez-24-1536x1093.jpg 1536w, https:\/\/lecasierfrancais.es\/wp-content\/uploads\/2024\/09\/Reportage-Metier-fabrication-casier-\u252c\u00ae-Greg-Gonzalez-24-2048x1457.jpg 2048w, https:\/\/lecasierfrancais.es\/wp-content\/uploads\/2024\/09\/Reportage-Metier-fabrication-casier-\u252c\u00ae-Greg-Gonzalez-24-200x142.jpg 200w\" sizes=\"100vw\" alt=\"Technicien Le Casier Fran\u00e7ais en train faire les branchements \u00e9lectriques du distributeur automatique.\" \/><\/div><\/div>[\/vc_column][\/vc_row][vc_row type=\u00a0\u00bbin_container\u00a0\u00bb full_screen_row_position=\u00a0\u00bbmiddle\u00a0\u00bb scene_position=\u00a0\u00bbcenter\u00a0\u00bb text_color=\u00a0\u00bbdark\u00a0\u00bb text_align=\u00a0\u00bbleft\u00a0\u00bb overlay_strength=\u00a0\u00bb0.3&Prime; shape_divider_position=\u00a0\u00bbbottom\u00a0\u00bb][vc_column column_padding=\u00a0\u00bbno-extra-padding\u00a0\u00bb column_padding_position=\u00a0\u00bball\u00a0\u00bb background_color_opacity=\u00a0\u00bb1&Prime; background_hover_color_opacity=\u00a0\u00bb1&Prime; column_shadow=\u00a0\u00bbnone\u00a0\u00bb column_border_radius=\u00a0\u00bbnone\u00a0\u00bb width=\u00a0\u00bb1\/1&Prime; tablet_text_alignment=\u00a0\u00bbdefault\u00a0\u00bb phone_text_alignment=\u00a0\u00bbdefault\u00a0\u00bb column_border_width=\u00a0\u00bbnone\u00a0\u00bb column_border_style=\u00a0\u00bbsolid\u00a0\u00bb][vc_custom_heading text=\u00a0\u00bbUn engagement durable qui fait \u00e9voluer le produit Le Casier Fran\u00e7ais \ud83e\udde0\u00a0\u00bb use_theme_fonts=\u00a0\u00bbyes\u00a0\u00bb][vc_column_text]\u00catre engag\u00e9 dans un processus responsable nous a permis de proposer un produit innovant, technologique, <strong>\u00e9volutif et hautement qualitatif<\/strong>. C\u2019est parce que nous avons internalis\u00e9 nos services (de la vente \u00e0 l\u2019assistance technique), notre savoir-faire (nos ing\u00e9nieurs travaillent depuis notre atelier \u00e0 <a href=\"https:\/\/lecasierfrancais.es\/index.php\/2024\/07\/16\/nos-distributeurs-automatiques-a-la-pointe-de-la-tech\/\" target=\"_blank\" rel=\"noopener\">faire grandir notre produit<\/a>) et le sourcing de nos fournisseurs que tout cela est possible aujourd\u2019hui.[\/vc_column_text][\/vc_column][\/vc_row][vc_row type=\u00a0\u00bbin_container\u00a0\u00bb full_screen_row_position=\u00a0\u00bbmiddle\u00a0\u00bb scene_position=\u00a0\u00bbcenter\u00a0\u00bb text_color=\u00a0\u00bbdark\u00a0\u00bb text_align=\u00a0\u00bbleft\u00a0\u00bb overlay_strength=\u00a0\u00bb0.3&Prime; shape_divider_position=\u00a0\u00bbbottom\u00a0\u00bb][vc_column column_padding=\u00a0\u00bbno-extra-padding\u00a0\u00bb column_padding_position=\u00a0\u00bball\u00a0\u00bb background_color_opacity=\u00a0\u00bb1&Prime; background_hover_color_opacity=\u00a0\u00bb1&Prime; column_shadow=\u00a0\u00bbnone\u00a0\u00bb column_border_radius=\u00a0\u00bbnone\u00a0\u00bb width=\u00a0\u00bb1\/1&Prime; tablet_text_alignment=\u00a0\u00bbdefault\u00a0\u00bb phone_text_alignment=\u00a0\u00bbdefault\u00a0\u00bb column_border_width=\u00a0\u00bbnone\u00a0\u00bb column_border_style=\u00a0\u00bbsolid\u00a0\u00bb][vc_custom_heading text=\u00a0\u00bbL\u2019engagement durable au service du Casier Fran\u00e7ais \ud83c\udf1e\u00a0\u00bb use_theme_fonts=\u00a0\u00bbyes\u00a0\u00bb][vc_column_text]Finalement, aujourd\u2019hui, cette <strong>r\u00e9compense EcoVadis<\/strong>, c\u2019est aussi ce qui nous pousse \u00e0 nous am\u00e9liorer constamment. Nous sommes heureux d\u2019\u00e9couter notre client pour lui proposer un produit <strong>100% adapt\u00e9 \u00e0 son usage<\/strong> et qui \u00e9volue au fil du temps. Nous nous effor\u00e7ons d\u2019optimiser les co\u00fbts, de booster la performance sans jamais n\u00e9gliger la provenance\/la qualit\u00e9\/notre mission ann\u00e9es apr\u00e8s ann\u00e9es. C\u2019est ce qui fait notre ADN.[\/vc_column_text][\/vc_column][\/vc_row][vc_row type=\u00a0\u00bbin_container\u00a0\u00bb full_screen_row_position=\u00a0\u00bbmiddle\u00a0\u00bb scene_position=\u00a0\u00bbcenter\u00a0\u00bb text_color=\u00a0\u00bbdark\u00a0\u00bb text_align=\u00a0\u00bbleft\u00a0\u00bb overlay_strength=\u00a0\u00bb0.3&Prime; shape_divider_position=\u00a0\u00bbbottom\u00a0\u00bb][vc_column column_padding=\u00a0\u00bbno-extra-padding\u00a0\u00bb column_padding_position=\u00a0\u00bball\u00a0\u00bb background_color_opacity=\u00a0\u00bb1&Prime; background_hover_color_opacity=\u00a0\u00bb1&Prime; column_shadow=\u00a0\u00bbnone\u00a0\u00bb column_border_radius=\u00a0\u00bbnone\u00a0\u00bb width=\u00a0\u00bb1\/1&Prime; tablet_text_alignment=\u00a0\u00bbdefault\u00a0\u00bb phone_text_alignment=\u00a0\u00bbdefault\u00a0\u00bb column_border_width=\u00a0\u00bbnone\u00a0\u00bb column_border_style=\u00a0\u00bbsolid\u00a0\u00bb][vc_column_text]Aujourd\u2019hui, ce n\u2019est pas pour rien si Le Casier Fran\u00e7ais est le leader du casier connect\u00e9 en France. Notre engagement responsable et la qualit\u00e9 de notre prestation parlent pour nous. Alors que vous soyez partenaire, fournisseur ou client, sachez que l\u2019\u00e9valuation EcoVadis \u00e9tait notre premi\u00e8re pierre \u00e0 l\u2019\u00e9difice. Nous poursuivons, chaque jour, notre travail et notre r\u00e9flexion sur notre d\u00e9marche RSE.[\/vc_column_text][\/vc_column][\/vc_row]\n","protected":false},"excerpt":{"rendered":"<p>[vc_row type=\u00a0\u00bbin_container\u00a0\u00bb full_screen_row_position=\u00a0\u00bbmiddle\u00a0\u00bb scene_position=\u00a0\u00bbcenter\u00a0\u00bb text_color=\u00a0\u00bbdark\u00a0\u00bb text_align=\u00a0\u00bbleft\u00a0\u00bb overlay_strength=\u00a0\u00bb0.3&Prime; shape_divider_position=\u00a0\u00bbbottom\u00a0\u00bb][vc_column column_padding=\u00a0\u00bbno-extra-padding\u00a0\u00bb column_padding_position=\u00a0\u00bball\u00a0\u00bb background_color_opacity=\u00a0\u00bb1&Prime; background_hover_color_opacity=\u00a0\u00bb1&Prime; column_shadow=\u00a0\u00bbnone\u00a0\u00bb column_border_radius=\u00a0\u00bbnone\u00a0\u00bb width=\u00a0\u00bb1\/1&Prime;&#8230;<\/p>\n","protected":false},"author":8,"featured_media":12228,"comment_status":"open","ping_status":"open","sticky":false,"template":"","format":"standard","meta":{"footnotes":""},"categories":[735],"tags":[417,737,425,633,421,567,432,736],"class_list":{"0":"post-12227","1":"post","2":"type-post","3":"status-publish","4":"format-standard","5":"has-post-thumbnail","7":"category-rse","8":"tag-circuit-court","9":"tag-engagement-durable","10":"tag-fabrication","11":"tag-fabrique-en-france","12":"tag-le-casier-francais","13":"tag-libre-service","14":"tag-local","15":"tag-rse"},"yoast_head":"<!-- This site is optimized with the Yoast SEO Premium plugin v26.1 (Yoast SEO v26.1.1) - https:\/\/yoast.com\/wordpress\/plugins\/seo\/ -->\n<title>Le Casier Fran\u00e7ais et son engagement durable \ud83c\udf3f - Le Casier Fran\u00e7ais<\/title>\n<meta name=\"description\" content=\"Et voil\u00e0 un premier badge EcoVadis qui \u00e9value nos actions responsables et nous dresse un \u00e9tat des lieux RSE. D\u00e9couvrez nos objectifs durables.\" \/>\n<meta name=\"robots\" content=\"index, follow, max-snippet:-1, max-image-preview:large, max-video-preview:-1\" \/>\n<link rel=\"canonical\" href=\"https:\/\/lecasierfrancais.es\/index.php\/2024\/11\/05\/le-casier-francais-et-son-engagement-durable\/\" \/>\n<meta property=\"og:locale\" content=\"fr_FR\" \/>\n<meta property=\"og:type\" content=\"article\" \/>\n<meta property=\"og:title\" content=\"Le Casier Fran\u00e7ais et son engagement durable \ud83c\udf3f\" \/>\n<meta property=\"og:description\" content=\"Et voil\u00e0 un premier badge EcoVadis qui \u00e9value nos actions responsables et nous dresse un \u00e9tat des lieux RSE. D\u00e9couvrez nos objectifs durables.\" \/>\n<meta property=\"og:url\" content=\"https:\/\/lecasierfrancais.es\/index.php\/2024\/11\/05\/le-casier-francais-et-son-engagement-durable\/\" \/>\n<meta property=\"og:site_name\" content=\"Le Casier Fran\u00e7ais\" \/>\n<meta property=\"article:publisher\" content=\"https:\/\/www.facebook.com\/lecasierfrancais\/\" \/>\n<meta property=\"article:published_time\" content=\"2024-11-05T13:58:56+00:00\" \/>\n<meta property=\"og:image\" content=\"https:\/\/lecasierfrancais.es\/wp-content\/uploads\/2024\/11\/badge-ecovadis.jpg\" \/>\n\t<meta property=\"og:image:width\" content=\"1080\" \/>\n\t<meta property=\"og:image:height\" content=\"1080\" \/>\n\t<meta property=\"og:image:type\" content=\"image\/jpeg\" \/>\n<meta name=\"author\" content=\"Le Casier Francais\" \/>\n<meta name=\"twitter:card\" content=\"summary_large_image\" \/>\n<meta name=\"twitter:label1\" content=\"\u00c9crit par\" \/>\n\t<meta name=\"twitter:data1\" content=\"Le Casier Francais\" \/>\n\t<meta name=\"twitter:label2\" content=\"Dur\u00e9e de lecture estim\u00e9e\" \/>\n\t<meta name=\"twitter:data2\" content=\"6 minutes\" \/>\n<script type=\"application\/ld+json\" class=\"yoast-schema-graph\">{\"@context\":\"https:\/\/schema.org\",\"@graph\":[{\"@type\":\"WebPage\",\"@id\":\"https:\/\/lecasierfrancais.es\/index.php\/2024\/11\/05\/le-casier-francais-et-son-engagement-durable\/\",\"url\":\"https:\/\/lecasierfrancais.es\/index.php\/2024\/11\/05\/le-casier-francais-et-son-engagement-durable\/\",\"name\":\"Le Casier Fran\u00e7ais et son engagement durable \ud83c\udf3f - Le Casier Fran\u00e7ais\",\"isPartOf\":{\"@id\":\"https:\/\/lecasierfrancais.es\/#website\"},\"primaryImageOfPage\":{\"@id\":\"https:\/\/lecasierfrancais.es\/index.php\/2024\/11\/05\/le-casier-francais-et-son-engagement-durable\/#primaryimage\"},\"image\":{\"@id\":\"https:\/\/lecasierfrancais.es\/index.php\/2024\/11\/05\/le-casier-francais-et-son-engagement-durable\/#primaryimage\"},\"thumbnailUrl\":\"https:\/\/lecasierfrancais.es\/wp-content\/uploads\/2024\/11\/badge-ecovadis-e1730815184900.jpg\",\"datePublished\":\"2024-11-05T13:58:56+00:00\",\"author\":{\"@id\":\"https:\/\/lecasierfrancais.es\/#\/schema\/person\/ac95c6138096844c56f2c49f81730a7a\"},\"description\":\"Et voil\u00e0 un premier badge EcoVadis qui \u00e9value nos actions responsables et nous dresse un \u00e9tat des lieux RSE. D\u00e9couvrez nos objectifs durables.\",\"breadcrumb\":{\"@id\":\"https:\/\/lecasierfrancais.es\/index.php\/2024\/11\/05\/le-casier-francais-et-son-engagement-durable\/#breadcrumb\"},\"inLanguage\":\"fr-FR\",\"potentialAction\":[{\"@type\":\"ReadAction\",\"target\":[\"https:\/\/lecasierfrancais.es\/index.php\/2024\/11\/05\/le-casier-francais-et-son-engagement-durable\/\"]}]},{\"@type\":\"ImageObject\",\"inLanguage\":\"fr-FR\",\"@id\":\"https:\/\/lecasierfrancais.es\/index.php\/2024\/11\/05\/le-casier-francais-et-son-engagement-durable\/#primaryimage\",\"url\":\"https:\/\/lecasierfrancais.es\/wp-content\/uploads\/2024\/11\/badge-ecovadis-e1730815184900.jpg\",\"contentUrl\":\"https:\/\/lecasierfrancais.es\/wp-content\/uploads\/2024\/11\/badge-ecovadis-e1730815184900.jpg\",\"width\":500,\"height\":500,\"caption\":\"Badge EcoVadis pour Le CasierFran\u00e7ais\"},{\"@type\":\"BreadcrumbList\",\"@id\":\"https:\/\/lecasierfrancais.es\/index.php\/2024\/11\/05\/le-casier-francais-et-son-engagement-durable\/#breadcrumb\",\"itemListElement\":[{\"@type\":\"ListItem\",\"position\":1,\"name\":\"Accueil\",\"item\":\"https:\/\/lecasierfrancais.es\/\"},{\"@type\":\"ListItem\",\"position\":2,\"name\":\"Le Casier Fran\u00e7ais et son engagement durable \ud83c\udf3f\"}]},{\"@type\":\"WebSite\",\"@id\":\"https:\/\/lecasierfrancais.es\/#website\",\"url\":\"https:\/\/lecasierfrancais.es\/\",\"name\":\"Le Casier Fran\u00e7ais\",\"description\":\"\",\"potentialAction\":[{\"@type\":\"SearchAction\",\"target\":{\"@type\":\"EntryPoint\",\"urlTemplate\":\"https:\/\/lecasierfrancais.es\/?s={search_term_string}\"},\"query-input\":{\"@type\":\"PropertyValueSpecification\",\"valueRequired\":true,\"valueName\":\"search_term_string\"}}],\"inLanguage\":\"fr-FR\"},{\"@type\":\"Person\",\"@id\":\"https:\/\/lecasierfrancais.es\/#\/schema\/person\/ac95c6138096844c56f2c49f81730a7a\",\"name\":\"Le Casier Francais\",\"image\":{\"@type\":\"ImageObject\",\"inLanguage\":\"fr-FR\",\"@id\":\"https:\/\/lecasierfrancais.es\/#\/schema\/person\/image\/\",\"url\":\"https:\/\/secure.gravatar.com\/avatar\/f29776dfd97a4c78aee2ab31cb63a0f4097b8cc071a068daac2d914eb26fbbd4?s=96&d=mm&r=g\",\"contentUrl\":\"https:\/\/secure.gravatar.com\/avatar\/f29776dfd97a4c78aee2ab31cb63a0f4097b8cc071a068daac2d914eb26fbbd4?s=96&d=mm&r=g\",\"caption\":\"Le Casier Francais\"},\"url\":\"https:\/\/lecasierfrancais.es\/index.php\/author\/le-casier-francais\/\"}]}<\/script>\n<!-- \/ Yoast SEO Premium plugin. -->","yoast_head_json":{"title":"Le Casier Fran\u00e7ais et son engagement durable \ud83c\udf3f - Le Casier Fran\u00e7ais","description":"Et voil\u00e0 un premier badge EcoVadis qui \u00e9value nos actions responsables et nous dresse un \u00e9tat des lieux RSE. D\u00e9couvrez nos objectifs durables.","robots":{"index":"index","follow":"follow","max-snippet":"max-snippet:-1","max-image-preview":"max-image-preview:large","max-video-preview":"max-video-preview:-1"},"canonical":"https:\/\/lecasierfrancais.es\/index.php\/2024\/11\/05\/le-casier-francais-et-son-engagement-durable\/","og_locale":"fr_FR","og_type":"article","og_title":"Le Casier Fran\u00e7ais et son engagement durable \ud83c\udf3f","og_description":"Et voil\u00e0 un premier badge EcoVadis qui \u00e9value nos actions responsables et nous dresse un \u00e9tat des lieux RSE. D\u00e9couvrez nos objectifs durables.","og_url":"https:\/\/lecasierfrancais.es\/index.php\/2024\/11\/05\/le-casier-francais-et-son-engagement-durable\/","og_site_name":"Le Casier Fran\u00e7ais","article_publisher":"https:\/\/www.facebook.com\/lecasierfrancais\/","article_published_time":"2024-11-05T13:58:56+00:00","og_image":[{"width":1080,"height":1080,"url":"https:\/\/lecasierfrancais.es\/wp-content\/uploads\/2024\/11\/badge-ecovadis.jpg","type":"image\/jpeg"}],"author":"Le Casier Francais","twitter_card":"summary_large_image","twitter_misc":{"\u00c9crit par":"Le Casier Francais","Dur\u00e9e de lecture estim\u00e9e":"6 minutes"},"schema":{"@context":"https:\/\/schema.org","@graph":[{"@type":"WebPage","@id":"https:\/\/lecasierfrancais.es\/index.php\/2024\/11\/05\/le-casier-francais-et-son-engagement-durable\/","url":"https:\/\/lecasierfrancais.es\/index.php\/2024\/11\/05\/le-casier-francais-et-son-engagement-durable\/","name":"Le Casier Fran\u00e7ais et son engagement durable \ud83c\udf3f - Le Casier Fran\u00e7ais","isPartOf":{"@id":"https:\/\/lecasierfrancais.es\/#website"},"primaryImageOfPage":{"@id":"https:\/\/lecasierfrancais.es\/index.php\/2024\/11\/05\/le-casier-francais-et-son-engagement-durable\/#primaryimage"},"image":{"@id":"https:\/\/lecasierfrancais.es\/index.php\/2024\/11\/05\/le-casier-francais-et-son-engagement-durable\/#primaryimage"},"thumbnailUrl":"https:\/\/lecasierfrancais.es\/wp-content\/uploads\/2024\/11\/badge-ecovadis-e1730815184900.jpg","datePublished":"2024-11-05T13:58:56+00:00","author":{"@id":"https:\/\/lecasierfrancais.es\/#\/schema\/person\/ac95c6138096844c56f2c49f81730a7a"},"description":"Et voil\u00e0 un premier badge EcoVadis qui \u00e9value nos actions responsables et nous dresse un \u00e9tat des lieux RSE. D\u00e9couvrez nos objectifs durables.","breadcrumb":{"@id":"https:\/\/lecasierfrancais.es\/index.php\/2024\/11\/05\/le-casier-francais-et-son-engagement-durable\/#breadcrumb"},"inLanguage":"fr-FR","potentialAction":[{"@type":"ReadAction","target":["https:\/\/lecasierfrancais.es\/index.php\/2024\/11\/05\/le-casier-francais-et-son-engagement-durable\/"]}]},{"@type":"ImageObject","inLanguage":"fr-FR","@id":"https:\/\/lecasierfrancais.es\/index.php\/2024\/11\/05\/le-casier-francais-et-son-engagement-durable\/#primaryimage","url":"https:\/\/lecasierfrancais.es\/wp-content\/uploads\/2024\/11\/badge-ecovadis-e1730815184900.jpg","contentUrl":"https:\/\/lecasierfrancais.es\/wp-content\/uploads\/2024\/11\/badge-ecovadis-e1730815184900.jpg","width":500,"height":500,"caption":"Badge EcoVadis pour Le CasierFran\u00e7ais"},{"@type":"BreadcrumbList","@id":"https:\/\/lecasierfrancais.es\/index.php\/2024\/11\/05\/le-casier-francais-et-son-engagement-durable\/#breadcrumb","itemListElement":[{"@type":"ListItem","position":1,"name":"Accueil","item":"https:\/\/lecasierfrancais.es\/"},{"@type":"ListItem","position":2,"name":"Le Casier Fran\u00e7ais et son engagement durable \ud83c\udf3f"}]},{"@type":"WebSite","@id":"https:\/\/lecasierfrancais.es\/#website","url":"https:\/\/lecasierfrancais.es\/","name":"Le Casier Fran\u00e7ais","description":"","potentialAction":[{"@type":"SearchAction","target":{"@type":"EntryPoint","urlTemplate":"https:\/\/lecasierfrancais.es\/?s={search_term_string}"},"query-input":{"@type":"PropertyValueSpecification","valueRequired":true,"valueName":"search_term_string"}}],"inLanguage":"fr-FR"},{"@type":"Person","@id":"https:\/\/lecasierfrancais.es\/#\/schema\/person\/ac95c6138096844c56f2c49f81730a7a","name":"Le Casier Francais","image":{"@type":"ImageObject","inLanguage":"fr-FR","@id":"https:\/\/lecasierfrancais.es\/#\/schema\/person\/image\/","url":"https:\/\/secure.gravatar.com\/avatar\/f29776dfd97a4c78aee2ab31cb63a0f4097b8cc071a068daac2d914eb26fbbd4?s=96&d=mm&r=g","contentUrl":"https:\/\/secure.gravatar.com\/avatar\/f29776dfd97a4c78aee2ab31cb63a0f4097b8cc071a068daac2d914eb26fbbd4?s=96&d=mm&r=g","caption":"Le Casier Francais"},"url":"https:\/\/lecasierfrancais.es\/index.php\/author\/le-casier-francais\/"}]}},"_links":{"self":[{"href":"https:\/\/lecasierfrancais.es\/index.php\/wp-json\/wp\/v2\/posts\/12227","targetHints":{"allow":["GET"]}}],"collection":[{"href":"https:\/\/lecasierfrancais.es\/index.php\/wp-json\/wp\/v2\/posts"}],"about":[{"href":"https:\/\/lecasierfrancais.es\/index.php\/wp-json\/wp\/v2\/types\/post"}],"author":[{"embeddable":true,"href":"https:\/\/lecasierfrancais.es\/index.php\/wp-json\/wp\/v2\/users\/8"}],"replies":[{"embeddable":true,"href":"https:\/\/lecasierfrancais.es\/index.php\/wp-json\/wp\/v2\/comments?post=12227"}],"version-history":[{"count":2,"href":"https:\/\/lecasierfrancais.es\/index.php\/wp-json\/wp\/v2\/posts\/12227\/revisions"}],"predecessor-version":[{"id":12230,"href":"https:\/\/lecasierfrancais.es\/index.php\/wp-json\/wp\/v2\/posts\/12227\/revisions\/12230"}],"wp:featuredmedia":[{"embeddable":true,"href":"https:\/\/lecasierfrancais.es\/index.php\/wp-json\/wp\/v2\/media\/12228"}],"wp:attachment":[{"href":"https:\/\/lecasierfrancais.es\/index.php\/wp-json\/wp\/v2\/media?parent=12227"}],"wp:term":[{"taxonomy":"category","embeddable":true,"href":"https:\/\/lecasierfrancais.es\/index.php\/wp-json\/wp\/v2\/categories?post=12227"},{"taxonomy":"post_tag","embeddable":true,"href":"https:\/\/lecasierfrancais.es\/index.php\/wp-json\/wp\/v2\/tags?post=12227"}],"curies":[{"name":"wp","href":"https:\/\/api.w.org\/{rel}","templated":true}]}}