{"id":8299,"date":"2020-07-20T11:50:06","date_gmt":"2020-07-20T09:50:06","guid":{"rendered":"https:\/\/lecasierfrancais.fr\/?p=8299"},"modified":"2024-06-04T16:17:30","modified_gmt":"2024-06-04T14:17:30","slug":"ouverture-de-la-ferme-du-metz","status":"publish","type":"post","link":"https:\/\/lecasierfrancais.es\/index.php\/2020\/07\/20\/ouverture-de-la-ferme-du-metz\/","title":{"rendered":"Ouverture de La Ferme du Metz"},"content":{"rendered":"<div class=\"kvgmc6g5 cxmmr5t8 oygrvhab hcukyx3x c1et5uql ii04i59q\">\n<div dir=\"auto\">Les installations continuent pour <a href=\"https:\/\/www.facebook.com\/lecasierfrancais\">Le Casier Fran\u00e7ais<\/a> <span class=\"pq6dq46d tbxw36s4 knj5qynh kvgmc6g5 ditlmg2l oygrvhab nvdbi5me sf5mxxl7 gl3lb2sf hhz5lgdu\"><img decoding=\"async\" src=\"https:\/\/static.xx.fbcdn.net\/images\/emoji.php\/v9\/t74\/1\/16\/1f1eb_1f1f7.png\" alt=\"\ud83c\uddeb\ud83c\uddf7\" width=\"16\" height=\"16\" \/><\/span><span class=\"pq6dq46d tbxw36s4 knj5qynh kvgmc6g5 ditlmg2l oygrvhab nvdbi5me sf5mxxl7 gl3lb2sf hhz5lgdu\"><img decoding=\"async\" src=\"https:\/\/static.xx.fbcdn.net\/images\/emoji.php\/v9\/tfc\/1\/16\/1f44d.png\" alt=\"\ud83d\udc4d\" width=\"16\" height=\"16\" \/><\/span>!!<\/div>\n<\/div>\n<div class=\"o9v6fnle cxmmr5t8 oygrvhab hcukyx3x c1et5uql ii04i59q\">\n<div dir=\"auto\"><span class=\"pq6dq46d tbxw36s4 knj5qynh kvgmc6g5 ditlmg2l oygrvhab nvdbi5me sf5mxxl7 gl3lb2sf hhz5lgdu\"><img decoding=\"async\" src=\"https:\/\/static.xx.fbcdn.net\/images\/emoji.php\/v9\/t48\/1\/16\/21aa.png\" alt=\"\u21aa\ufe0f\" width=\"16\" height=\"16\" \/><\/span>Retrouvez d\u00e8s \u00e0 pr\u00e9sent les produits de saison <span class=\"pq6dq46d tbxw36s4 knj5qynh kvgmc6g5 ditlmg2l oygrvhab nvdbi5me sf5mxxl7 gl3lb2sf hhz5lgdu\"><img decoding=\"async\" src=\"https:\/\/static.xx.fbcdn.net\/images\/emoji.php\/v9\/ta9\/1\/16\/1f353.png\" alt=\"\ud83c\udf53\" width=\"16\" height=\"16\" \/><\/span><span class=\"pq6dq46d tbxw36s4 knj5qynh kvgmc6g5 ditlmg2l oygrvhab nvdbi5me sf5mxxl7 gl3lb2sf hhz5lgdu\"><img decoding=\"async\" src=\"https:\/\/static.xx.fbcdn.net\/images\/emoji.php\/v9\/t8d\/1\/16\/1f346.png\" alt=\"\ud83c\udf46\" width=\"16\" height=\"16\" \/><\/span><span class=\"pq6dq46d tbxw36s4 knj5qynh kvgmc6g5 ditlmg2l oygrvhab nvdbi5me sf5mxxl7 gl3lb2sf hhz5lgdu\"><img decoding=\"async\" src=\"https:\/\/static.xx.fbcdn.net\/images\/emoji.php\/v9\/tae\/1\/16\/1f952.png\" alt=\"\ud83e\udd52\" width=\"16\" height=\"16\" \/><\/span> de <a href=\"https:\/\/www.facebook.com\/lafermedumetz\/\">La Ferme du Metz<\/a> disponibles 24h\/24 gr\u00e2ce aux distributeurs automatiques !<\/div>\n<\/div>\n<div class=\"o9v6fnle cxmmr5t8 oygrvhab hcukyx3x c1et5uql ii04i59q\">\n<div dir=\"auto\"><span class=\"pq6dq46d tbxw36s4 knj5qynh kvgmc6g5 ditlmg2l oygrvhab nvdbi5me sf5mxxl7 gl3lb2sf hhz5lgdu\"><img decoding=\"async\" src=\"https:\/\/static.xx.fbcdn.net\/images\/emoji.php\/v9\/te8\/1\/16\/1f4ea.png\" alt=\"\ud83d\udcea\" width=\"16\" height=\"16\" \/><\/span> 26 rue du Chat \u00e0 Bailleul le Soc<\/div>\n<\/div>\n<div class=\"o9v6fnle cxmmr5t8 oygrvhab hcukyx3x c1et5uql ii04i59q\">\n<div dir=\"auto\"><a class=\"oajrlxb2 g5ia77u1 qu0x051f esr5mh6w e9989ue4 r7d6kgcz rq0escxv nhd2j8a9 nc684nl6 p7hjln8o kvgmc6g5 cxmmr5t8 oygrvhab hcukyx3x jb3vyjys rz4wbd8a qt6c0cv9 a8nywdso i1ao9s8h esuyzwwr f1sip0of lzcic4wl q66pz984 gpro0wi8 b1v8xokw\" tabindex=\"0\" role=\"link\" href=\"https:\/\/www.facebook.com\/hashtag\/lecasierfrancais?__eep__=6&amp;__cft__[0]=AZXq5rbTBy8e5TPbiR2M37smsSNJKIyDYgNgPVJcDlrAZK7jshUAd7J9N325dYU2AQQF4lLymMH8W7wEU5Z78BulJ-cdPVhTx860OjCP5JEGkGGd73wON1cjz8Xl12rxUhlHeASrkOE9zCmxmpfnc6l5MdNmSA5w5QYQifKohUYwbw&amp;__tn__=*NK-R\">#lecasierfrancais<\/a><\/div>\n<div dir=\"auto\"><a class=\"oajrlxb2 g5ia77u1 qu0x051f esr5mh6w e9989ue4 r7d6kgcz rq0escxv nhd2j8a9 nc684nl6 p7hjln8o kvgmc6g5 cxmmr5t8 oygrvhab hcukyx3x jb3vyjys rz4wbd8a qt6c0cv9 a8nywdso i1ao9s8h esuyzwwr f1sip0of lzcic4wl q66pz984 gpro0wi8 b1v8xokw\" tabindex=\"0\" role=\"link\" href=\"https:\/\/www.facebook.com\/hashtag\/lcf?__eep__=6&amp;__cft__[0]=AZXq5rbTBy8e5TPbiR2M37smsSNJKIyDYgNgPVJcDlrAZK7jshUAd7J9N325dYU2AQQF4lLymMH8W7wEU5Z78BulJ-cdPVhTx860OjCP5JEGkGGd73wON1cjz8Xl12rxUhlHeASrkOE9zCmxmpfnc6l5MdNmSA5w5QYQifKohUYwbw&amp;__tn__=*NK-R\">#lcf<\/a><\/div>\n<div dir=\"auto\"><a class=\"oajrlxb2 g5ia77u1 qu0x051f esr5mh6w e9989ue4 r7d6kgcz rq0escxv nhd2j8a9 nc684nl6 p7hjln8o kvgmc6g5 cxmmr5t8 oygrvhab hcukyx3x jb3vyjys rz4wbd8a qt6c0cv9 a8nywdso i1ao9s8h esuyzwwr f1sip0of lzcic4wl q66pz984 gpro0wi8 b1v8xokw\" tabindex=\"0\" role=\"link\" href=\"https:\/\/www.facebook.com\/hashtag\/distributeurautomatique?__eep__=6&amp;__cft__[0]=AZXq5rbTBy8e5TPbiR2M37smsSNJKIyDYgNgPVJcDlrAZK7jshUAd7J9N325dYU2AQQF4lLymMH8W7wEU5Z78BulJ-cdPVhTx860OjCP5JEGkGGd73wON1cjz8Xl12rxUhlHeASrkOE9zCmxmpfnc6l5MdNmSA5w5QYQifKohUYwbw&amp;__tn__=*NK-R\">#distributeurautomatique<\/a><\/div>\n<div dir=\"auto\"><a class=\"oajrlxb2 g5ia77u1 qu0x051f esr5mh6w e9989ue4 r7d6kgcz rq0escxv nhd2j8a9 nc684nl6 p7hjln8o kvgmc6g5 cxmmr5t8 oygrvhab hcukyx3x jb3vyjys rz4wbd8a qt6c0cv9 a8nywdso i1ao9s8h esuyzwwr f1sip0of lzcic4wl q66pz984 gpro0wi8 b1v8xokw\" tabindex=\"0\" role=\"link\" href=\"https:\/\/www.facebook.com\/hashtag\/circuitcourt?__eep__=6&amp;__cft__[0]=AZXq5rbTBy8e5TPbiR2M37smsSNJKIyDYgNgPVJcDlrAZK7jshUAd7J9N325dYU2AQQF4lLymMH8W7wEU5Z78BulJ-cdPVhTx860OjCP5JEGkGGd73wON1cjz8Xl12rxUhlHeASrkOE9zCmxmpfnc6l5MdNmSA5w5QYQifKohUYwbw&amp;__tn__=*NK-R\">#circuitcourt<\/a><\/div>\n<\/div>\n<p><img decoding=\"async\" class=\"aligncenter wp-image-8303 size-full\" src=\"https:\/\/lecasierfrancais.es\/wp-content\/uploads\/2020\/07\/110225319_326066535449350_630130518845253979_o.jpg\" alt=\"\" width=\"1600\" height=\"1200\" srcset=\"https:\/\/lecasierfrancais.es\/wp-content\/uploads\/2020\/07\/110225319_326066535449350_630130518845253979_o.jpg 1600w, https:\/\/lecasierfrancais.es\/wp-content\/uploads\/2020\/07\/110225319_326066535449350_630130518845253979_o-300x225.jpg 300w, https:\/\/lecasierfrancais.es\/wp-content\/uploads\/2020\/07\/110225319_326066535449350_630130518845253979_o-1024x768.jpg 1024w, https:\/\/lecasierfrancais.es\/wp-content\/uploads\/2020\/07\/110225319_326066535449350_630130518845253979_o-768x576.jpg 768w, https:\/\/lecasierfrancais.es\/wp-content\/uploads\/2020\/07\/110225319_326066535449350_630130518845253979_o-1536x1152.jpg 1536w\" sizes=\"(max-width: 1600px) 100vw, 1600px\" \/><img decoding=\"async\" class=\"wp-image-8301 size-full aligncenter\" src=\"https:\/\/lecasierfrancais.es\/wp-content\/uploads\/2020\/07\/110555231_326066662116004_4385156010200109393_o.jpg\" alt=\"\" width=\"1000\" height=\"666\" srcset=\"https:\/\/lecasierfrancais.es\/wp-content\/uploads\/2020\/07\/110555231_326066662116004_4385156010200109393_o.jpg 1000w, https:\/\/lecasierfrancais.es\/wp-content\/uploads\/2020\/07\/110555231_326066662116004_4385156010200109393_o-300x200.jpg 300w, https:\/\/lecasierfrancais.es\/wp-content\/uploads\/2020\/07\/110555231_326066662116004_4385156010200109393_o-768x511.jpg 768w, https:\/\/lecasierfrancais.es\/wp-content\/uploads\/2020\/07\/110555231_326066662116004_4385156010200109393_o-900x600.jpg 900w\" sizes=\"(max-width: 1000px) 100vw, 1000px\" \/><img decoding=\"async\" class=\"aligncenter wp-image-8302 size-full\" src=\"https:\/\/lecasierfrancais.es\/wp-content\/uploads\/2020\/07\/112998722_326066588782678_4263370179434226301_o.jpg\" alt=\"\" width=\"1000\" height=\"666\" srcset=\"https:\/\/lecasierfrancais.es\/wp-content\/uploads\/2020\/07\/112998722_326066588782678_4263370179434226301_o.jpg 1000w, https:\/\/lecasierfrancais.es\/wp-content\/uploads\/2020\/07\/112998722_326066588782678_4263370179434226301_o-300x200.jpg 300w, https:\/\/lecasierfrancais.es\/wp-content\/uploads\/2020\/07\/112998722_326066588782678_4263370179434226301_o-768x511.jpg 768w, https:\/\/lecasierfrancais.es\/wp-content\/uploads\/2020\/07\/112998722_326066588782678_4263370179434226301_o-900x600.jpg 900w\" sizes=\"(max-width: 1000px) 100vw, 1000px\" \/><\/p>\n","protected":false},"excerpt":{"rendered":"<p>Les installations continuent pour Le Casier Fran\u00e7ais !! Retrouvez d\u00e8s \u00e0 pr\u00e9sent les produits de&#8230;<\/p>\n","protected":false},"author":8,"featured_media":8303,"comment_status":"open","ping_status":"open","sticky":false,"template":"","format":"standard","meta":{"footnotes":""},"categories":[381],"tags":[389,395,384,387,386,388,390,385,382,383],"class_list":{"0":"post-8299","1":"post","2":"type-post","3":"status-publish","4":"format-standard","5":"has-post-thumbnail","7":"category-ouvertures","8":"tag-automatique","9":"tag-caisers","10":"tag-casier","11":"tag-circuitcourt","12":"tag-court","13":"tag-distributeur","14":"tag-distributeurautomatique","15":"tag-francais","16":"tag-lcf","17":"tag-lecasierfrancais"},"yoast_head":"<!-- This site is optimized with the Yoast SEO Premium plugin v26.1 (Yoast SEO v26.1.1) - https:\/\/yoast.com\/wordpress\/plugins\/seo\/ -->\n<title>Ouverture de La Ferme du Metz - Le Casier Fran\u00e7ais<\/title>\n<meta name=\"robots\" content=\"index, follow, max-snippet:-1, max-image-preview:large, max-video-preview:-1\" \/>\n<link rel=\"canonical\" href=\"https:\/\/lecasierfrancais.es\/index.php\/2020\/07\/20\/ouverture-de-la-ferme-du-metz\/\" \/>\n<meta property=\"og:locale\" content=\"fr_FR\" \/>\n<meta property=\"og:type\" content=\"article\" \/>\n<meta property=\"og:title\" content=\"Ouverture de La Ferme du Metz\" \/>\n<meta property=\"og:description\" content=\"Les installations continuent pour Le Casier Fran\u00e7ais !! Retrouvez d\u00e8s \u00e0 pr\u00e9sent les produits de...\" \/>\n<meta property=\"og:url\" content=\"https:\/\/lecasierfrancais.es\/index.php\/2020\/07\/20\/ouverture-de-la-ferme-du-metz\/\" \/>\n<meta property=\"og:site_name\" content=\"Le Casier Fran\u00e7ais\" \/>\n<meta property=\"article:publisher\" content=\"https:\/\/www.facebook.com\/lecasierfrancais\/\" \/>\n<meta property=\"article:published_time\" content=\"2020-07-20T09:50:06+00:00\" \/>\n<meta property=\"article:modified_time\" content=\"2024-06-04T14:17:30+00:00\" \/>\n<meta property=\"og:image\" content=\"https:\/\/lecasierfrancais.es\/wp-content\/uploads\/2020\/07\/110225319_326066535449350_630130518845253979_o.jpg\" \/>\n\t<meta property=\"og:image:width\" content=\"1600\" \/>\n\t<meta property=\"og:image:height\" content=\"1200\" \/>\n\t<meta property=\"og:image:type\" content=\"image\/jpeg\" \/>\n<meta name=\"author\" content=\"Le Casier Francais\" \/>\n<meta name=\"twitter:card\" content=\"summary_large_image\" \/>\n<meta name=\"twitter:label1\" content=\"\u00c9crit par\" \/>\n\t<meta name=\"twitter:data1\" content=\"Le Casier Francais\" \/>\n<script type=\"application\/ld+json\" class=\"yoast-schema-graph\">{\"@context\":\"https:\/\/schema.org\",\"@graph\":[{\"@type\":\"WebPage\",\"@id\":\"https:\/\/lecasierfrancais.es\/index.php\/2020\/07\/20\/ouverture-de-la-ferme-du-metz\/\",\"url\":\"https:\/\/lecasierfrancais.es\/index.php\/2020\/07\/20\/ouverture-de-la-ferme-du-metz\/\",\"name\":\"Ouverture de La Ferme du Metz - Le Casier Fran\u00e7ais\",\"isPartOf\":{\"@id\":\"https:\/\/lecasierfrancais.es\/#website\"},\"primaryImageOfPage\":{\"@id\":\"https:\/\/lecasierfrancais.es\/index.php\/2020\/07\/20\/ouverture-de-la-ferme-du-metz\/#primaryimage\"},\"image\":{\"@id\":\"https:\/\/lecasierfrancais.es\/index.php\/2020\/07\/20\/ouverture-de-la-ferme-du-metz\/#primaryimage\"},\"thumbnailUrl\":\"https:\/\/lecasierfrancais.es\/wp-content\/uploads\/2020\/07\/110225319_326066535449350_630130518845253979_o.jpg\",\"datePublished\":\"2020-07-20T09:50:06+00:00\",\"dateModified\":\"2024-06-04T14:17:30+00:00\",\"author\":{\"@id\":\"https:\/\/lecasierfrancais.es\/#\/schema\/person\/ac95c6138096844c56f2c49f81730a7a\"},\"breadcrumb\":{\"@id\":\"https:\/\/lecasierfrancais.es\/index.php\/2020\/07\/20\/ouverture-de-la-ferme-du-metz\/#breadcrumb\"},\"inLanguage\":\"fr-FR\",\"potentialAction\":[{\"@type\":\"ReadAction\",\"target\":[\"https:\/\/lecasierfrancais.es\/index.php\/2020\/07\/20\/ouverture-de-la-ferme-du-metz\/\"]}]},{\"@type\":\"ImageObject\",\"inLanguage\":\"fr-FR\",\"@id\":\"https:\/\/lecasierfrancais.es\/index.php\/2020\/07\/20\/ouverture-de-la-ferme-du-metz\/#primaryimage\",\"url\":\"https:\/\/lecasierfrancais.es\/wp-content\/uploads\/2020\/07\/110225319_326066535449350_630130518845253979_o.jpg\",\"contentUrl\":\"https:\/\/lecasierfrancais.es\/wp-content\/uploads\/2020\/07\/110225319_326066535449350_630130518845253979_o.jpg\",\"width\":1600,\"height\":1200},{\"@type\":\"BreadcrumbList\",\"@id\":\"https:\/\/lecasierfrancais.es\/index.php\/2020\/07\/20\/ouverture-de-la-ferme-du-metz\/#breadcrumb\",\"itemListElement\":[{\"@type\":\"ListItem\",\"position\":1,\"name\":\"Accueil\",\"item\":\"https:\/\/lecasierfrancais.es\/\"},{\"@type\":\"ListItem\",\"position\":2,\"name\":\"Ouverture de La Ferme du Metz\"}]},{\"@type\":\"WebSite\",\"@id\":\"https:\/\/lecasierfrancais.es\/#website\",\"url\":\"https:\/\/lecasierfrancais.es\/\",\"name\":\"Le Casier Fran\u00e7ais\",\"description\":\"\",\"potentialAction\":[{\"@type\":\"SearchAction\",\"target\":{\"@type\":\"EntryPoint\",\"urlTemplate\":\"https:\/\/lecasierfrancais.es\/?s={search_term_string}\"},\"query-input\":{\"@type\":\"PropertyValueSpecification\",\"valueRequired\":true,\"valueName\":\"search_term_string\"}}],\"inLanguage\":\"fr-FR\"},{\"@type\":\"Person\",\"@id\":\"https:\/\/lecasierfrancais.es\/#\/schema\/person\/ac95c6138096844c56f2c49f81730a7a\",\"name\":\"Le Casier Francais\",\"image\":{\"@type\":\"ImageObject\",\"inLanguage\":\"fr-FR\",\"@id\":\"https:\/\/lecasierfrancais.es\/#\/schema\/person\/image\/\",\"url\":\"https:\/\/secure.gravatar.com\/avatar\/f29776dfd97a4c78aee2ab31cb63a0f4097b8cc071a068daac2d914eb26fbbd4?s=96&d=mm&r=g\",\"contentUrl\":\"https:\/\/secure.gravatar.com\/avatar\/f29776dfd97a4c78aee2ab31cb63a0f4097b8cc071a068daac2d914eb26fbbd4?s=96&d=mm&r=g\",\"caption\":\"Le Casier Francais\"},\"url\":\"https:\/\/lecasierfrancais.es\/index.php\/author\/le-casier-francais\/\"}]}<\/script>\n<!-- \/ Yoast SEO Premium plugin. -->","yoast_head_json":{"title":"Ouverture de La Ferme du Metz - Le Casier Fran\u00e7ais","robots":{"index":"index","follow":"follow","max-snippet":"max-snippet:-1","max-image-preview":"max-image-preview:large","max-video-preview":"max-video-preview:-1"},"canonical":"https:\/\/lecasierfrancais.es\/index.php\/2020\/07\/20\/ouverture-de-la-ferme-du-metz\/","og_locale":"fr_FR","og_type":"article","og_title":"Ouverture de La Ferme du Metz","og_description":"Les installations continuent pour Le Casier Fran\u00e7ais !! Retrouvez d\u00e8s \u00e0 pr\u00e9sent les produits de...","og_url":"https:\/\/lecasierfrancais.es\/index.php\/2020\/07\/20\/ouverture-de-la-ferme-du-metz\/","og_site_name":"Le Casier Fran\u00e7ais","article_publisher":"https:\/\/www.facebook.com\/lecasierfrancais\/","article_published_time":"2020-07-20T09:50:06+00:00","article_modified_time":"2024-06-04T14:17:30+00:00","og_image":[{"width":1600,"height":1200,"url":"https:\/\/lecasierfrancais.es\/wp-content\/uploads\/2020\/07\/110225319_326066535449350_630130518845253979_o.jpg","type":"image\/jpeg"}],"author":"Le Casier Francais","twitter_card":"summary_large_image","twitter_misc":{"\u00c9crit par":"Le Casier Francais"},"schema":{"@context":"https:\/\/schema.org","@graph":[{"@type":"WebPage","@id":"https:\/\/lecasierfrancais.es\/index.php\/2020\/07\/20\/ouverture-de-la-ferme-du-metz\/","url":"https:\/\/lecasierfrancais.es\/index.php\/2020\/07\/20\/ouverture-de-la-ferme-du-metz\/","name":"Ouverture de La Ferme du Metz - Le Casier Fran\u00e7ais","isPartOf":{"@id":"https:\/\/lecasierfrancais.es\/#website"},"primaryImageOfPage":{"@id":"https:\/\/lecasierfrancais.es\/index.php\/2020\/07\/20\/ouverture-de-la-ferme-du-metz\/#primaryimage"},"image":{"@id":"https:\/\/lecasierfrancais.es\/index.php\/2020\/07\/20\/ouverture-de-la-ferme-du-metz\/#primaryimage"},"thumbnailUrl":"https:\/\/lecasierfrancais.es\/wp-content\/uploads\/2020\/07\/110225319_326066535449350_630130518845253979_o.jpg","datePublished":"2020-07-20T09:50:06+00:00","dateModified":"2024-06-04T14:17:30+00:00","author":{"@id":"https:\/\/lecasierfrancais.es\/#\/schema\/person\/ac95c6138096844c56f2c49f81730a7a"},"breadcrumb":{"@id":"https:\/\/lecasierfrancais.es\/index.php\/2020\/07\/20\/ouverture-de-la-ferme-du-metz\/#breadcrumb"},"inLanguage":"fr-FR","potentialAction":[{"@type":"ReadAction","target":["https:\/\/lecasierfrancais.es\/index.php\/2020\/07\/20\/ouverture-de-la-ferme-du-metz\/"]}]},{"@type":"ImageObject","inLanguage":"fr-FR","@id":"https:\/\/lecasierfrancais.es\/index.php\/2020\/07\/20\/ouverture-de-la-ferme-du-metz\/#primaryimage","url":"https:\/\/lecasierfrancais.es\/wp-content\/uploads\/2020\/07\/110225319_326066535449350_630130518845253979_o.jpg","contentUrl":"https:\/\/lecasierfrancais.es\/wp-content\/uploads\/2020\/07\/110225319_326066535449350_630130518845253979_o.jpg","width":1600,"height":1200},{"@type":"BreadcrumbList","@id":"https:\/\/lecasierfrancais.es\/index.php\/2020\/07\/20\/ouverture-de-la-ferme-du-metz\/#breadcrumb","itemListElement":[{"@type":"ListItem","position":1,"name":"Accueil","item":"https:\/\/lecasierfrancais.es\/"},{"@type":"ListItem","position":2,"name":"Ouverture de La Ferme du Metz"}]},{"@type":"WebSite","@id":"https:\/\/lecasierfrancais.es\/#website","url":"https:\/\/lecasierfrancais.es\/","name":"Le Casier Fran\u00e7ais","description":"","potentialAction":[{"@type":"SearchAction","target":{"@type":"EntryPoint","urlTemplate":"https:\/\/lecasierfrancais.es\/?s={search_term_string}"},"query-input":{"@type":"PropertyValueSpecification","valueRequired":true,"valueName":"search_term_string"}}],"inLanguage":"fr-FR"},{"@type":"Person","@id":"https:\/\/lecasierfrancais.es\/#\/schema\/person\/ac95c6138096844c56f2c49f81730a7a","name":"Le Casier Francais","image":{"@type":"ImageObject","inLanguage":"fr-FR","@id":"https:\/\/lecasierfrancais.es\/#\/schema\/person\/image\/","url":"https:\/\/secure.gravatar.com\/avatar\/f29776dfd97a4c78aee2ab31cb63a0f4097b8cc071a068daac2d914eb26fbbd4?s=96&d=mm&r=g","contentUrl":"https:\/\/secure.gravatar.com\/avatar\/f29776dfd97a4c78aee2ab31cb63a0f4097b8cc071a068daac2d914eb26fbbd4?s=96&d=mm&r=g","caption":"Le Casier Francais"},"url":"https:\/\/lecasierfrancais.es\/index.php\/author\/le-casier-francais\/"}]}},"_links":{"self":[{"href":"https:\/\/lecasierfrancais.es\/index.php\/wp-json\/wp\/v2\/posts\/8299","targetHints":{"allow":["GET"]}}],"collection":[{"href":"https:\/\/lecasierfrancais.es\/index.php\/wp-json\/wp\/v2\/posts"}],"about":[{"href":"https:\/\/lecasierfrancais.es\/index.php\/wp-json\/wp\/v2\/types\/post"}],"author":[{"embeddable":true,"href":"https:\/\/lecasierfrancais.es\/index.php\/wp-json\/wp\/v2\/users\/8"}],"replies":[{"embeddable":true,"href":"https:\/\/lecasierfrancais.es\/index.php\/wp-json\/wp\/v2\/comments?post=8299"}],"version-history":[{"count":2,"href":"https:\/\/lecasierfrancais.es\/index.php\/wp-json\/wp\/v2\/posts\/8299\/revisions"}],"predecessor-version":[{"id":8304,"href":"https:\/\/lecasierfrancais.es\/index.php\/wp-json\/wp\/v2\/posts\/8299\/revisions\/8304"}],"wp:featuredmedia":[{"embeddable":true,"href":"https:\/\/lecasierfrancais.es\/index.php\/wp-json\/wp\/v2\/media\/8303"}],"wp:attachment":[{"href":"https:\/\/lecasierfrancais.es\/index.php\/wp-json\/wp\/v2\/media?parent=8299"}],"wp:term":[{"taxonomy":"category","embeddable":true,"href":"https:\/\/lecasierfrancais.es\/index.php\/wp-json\/wp\/v2\/categories?post=8299"},{"taxonomy":"post_tag","embeddable":true,"href":"https:\/\/lecasierfrancais.es\/index.php\/wp-json\/wp\/v2\/tags?post=8299"}],"curies":[{"name":"wp","href":"https:\/\/api.w.org\/{rel}","templated":true}]}}