{"id":8865,"date":"2021-08-25T15:59:18","date_gmt":"2021-08-25T13:59:18","guid":{"rendered":"https:\/\/lecasierfrancais.fr\/?p=8865"},"modified":"2024-06-04T16:21:49","modified_gmt":"2024-06-04T14:21:49","slug":"ouverture-les-jardins-de-villy","status":"publish","type":"post","link":"https:\/\/lecasierfrancais.es\/index.php\/2021\/08\/25\/ouverture-les-jardins-de-villy\/","title":{"rendered":"Ouverture Les Jardins de Villy"},"content":{"rendered":"[vc_row type=\u00a0\u00bbin_container\u00a0\u00bb full_screen_row_position=\u00a0\u00bbmiddle\u00a0\u00bb scene_position=\u00a0\u00bbcenter\u00a0\u00bb text_color=\u00a0\u00bbdark\u00a0\u00bb text_align=\u00a0\u00bbleft\u00a0\u00bb overlay_strength=\u00a0\u00bb0.3&Prime; shape_divider_position=\u00a0\u00bbbottom\u00a0\u00bb][vc_column column_padding=\u00a0\u00bbno-extra-padding\u00a0\u00bb column_padding_position=\u00a0\u00bball\u00a0\u00bb background_color_opacity=\u00a0\u00bb1&Prime; background_hover_color_opacity=\u00a0\u00bb1&Prime; column_shadow=\u00a0\u00bbnone\u00a0\u00bb column_border_radius=\u00a0\u00bbnone\u00a0\u00bb width=\u00a0\u00bb1\/1&Prime; tablet_text_alignment=\u00a0\u00bbdefault\u00a0\u00bb phone_text_alignment=\u00a0\u00bbdefault\u00a0\u00bb column_border_width=\u00a0\u00bbnone\u00a0\u00bb column_border_style=\u00a0\u00bbsolid\u00a0\u00bb][vc_column_text]\n<div>\n<div dir=\"auto\" style=\"text-align: justify;\">Une nouvelle ouverture dans le d\u00e9partement de l\u2019Aube ! \ud83c\udf8a<\/div>\n<\/div>\n<div style=\"text-align: justify;\">\n<div dir=\"auto\">F\u00e9licitations aux jardins de Villy pour cette superbe installation dans la zone commerciale de Saint Germain. De d\u00e9licieux l\u00e9gumes locaux, frais et de saison vous attendent 7j\/7 et 24h\/24 ! \ud83e\udd5a\ud83c\udf53<\/div>\n<\/div>\n<div>\n<div dir=\"auto\" style=\"text-align: justify;\">\ud83d\udceb\u00a012 Rue du Commerce, 10120 SAINT GERMAIN<\/div>\n<\/div>\n<div dir=\"auto\"><\/div>\n<div dir=\"auto\"><\/div>\n<div>\n<div dir=\"auto\" style=\"text-align: justify;\"><strong>Pour plus d&rsquo;informations sur Les jardins de Villy, c&rsquo;est juste <a href=\"https:\/\/lesjardinsdevilly.fr\/\">ici<\/a> !<\/strong><\/div>\n<\/div>\n<div class=\"o9v6fnle cxmmr5t8 oygrvhab hcukyx3x c1et5uql ii04i59q\">\n<div dir=\"auto\"><a class=\"oajrlxb2 g5ia77u1 qu0x051f esr5mh6w e9989ue4 r7d6kgcz rq0escxv nhd2j8a9 nc684nl6 p7hjln8o kvgmc6g5 cxmmr5t8 oygrvhab hcukyx3x jb3vyjys rz4wbd8a qt6c0cv9 a8nywdso i1ao9s8h esuyzwwr f1sip0of lzcic4wl q66pz984 gpro0wi8 b1v8xokw\" tabindex=\"0\" role=\"link\" href=\"https:\/\/www.facebook.com\/hashtag\/saintgermain?__eep__=6&amp;__cft__[0]=AZX1-hBag9RIAvlCmal7CZApvB2S1OsfZX083Ms5yHwtEXNLz4zsmSO0Vmtjs1VYia6kqwmQU6-rB7COCD5Hh8g2t_ULcOs8-Ya7-JRExcBQBPKhutkk_saOssFjwqnu7bh89QRszln-mVCSZHNf-0SpMAniuYiCiOvVhM1lOZ-_FQ&amp;__tn__=*NK-R\">#saintgermain<\/a> <a class=\"oajrlxb2 g5ia77u1 qu0x051f esr5mh6w e9989ue4 r7d6kgcz rq0escxv nhd2j8a9 nc684nl6 p7hjln8o kvgmc6g5 cxmmr5t8 oygrvhab hcukyx3x jb3vyjys rz4wbd8a qt6c0cv9 a8nywdso i1ao9s8h esuyzwwr f1sip0of lzcic4wl q66pz984 gpro0wi8 b1v8xokw\" tabindex=\"0\" role=\"link\" href=\"https:\/\/www.facebook.com\/hashtag\/troyes?__eep__=6&amp;__cft__[0]=AZX1-hBag9RIAvlCmal7CZApvB2S1OsfZX083Ms5yHwtEXNLz4zsmSO0Vmtjs1VYia6kqwmQU6-rB7COCD5Hh8g2t_ULcOs8-Ya7-JRExcBQBPKhutkk_saOssFjwqnu7bh89QRszln-mVCSZHNf-0SpMAniuYiCiOvVhM1lOZ-_FQ&amp;__tn__=*NK-R\">#troyes<\/a> <a class=\"oajrlxb2 g5ia77u1 qu0x051f esr5mh6w e9989ue4 r7d6kgcz rq0escxv nhd2j8a9 nc684nl6 p7hjln8o kvgmc6g5 cxmmr5t8 oygrvhab hcukyx3x jb3vyjys rz4wbd8a qt6c0cv9 a8nywdso i1ao9s8h esuyzwwr f1sip0of lzcic4wl q66pz984 gpro0wi8 b1v8xokw\" tabindex=\"0\" role=\"link\" href=\"https:\/\/www.facebook.com\/hashtag\/aube?__eep__=6&amp;__cft__[0]=AZX1-hBag9RIAvlCmal7CZApvB2S1OsfZX083Ms5yHwtEXNLz4zsmSO0Vmtjs1VYia6kqwmQU6-rB7COCD5Hh8g2t_ULcOs8-Ya7-JRExcBQBPKhutkk_saOssFjwqnu7bh89QRszln-mVCSZHNf-0SpMAniuYiCiOvVhM1lOZ-_FQ&amp;__tn__=*NK-R\">#Aube<\/a> <a class=\"oajrlxb2 g5ia77u1 qu0x051f esr5mh6w e9989ue4 r7d6kgcz rq0escxv nhd2j8a9 nc684nl6 p7hjln8o kvgmc6g5 cxmmr5t8 oygrvhab hcukyx3x jb3vyjys rz4wbd8a qt6c0cv9 a8nywdso i1ao9s8h esuyzwwr f1sip0of lzcic4wl q66pz984 gpro0wi8 b1v8xokw\" tabindex=\"0\" role=\"link\" href=\"https:\/\/www.facebook.com\/hashtag\/lecasierfrancais?__eep__=6&amp;__cft__[0]=AZX1-hBag9RIAvlCmal7CZApvB2S1OsfZX083Ms5yHwtEXNLz4zsmSO0Vmtjs1VYia6kqwmQU6-rB7COCD5Hh8g2t_ULcOs8-Ya7-JRExcBQBPKhutkk_saOssFjwqnu7bh89QRszln-mVCSZHNf-0SpMAniuYiCiOvVhM1lOZ-_FQ&amp;__tn__=*NK-R\">#lecasierfrancais<\/a> <a class=\"oajrlxb2 g5ia77u1 qu0x051f esr5mh6w e9989ue4 r7d6kgcz rq0escxv nhd2j8a9 nc684nl6 p7hjln8o kvgmc6g5 cxmmr5t8 oygrvhab hcukyx3x jb3vyjys rz4wbd8a qt6c0cv9 a8nywdso i1ao9s8h esuyzwwr f1sip0of lzcic4wl q66pz984 gpro0wi8 b1v8xokw\" tabindex=\"0\" role=\"link\" href=\"https:\/\/www.facebook.com\/hashtag\/lcf?__eep__=6&amp;__cft__[0]=AZX1-hBag9RIAvlCmal7CZApvB2S1OsfZX083Ms5yHwtEXNLz4zsmSO0Vmtjs1VYia6kqwmQU6-rB7COCD5Hh8g2t_ULcOs8-Ya7-JRExcBQBPKhutkk_saOssFjwqnu7bh89QRszln-mVCSZHNf-0SpMAniuYiCiOvVhM1lOZ-_FQ&amp;__tn__=*NK-R\">#LCF<\/a> <a class=\"oajrlxb2 g5ia77u1 qu0x051f esr5mh6w e9989ue4 r7d6kgcz rq0escxv nhd2j8a9 nc684nl6 p7hjln8o kvgmc6g5 cxmmr5t8 oygrvhab hcukyx3x jb3vyjys rz4wbd8a qt6c0cv9 a8nywdso i1ao9s8h esuyzwwr f1sip0of lzcic4wl q66pz984 gpro0wi8 b1v8xokw\" tabindex=\"0\" role=\"link\" href=\"https:\/\/www.facebook.com\/hashtag\/lesjardinsdevilly?__eep__=6&amp;__cft__[0]=AZX1-hBag9RIAvlCmal7CZApvB2S1OsfZX083Ms5yHwtEXNLz4zsmSO0Vmtjs1VYia6kqwmQU6-rB7COCD5Hh8g2t_ULcOs8-Ya7-JRExcBQBPKhutkk_saOssFjwqnu7bh89QRszln-mVCSZHNf-0SpMAniuYiCiOvVhM1lOZ-_FQ&amp;__tn__=*NK-R\">#lesjardinsdevilly<\/a> <a class=\"oajrlxb2 g5ia77u1 qu0x051f esr5mh6w e9989ue4 r7d6kgcz rq0escxv nhd2j8a9 nc684nl6 p7hjln8o kvgmc6g5 cxmmr5t8 oygrvhab hcukyx3x jb3vyjys rz4wbd8a qt6c0cv9 a8nywdso i1ao9s8h esuyzwwr f1sip0of lzcic4wl q66pz984 gpro0wi8 b1v8xokw\" tabindex=\"0\" role=\"link\" href=\"https:\/\/www.facebook.com\/hashtag\/mangerlocal?__eep__=6&amp;__cft__[0]=AZX1-hBag9RIAvlCmal7CZApvB2S1OsfZX083Ms5yHwtEXNLz4zsmSO0Vmtjs1VYia6kqwmQU6-rB7COCD5Hh8g2t_ULcOs8-Ya7-JRExcBQBPKhutkk_saOssFjwqnu7bh89QRszln-mVCSZHNf-0SpMAniuYiCiOvVhM1lOZ-_FQ&amp;__tn__=*NK-R\">#mangerlocal<\/a> <a class=\"oajrlxb2 g5ia77u1 qu0x051f esr5mh6w e9989ue4 r7d6kgcz rq0escxv nhd2j8a9 nc684nl6 p7hjln8o kvgmc6g5 cxmmr5t8 oygrvhab hcukyx3x jb3vyjys rz4wbd8a qt6c0cv9 a8nywdso i1ao9s8h esuyzwwr f1sip0of lzcic4wl q66pz984 gpro0wi8 b1v8xokw\" tabindex=\"0\" role=\"link\" href=\"https:\/\/www.facebook.com\/hashtag\/legumesdesaison?__eep__=6&amp;__cft__[0]=AZX1-hBag9RIAvlCmal7CZApvB2S1OsfZX083Ms5yHwtEXNLz4zsmSO0Vmtjs1VYia6kqwmQU6-rB7COCD5Hh8g2t_ULcOs8-Ya7-JRExcBQBPKhutkk_saOssFjwqnu7bh89QRszln-mVCSZHNf-0SpMAniuYiCiOvVhM1lOZ-_FQ&amp;__tn__=*NK-R\">#legumesdesaison<\/a> <a class=\"oajrlxb2 g5ia77u1 qu0x051f esr5mh6w e9989ue4 r7d6kgcz rq0escxv nhd2j8a9 nc684nl6 p7hjln8o kvgmc6g5 cxmmr5t8 oygrvhab hcukyx3x jb3vyjys rz4wbd8a qt6c0cv9 a8nywdso i1ao9s8h esuyzwwr f1sip0of lzcic4wl q66pz984 gpro0wi8 b1v8xokw\" tabindex=\"0\" role=\"link\" href=\"https:\/\/www.facebook.com\/hashtag\/ecofriendly?__eep__=6&amp;__cft__[0]=AZX1-hBag9RIAvlCmal7CZApvB2S1OsfZX083Ms5yHwtEXNLz4zsmSO0Vmtjs1VYia6kqwmQU6-rB7COCD5Hh8g2t_ULcOs8-Ya7-JRExcBQBPKhutkk_saOssFjwqnu7bh89QRszln-mVCSZHNf-0SpMAniuYiCiOvVhM1lOZ-_FQ&amp;__tn__=*NK-R\">#ecofriendly<\/a> <a class=\"oajrlxb2 g5ia77u1 qu0x051f esr5mh6w e9989ue4 r7d6kgcz rq0escxv nhd2j8a9 nc684nl6 p7hjln8o kvgmc6g5 cxmmr5t8 oygrvhab hcukyx3x jb3vyjys rz4wbd8a qt6c0cv9 a8nywdso i1ao9s8h esuyzwwr f1sip0of lzcic4wl q66pz984 gpro0wi8 b1v8xokw\" tabindex=\"0\" role=\"link\" href=\"https:\/\/www.facebook.com\/hashtag\/distributeurautomatique?__eep__=6&amp;__cft__[0]=AZX1-hBag9RIAvlCmal7CZApvB2S1OsfZX083Ms5yHwtEXNLz4zsmSO0Vmtjs1VYia6kqwmQU6-rB7COCD5Hh8g2t_ULcOs8-Ya7-JRExcBQBPKhutkk_saOssFjwqnu7bh89QRszln-mVCSZHNf-0SpMAniuYiCiOvVhM1lOZ-_FQ&amp;__tn__=*NK-R\">#distributeurautomatique<\/a> <a class=\"oajrlxb2 g5ia77u1 qu0x051f esr5mh6w e9989ue4 r7d6kgcz rq0escxv nhd2j8a9 nc684nl6 p7hjln8o kvgmc6g5 cxmmr5t8 oygrvhab hcukyx3x jb3vyjys rz4wbd8a qt6c0cv9 a8nywdso i1ao9s8h esuyzwwr f1sip0of lzcic4wl q66pz984 gpro0wi8 b1v8xokw\" tabindex=\"0\" role=\"link\" href=\"https:\/\/www.facebook.com\/hashtag\/casierautomatique?__eep__=6&amp;__cft__[0]=AZX1-hBag9RIAvlCmal7CZApvB2S1OsfZX083Ms5yHwtEXNLz4zsmSO0Vmtjs1VYia6kqwmQU6-rB7COCD5Hh8g2t_ULcOs8-Ya7-JRExcBQBPKhutkk_saOssFjwqnu7bh89QRszln-mVCSZHNf-0SpMAniuYiCiOvVhM1lOZ-_FQ&amp;__tn__=*NK-R\">#casierautomatique<\/a> <a class=\"oajrlxb2 g5ia77u1 qu0x051f esr5mh6w e9989ue4 r7d6kgcz rq0escxv nhd2j8a9 nc684nl6 p7hjln8o kvgmc6g5 cxmmr5t8 oygrvhab hcukyx3x jb3vyjys rz4wbd8a qt6c0cv9 a8nywdso i1ao9s8h esuyzwwr f1sip0of lzcic4wl q66pz984 gpro0wi8 b1v8xokw\" tabindex=\"0\" role=\"link\" href=\"https:\/\/www.facebook.com\/hashtag\/circuitcourt?__eep__=6&amp;__cft__[0]=AZX1-hBag9RIAvlCmal7CZApvB2S1OsfZX083Ms5yHwtEXNLz4zsmSO0Vmtjs1VYia6kqwmQU6-rB7COCD5Hh8g2t_ULcOs8-Ya7-JRExcBQBPKhutkk_saOssFjwqnu7bh89QRszln-mVCSZHNf-0SpMAniuYiCiOvVhM1lOZ-_FQ&amp;__tn__=*NK-R\">#circuitcourt<\/a> <a class=\"oajrlxb2 g5ia77u1 qu0x051f esr5mh6w e9989ue4 r7d6kgcz rq0escxv nhd2j8a9 nc684nl6 p7hjln8o kvgmc6g5 cxmmr5t8 oygrvhab hcukyx3x jb3vyjys rz4wbd8a qt6c0cv9 a8nywdso i1ao9s8h esuyzwwr f1sip0of lzcic4wl q66pz984 gpro0wi8 b1v8xokw\" tabindex=\"0\" role=\"link\" href=\"https:\/\/www.facebook.com\/hashtag\/maraicher?__eep__=6&amp;__cft__[0]=AZX1-hBag9RIAvlCmal7CZApvB2S1OsfZX083Ms5yHwtEXNLz4zsmSO0Vmtjs1VYia6kqwmQU6-rB7COCD5Hh8g2t_ULcOs8-Ya7-JRExcBQBPKhutkk_saOssFjwqnu7bh89QRszln-mVCSZHNf-0SpMAniuYiCiOvVhM1lOZ-_FQ&amp;__tn__=*NK-R\">#maraicher<\/a> <a class=\"oajrlxb2 g5ia77u1 qu0x051f esr5mh6w e9989ue4 r7d6kgcz rq0escxv nhd2j8a9 nc684nl6 p7hjln8o kvgmc6g5 cxmmr5t8 oygrvhab hcukyx3x jb3vyjys rz4wbd8a qt6c0cv9 a8nywdso i1ao9s8h esuyzwwr f1sip0of lzcic4wl q66pz984 gpro0wi8 b1v8xokw\" tabindex=\"0\" role=\"link\" href=\"https:\/\/www.facebook.com\/hashtag\/fermier?__eep__=6&amp;__cft__[0]=AZX1-hBag9RIAvlCmal7CZApvB2S1OsfZX083Ms5yHwtEXNLz4zsmSO0Vmtjs1VYia6kqwmQU6-rB7COCD5Hh8g2t_ULcOs8-Ya7-JRExcBQBPKhutkk_saOssFjwqnu7bh89QRszln-mVCSZHNf-0SpMAniuYiCiOvVhM1lOZ-_FQ&amp;__tn__=*NK-R\">#fermier<\/a> <a class=\"oajrlxb2 g5ia77u1 qu0x051f esr5mh6w e9989ue4 r7d6kgcz rq0escxv nhd2j8a9 nc684nl6 p7hjln8o kvgmc6g5 cxmmr5t8 oygrvhab hcukyx3x jb3vyjys rz4wbd8a qt6c0cv9 a8nywdso i1ao9s8h esuyzwwr f1sip0of lzcic4wl q66pz984 gpro0wi8 b1v8xokw\" tabindex=\"0\" role=\"link\" href=\"https:\/\/www.facebook.com\/hashtag\/originefrancegarantie?__eep__=6&amp;__cft__[0]=AZX1-hBag9RIAvlCmal7CZApvB2S1OsfZX083Ms5yHwtEXNLz4zsmSO0Vmtjs1VYia6kqwmQU6-rB7COCD5Hh8g2t_ULcOs8-Ya7-JRExcBQBPKhutkk_saOssFjwqnu7bh89QRszln-mVCSZHNf-0SpMAniuYiCiOvVhM1lOZ-_FQ&amp;__tn__=*NK-R\">#originefrancegarantie<\/a> <a class=\"oajrlxb2 g5ia77u1 qu0x051f esr5mh6w e9989ue4 r7d6kgcz rq0escxv nhd2j8a9 nc684nl6 p7hjln8o kvgmc6g5 cxmmr5t8 oygrvhab hcukyx3x jb3vyjys rz4wbd8a qt6c0cv9 a8nywdso i1ao9s8h esuyzwwr f1sip0of lzcic4wl q66pz984 gpro0wi8 b1v8xokw\" tabindex=\"0\" role=\"link\" href=\"https:\/\/www.facebook.com\/hashtag\/madeinfrance?__eep__=6&amp;__cft__[0]=AZX1-hBag9RIAvlCmal7CZApvB2S1OsfZX083Ms5yHwtEXNLz4zsmSO0Vmtjs1VYia6kqwmQU6-rB7COCD5Hh8g2t_ULcOs8-Ya7-JRExcBQBPKhutkk_saOssFjwqnu7bh89QRszln-mVCSZHNf-0SpMAniuYiCiOvVhM1lOZ-_FQ&amp;__tn__=*NK-R\">#madeinfrance<\/a><\/div>\n<\/div>\n[\/vc_column_text][\/vc_column][\/vc_row][vc_row type=\u00a0\u00bbin_container\u00a0\u00bb full_screen_row_position=\u00a0\u00bbmiddle\u00a0\u00bb scene_position=\u00a0\u00bbcenter\u00a0\u00bb text_color=\u00a0\u00bbdark\u00a0\u00bb text_align=\u00a0\u00bbleft\u00a0\u00bb overlay_strength=\u00a0\u00bb0.3&Prime; shape_divider_position=\u00a0\u00bbbottom\u00a0\u00bb][vc_column column_padding=\u00a0\u00bbno-extra-padding\u00a0\u00bb column_padding_position=\u00a0\u00bball\u00a0\u00bb background_color_opacity=\u00a0\u00bb1&Prime; background_hover_color_opacity=\u00a0\u00bb1&Prime; column_shadow=\u00a0\u00bbnone\u00a0\u00bb column_border_radius=\u00a0\u00bbnone\u00a0\u00bb width=\u00a0\u00bb1\/1&Prime; tablet_text_alignment=\u00a0\u00bbdefault\u00a0\u00bb phone_text_alignment=\u00a0\u00bbdefault\u00a0\u00bb column_border_width=\u00a0\u00bbnone\u00a0\u00bb column_border_style=\u00a0\u00bbsolid\u00a0\u00bb]<div class=\"img-with-aniamtion-wrap center\" data-max-width=\"100%\" data-border-radius=\"none\"><div class=\"inner\"><img decoding=\"async\" data-shadow=\"none\" data-shadow-direction=\"middle\" class=\"img-with-animation \" data-delay=\"0\" height=\"1080\" width=\"1440\" data-animation=\"fade-in\" src=\"https:\/\/lecasierfrancais.es\/wp-content\/uploads\/2021\/08\/Photo-Villy-1.jpg\" srcset=\"https:\/\/lecasierfrancais.es\/wp-content\/uploads\/2021\/08\/Photo-Villy-1.jpg 1440w, https:\/\/lecasierfrancais.es\/wp-content\/uploads\/2021\/08\/Photo-Villy-1-300x225.jpg 300w, https:\/\/lecasierfrancais.es\/wp-content\/uploads\/2021\/08\/Photo-Villy-1-1024x768.jpg 1024w, https:\/\/lecasierfrancais.es\/wp-content\/uploads\/2021\/08\/Photo-Villy-1-768x576.jpg 768w\" sizes=\"100vw\" alt=\"\" \/><\/div><\/div>[\/vc_column][\/vc_row]\n","protected":false},"excerpt":{"rendered":"<p>[vc_row type=\u00a0\u00bbin_container\u00a0\u00bb full_screen_row_position=\u00a0\u00bbmiddle\u00a0\u00bb scene_position=\u00a0\u00bbcenter\u00a0\u00bb text_color=\u00a0\u00bbdark\u00a0\u00bb text_align=\u00a0\u00bbleft\u00a0\u00bb overlay_strength=\u00a0\u00bb0.3&Prime; shape_divider_position=\u00a0\u00bbbottom\u00a0\u00bb][vc_column column_padding=\u00a0\u00bbno-extra-padding\u00a0\u00bb column_padding_position=\u00a0\u00bball\u00a0\u00bb background_color_opacity=\u00a0\u00bb1&Prime; background_hover_color_opacity=\u00a0\u00bb1&Prime; column_shadow=\u00a0\u00bbnone\u00a0\u00bb column_border_radius=\u00a0\u00bbnone\u00a0\u00bb width=\u00a0\u00bb1\/1&Prime;&#8230;<\/p>\n","protected":false},"author":8,"featured_media":8872,"comment_status":"open","ping_status":"open","sticky":false,"template":"","format":"standard","meta":{"footnotes":""},"categories":[381],"tags":[456,460,387,390,448,452,382,383,459,457,434,458,451,437,454,455],"class_list":{"0":"post-8865","1":"post","2":"type-post","3":"status-publish","4":"format-standard","5":"has-post-thumbnail","7":"category-ouvertures","8":"tag-aube","9":"tag-casierautomatique","10":"tag-circuitcourt","11":"tag-distributeurautomatique","12":"tag-ecofriendly","13":"tag-fermier","14":"tag-lcf","15":"tag-lecasierfrancais","16":"tag-legumesdesaison","17":"tag-lesjardinsdevilly","18":"tag-madeinfrance","19":"tag-mangerlocal","20":"tag-maraicher","21":"tag-originefrancegarantie","22":"tag-saintgermain","23":"tag-troyes"},"yoast_head":"<!-- This site is optimized with the Yoast SEO Premium plugin v26.1 (Yoast SEO v26.1.1) - https:\/\/yoast.com\/wordpress\/plugins\/seo\/ -->\n<title>Ouverture Les Jardins de Villy - Le Casier Fran\u00e7ais<\/title>\n<meta name=\"robots\" content=\"index, follow, max-snippet:-1, max-image-preview:large, max-video-preview:-1\" \/>\n<link rel=\"canonical\" href=\"https:\/\/lecasierfrancais.es\/index.php\/2021\/08\/25\/ouverture-les-jardins-de-villy\/\" \/>\n<meta property=\"og:locale\" content=\"fr_FR\" \/>\n<meta property=\"og:type\" content=\"article\" \/>\n<meta property=\"og:title\" content=\"Ouverture Les Jardins de Villy\" \/>\n<meta property=\"og:description\" content=\"[vc_row type=\u00a0\u00bbin_container\u00a0\u00bb full_screen_row_position=\u00a0\u00bbmiddle\u00a0\u00bb scene_position=\u00a0\u00bbcenter\u00a0\u00bb text_color=\u00a0\u00bbdark\u00a0\u00bb text_align=\u00a0\u00bbleft\u00a0\u00bb overlay_strength=\u00a0\u00bb0.3&Prime; shape_divider_position=\u00a0\u00bbbottom\u00a0\u00bb][vc_column column_padding=\u00a0\u00bbno-extra-padding\u00a0\u00bb column_padding_position=\u00a0\u00bball\u00a0\u00bb background_color_opacity=\u00a0\u00bb1&Prime; background_hover_color_opacity=\u00a0\u00bb1&Prime; column_shadow=\u00a0\u00bbnone\u00a0\u00bb column_border_radius=\u00a0\u00bbnone\u00a0\u00bb width=\u00a0\u00bb1\/1&Prime;...\" \/>\n<meta property=\"og:url\" content=\"https:\/\/lecasierfrancais.es\/index.php\/2021\/08\/25\/ouverture-les-jardins-de-villy\/\" \/>\n<meta property=\"og:site_name\" content=\"Le Casier Fran\u00e7ais\" \/>\n<meta property=\"article:publisher\" content=\"https:\/\/www.facebook.com\/lecasierfrancais\/\" \/>\n<meta property=\"article:published_time\" content=\"2021-08-25T13:59:18+00:00\" \/>\n<meta property=\"article:modified_time\" content=\"2024-06-04T14:21:49+00:00\" \/>\n<meta property=\"og:image\" content=\"https:\/\/lecasierfrancais.es\/wp-content\/uploads\/2021\/08\/Photo-Villy-1.jpg\" \/>\n\t<meta property=\"og:image:width\" content=\"1440\" \/>\n\t<meta property=\"og:image:height\" content=\"1080\" \/>\n\t<meta property=\"og:image:type\" content=\"image\/jpeg\" \/>\n<meta name=\"author\" content=\"Le Casier Francais\" \/>\n<meta name=\"twitter:card\" content=\"summary_large_image\" \/>\n<meta name=\"twitter:label1\" content=\"\u00c9crit par\" \/>\n\t<meta name=\"twitter:data1\" content=\"Le Casier Francais\" \/>\n\t<meta name=\"twitter:label2\" content=\"Dur\u00e9e de lecture estim\u00e9e\" \/>\n\t<meta name=\"twitter:data2\" content=\"1 minute\" \/>\n<script type=\"application\/ld+json\" class=\"yoast-schema-graph\">{\"@context\":\"https:\/\/schema.org\",\"@graph\":[{\"@type\":\"WebPage\",\"@id\":\"https:\/\/lecasierfrancais.es\/index.php\/2021\/08\/25\/ouverture-les-jardins-de-villy\/\",\"url\":\"https:\/\/lecasierfrancais.es\/index.php\/2021\/08\/25\/ouverture-les-jardins-de-villy\/\",\"name\":\"Ouverture Les Jardins de Villy - Le Casier Fran\u00e7ais\",\"isPartOf\":{\"@id\":\"https:\/\/lecasierfrancais.es\/#website\"},\"primaryImageOfPage\":{\"@id\":\"https:\/\/lecasierfrancais.es\/index.php\/2021\/08\/25\/ouverture-les-jardins-de-villy\/#primaryimage\"},\"image\":{\"@id\":\"https:\/\/lecasierfrancais.es\/index.php\/2021\/08\/25\/ouverture-les-jardins-de-villy\/#primaryimage\"},\"thumbnailUrl\":\"https:\/\/lecasierfrancais.es\/wp-content\/uploads\/2021\/08\/Photo-Villy-1.jpg\",\"datePublished\":\"2021-08-25T13:59:18+00:00\",\"dateModified\":\"2024-06-04T14:21:49+00:00\",\"author\":{\"@id\":\"https:\/\/lecasierfrancais.es\/#\/schema\/person\/ac95c6138096844c56f2c49f81730a7a\"},\"breadcrumb\":{\"@id\":\"https:\/\/lecasierfrancais.es\/index.php\/2021\/08\/25\/ouverture-les-jardins-de-villy\/#breadcrumb\"},\"inLanguage\":\"fr-FR\",\"potentialAction\":[{\"@type\":\"ReadAction\",\"target\":[\"https:\/\/lecasierfrancais.es\/index.php\/2021\/08\/25\/ouverture-les-jardins-de-villy\/\"]}]},{\"@type\":\"ImageObject\",\"inLanguage\":\"fr-FR\",\"@id\":\"https:\/\/lecasierfrancais.es\/index.php\/2021\/08\/25\/ouverture-les-jardins-de-villy\/#primaryimage\",\"url\":\"https:\/\/lecasierfrancais.es\/wp-content\/uploads\/2021\/08\/Photo-Villy-1.jpg\",\"contentUrl\":\"https:\/\/lecasierfrancais.es\/wp-content\/uploads\/2021\/08\/Photo-Villy-1.jpg\",\"width\":1440,\"height\":1080},{\"@type\":\"BreadcrumbList\",\"@id\":\"https:\/\/lecasierfrancais.es\/index.php\/2021\/08\/25\/ouverture-les-jardins-de-villy\/#breadcrumb\",\"itemListElement\":[{\"@type\":\"ListItem\",\"position\":1,\"name\":\"Accueil\",\"item\":\"https:\/\/lecasierfrancais.es\/\"},{\"@type\":\"ListItem\",\"position\":2,\"name\":\"Ouverture Les Jardins de Villy\"}]},{\"@type\":\"WebSite\",\"@id\":\"https:\/\/lecasierfrancais.es\/#website\",\"url\":\"https:\/\/lecasierfrancais.es\/\",\"name\":\"Le Casier Fran\u00e7ais\",\"description\":\"\",\"potentialAction\":[{\"@type\":\"SearchAction\",\"target\":{\"@type\":\"EntryPoint\",\"urlTemplate\":\"https:\/\/lecasierfrancais.es\/?s={search_term_string}\"},\"query-input\":{\"@type\":\"PropertyValueSpecification\",\"valueRequired\":true,\"valueName\":\"search_term_string\"}}],\"inLanguage\":\"fr-FR\"},{\"@type\":\"Person\",\"@id\":\"https:\/\/lecasierfrancais.es\/#\/schema\/person\/ac95c6138096844c56f2c49f81730a7a\",\"name\":\"Le Casier Francais\",\"image\":{\"@type\":\"ImageObject\",\"inLanguage\":\"fr-FR\",\"@id\":\"https:\/\/lecasierfrancais.es\/#\/schema\/person\/image\/\",\"url\":\"https:\/\/secure.gravatar.com\/avatar\/f29776dfd97a4c78aee2ab31cb63a0f4097b8cc071a068daac2d914eb26fbbd4?s=96&d=mm&r=g\",\"contentUrl\":\"https:\/\/secure.gravatar.com\/avatar\/f29776dfd97a4c78aee2ab31cb63a0f4097b8cc071a068daac2d914eb26fbbd4?s=96&d=mm&r=g\",\"caption\":\"Le Casier Francais\"},\"url\":\"https:\/\/lecasierfrancais.es\/index.php\/author\/le-casier-francais\/\"}]}<\/script>\n<!-- \/ Yoast SEO Premium plugin. -->","yoast_head_json":{"title":"Ouverture Les Jardins de Villy - Le Casier Fran\u00e7ais","robots":{"index":"index","follow":"follow","max-snippet":"max-snippet:-1","max-image-preview":"max-image-preview:large","max-video-preview":"max-video-preview:-1"},"canonical":"https:\/\/lecasierfrancais.es\/index.php\/2021\/08\/25\/ouverture-les-jardins-de-villy\/","og_locale":"fr_FR","og_type":"article","og_title":"Ouverture Les Jardins de Villy","og_description":"[vc_row type=\u00a0\u00bbin_container\u00a0\u00bb full_screen_row_position=\u00a0\u00bbmiddle\u00a0\u00bb scene_position=\u00a0\u00bbcenter\u00a0\u00bb text_color=\u00a0\u00bbdark\u00a0\u00bb text_align=\u00a0\u00bbleft\u00a0\u00bb overlay_strength=\u00a0\u00bb0.3&Prime; shape_divider_position=\u00a0\u00bbbottom\u00a0\u00bb][vc_column column_padding=\u00a0\u00bbno-extra-padding\u00a0\u00bb column_padding_position=\u00a0\u00bball\u00a0\u00bb background_color_opacity=\u00a0\u00bb1&Prime; background_hover_color_opacity=\u00a0\u00bb1&Prime; column_shadow=\u00a0\u00bbnone\u00a0\u00bb column_border_radius=\u00a0\u00bbnone\u00a0\u00bb width=\u00a0\u00bb1\/1&Prime;...","og_url":"https:\/\/lecasierfrancais.es\/index.php\/2021\/08\/25\/ouverture-les-jardins-de-villy\/","og_site_name":"Le Casier Fran\u00e7ais","article_publisher":"https:\/\/www.facebook.com\/lecasierfrancais\/","article_published_time":"2021-08-25T13:59:18+00:00","article_modified_time":"2024-06-04T14:21:49+00:00","og_image":[{"width":1440,"height":1080,"url":"https:\/\/lecasierfrancais.es\/wp-content\/uploads\/2021\/08\/Photo-Villy-1.jpg","type":"image\/jpeg"}],"author":"Le Casier Francais","twitter_card":"summary_large_image","twitter_misc":{"\u00c9crit par":"Le Casier Francais","Dur\u00e9e de lecture estim\u00e9e":"1 minute"},"schema":{"@context":"https:\/\/schema.org","@graph":[{"@type":"WebPage","@id":"https:\/\/lecasierfrancais.es\/index.php\/2021\/08\/25\/ouverture-les-jardins-de-villy\/","url":"https:\/\/lecasierfrancais.es\/index.php\/2021\/08\/25\/ouverture-les-jardins-de-villy\/","name":"Ouverture Les Jardins de Villy - Le Casier Fran\u00e7ais","isPartOf":{"@id":"https:\/\/lecasierfrancais.es\/#website"},"primaryImageOfPage":{"@id":"https:\/\/lecasierfrancais.es\/index.php\/2021\/08\/25\/ouverture-les-jardins-de-villy\/#primaryimage"},"image":{"@id":"https:\/\/lecasierfrancais.es\/index.php\/2021\/08\/25\/ouverture-les-jardins-de-villy\/#primaryimage"},"thumbnailUrl":"https:\/\/lecasierfrancais.es\/wp-content\/uploads\/2021\/08\/Photo-Villy-1.jpg","datePublished":"2021-08-25T13:59:18+00:00","dateModified":"2024-06-04T14:21:49+00:00","author":{"@id":"https:\/\/lecasierfrancais.es\/#\/schema\/person\/ac95c6138096844c56f2c49f81730a7a"},"breadcrumb":{"@id":"https:\/\/lecasierfrancais.es\/index.php\/2021\/08\/25\/ouverture-les-jardins-de-villy\/#breadcrumb"},"inLanguage":"fr-FR","potentialAction":[{"@type":"ReadAction","target":["https:\/\/lecasierfrancais.es\/index.php\/2021\/08\/25\/ouverture-les-jardins-de-villy\/"]}]},{"@type":"ImageObject","inLanguage":"fr-FR","@id":"https:\/\/lecasierfrancais.es\/index.php\/2021\/08\/25\/ouverture-les-jardins-de-villy\/#primaryimage","url":"https:\/\/lecasierfrancais.es\/wp-content\/uploads\/2021\/08\/Photo-Villy-1.jpg","contentUrl":"https:\/\/lecasierfrancais.es\/wp-content\/uploads\/2021\/08\/Photo-Villy-1.jpg","width":1440,"height":1080},{"@type":"BreadcrumbList","@id":"https:\/\/lecasierfrancais.es\/index.php\/2021\/08\/25\/ouverture-les-jardins-de-villy\/#breadcrumb","itemListElement":[{"@type":"ListItem","position":1,"name":"Accueil","item":"https:\/\/lecasierfrancais.es\/"},{"@type":"ListItem","position":2,"name":"Ouverture Les Jardins de Villy"}]},{"@type":"WebSite","@id":"https:\/\/lecasierfrancais.es\/#website","url":"https:\/\/lecasierfrancais.es\/","name":"Le Casier Fran\u00e7ais","description":"","potentialAction":[{"@type":"SearchAction","target":{"@type":"EntryPoint","urlTemplate":"https:\/\/lecasierfrancais.es\/?s={search_term_string}"},"query-input":{"@type":"PropertyValueSpecification","valueRequired":true,"valueName":"search_term_string"}}],"inLanguage":"fr-FR"},{"@type":"Person","@id":"https:\/\/lecasierfrancais.es\/#\/schema\/person\/ac95c6138096844c56f2c49f81730a7a","name":"Le Casier Francais","image":{"@type":"ImageObject","inLanguage":"fr-FR","@id":"https:\/\/lecasierfrancais.es\/#\/schema\/person\/image\/","url":"https:\/\/secure.gravatar.com\/avatar\/f29776dfd97a4c78aee2ab31cb63a0f4097b8cc071a068daac2d914eb26fbbd4?s=96&d=mm&r=g","contentUrl":"https:\/\/secure.gravatar.com\/avatar\/f29776dfd97a4c78aee2ab31cb63a0f4097b8cc071a068daac2d914eb26fbbd4?s=96&d=mm&r=g","caption":"Le Casier Francais"},"url":"https:\/\/lecasierfrancais.es\/index.php\/author\/le-casier-francais\/"}]}},"_links":{"self":[{"href":"https:\/\/lecasierfrancais.es\/index.php\/wp-json\/wp\/v2\/posts\/8865","targetHints":{"allow":["GET"]}}],"collection":[{"href":"https:\/\/lecasierfrancais.es\/index.php\/wp-json\/wp\/v2\/posts"}],"about":[{"href":"https:\/\/lecasierfrancais.es\/index.php\/wp-json\/wp\/v2\/types\/post"}],"author":[{"embeddable":true,"href":"https:\/\/lecasierfrancais.es\/index.php\/wp-json\/wp\/v2\/users\/8"}],"replies":[{"embeddable":true,"href":"https:\/\/lecasierfrancais.es\/index.php\/wp-json\/wp\/v2\/comments?post=8865"}],"version-history":[{"count":12,"href":"https:\/\/lecasierfrancais.es\/index.php\/wp-json\/wp\/v2\/posts\/8865\/revisions"}],"predecessor-version":[{"id":8883,"href":"https:\/\/lecasierfrancais.es\/index.php\/wp-json\/wp\/v2\/posts\/8865\/revisions\/8883"}],"wp:featuredmedia":[{"embeddable":true,"href":"https:\/\/lecasierfrancais.es\/index.php\/wp-json\/wp\/v2\/media\/8872"}],"wp:attachment":[{"href":"https:\/\/lecasierfrancais.es\/index.php\/wp-json\/wp\/v2\/media?parent=8865"}],"wp:term":[{"taxonomy":"category","embeddable":true,"href":"https:\/\/lecasierfrancais.es\/index.php\/wp-json\/wp\/v2\/categories?post=8865"},{"taxonomy":"post_tag","embeddable":true,"href":"https:\/\/lecasierfrancais.es\/index.php\/wp-json\/wp\/v2\/tags?post=8865"}],"curies":[{"name":"wp","href":"https:\/\/api.w.org\/{rel}","templated":true}]}}