{"id":8936,"date":"2021-09-13T15:01:22","date_gmt":"2021-09-13T13:01:22","guid":{"rendered":"https:\/\/lecasierfrancais.fr\/?p=8936"},"modified":"2024-06-04T16:21:49","modified_gmt":"2024-06-04T14:21:49","slug":"8936","status":"publish","type":"post","link":"https:\/\/lecasierfrancais.es\/index.php\/2021\/09\/13\/8936\/","title":{"rendered":"Le marathon des salons de septembre continue !"},"content":{"rendered":"<p>Le marathon des salons de septembre continue !<br \/>\nPour ce nouveau salon, nous vous retrouverons au SPACE Rennes. L\u2019ensemble de notre \u00e9quipe Le Casier Fran\u00e7ais vous pr\u00e9sentera nos derni\u00e8res innovations du 14 au 16 septembre, stand B17, Hall 1.<br \/>\nParc des Expositions de Rennes A\u00e9roport, 35170 Bruz &#8211; FRANCE<\/p>\n<p>#Lecasierfrancais #LCF #restaurationcollective #agriculture #distributeurautomatique #casierautomatique #madeinfance #\u00e9v\u00e8nement #salonprofessionnel #Space<\/p>\n<p>&nbsp;<\/p>\n<div dir=\"auto\"><img decoding=\"async\" class=\"aligncenter wp-image-8937 size-full\" src=\"https:\/\/lecasierfrancais.es\/wp-content\/uploads\/2021\/09\/Salons_Sept_2021_V24-scaled.jpg\" alt=\"\" width=\"2560\" height=\"2560\" srcset=\"https:\/\/lecasierfrancais.es\/wp-content\/uploads\/2021\/09\/Salons_Sept_2021_V24-scaled.jpg 2000w, https:\/\/lecasierfrancais.es\/wp-content\/uploads\/2021\/09\/Salons_Sept_2021_V24-300x300.jpg 300w, https:\/\/lecasierfrancais.es\/wp-content\/uploads\/2021\/09\/Salons_Sept_2021_V24-1024x1024.jpg 1024w, https:\/\/lecasierfrancais.es\/wp-content\/uploads\/2021\/09\/Salons_Sept_2021_V24-150x150.jpg 150w, https:\/\/lecasierfrancais.es\/wp-content\/uploads\/2021\/09\/Salons_Sept_2021_V24-768x768.jpg 768w, https:\/\/lecasierfrancais.es\/wp-content\/uploads\/2021\/09\/Salons_Sept_2021_V24-1536x1536.jpg 1536w, https:\/\/lecasierfrancais.es\/wp-content\/uploads\/2021\/09\/Salons_Sept_2021_V24-2048x2048.jpg 2048w, https:\/\/lecasierfrancais.es\/wp-content\/uploads\/2021\/09\/Salons_Sept_2021_V24-100x100.jpg 100w, https:\/\/lecasierfrancais.es\/wp-content\/uploads\/2021\/09\/Salons_Sept_2021_V24-140x140.jpg 140w, https:\/\/lecasierfrancais.es\/wp-content\/uploads\/2021\/09\/Salons_Sept_2021_V24-500x500.jpg 500w, https:\/\/lecasierfrancais.es\/wp-content\/uploads\/2021\/09\/Salons_Sept_2021_V24-350x350.jpg 350w, https:\/\/lecasierfrancais.es\/wp-content\/uploads\/2021\/09\/Salons_Sept_2021_V24-1000x1000.jpg 1000w, https:\/\/lecasierfrancais.es\/wp-content\/uploads\/2021\/09\/Salons_Sept_2021_V24-800x800.jpg 800w\" sizes=\"(max-width: 2560px) 100vw, 2560px\" \/><\/div>\n","protected":false},"excerpt":{"rendered":"<p>Le marathon des salons de septembre continue ! Pour ce nouveau salon, nous vous retrouverons&#8230;<\/p>\n","protected":false},"author":8,"featured_media":8937,"comment_status":"open","ping_status":"open","sticky":false,"template":"","format":"standard","meta":{"footnotes":""},"categories":[392],"tags":[443,389,384,396,387,386,388,418,390,416,385,382,421,383,407,434,394,484,474],"class_list":{"0":"post-8936","1":"post","2":"type-post","3":"status-publish","4":"format-standard","5":"has-post-thumbnail","7":"category-salon","8":"tag-agriculture","9":"tag-automatique","10":"tag-casier","11":"tag-casiers","12":"tag-circuitcourt","13":"tag-court","14":"tag-distributeur","15":"tag-distributeur-automatique","16":"tag-distributeurautomatique","17":"tag-fabrication-francaise","18":"tag-francais","19":"tag-lcf","20":"tag-le-casier-francais","21":"tag-lecasierfrancais","22":"tag-made-in-france","23":"tag-madeinfrance","24":"tag-salon","25":"tag-salonprofessionnel","26":"tag-space"},"yoast_head":"<!-- This site is optimized with the Yoast SEO Premium plugin v26.1 (Yoast SEO v26.1.1) - https:\/\/yoast.com\/wordpress\/plugins\/seo\/ -->\n<title>Le marathon des salons de septembre continue ! - Le Casier Fran\u00e7ais<\/title>\n<meta name=\"robots\" content=\"index, follow, max-snippet:-1, max-image-preview:large, max-video-preview:-1\" \/>\n<link rel=\"canonical\" href=\"https:\/\/lecasierfrancais.es\/index.php\/2021\/09\/13\/8936\/\" \/>\n<meta property=\"og:locale\" content=\"fr_FR\" \/>\n<meta property=\"og:type\" content=\"article\" \/>\n<meta property=\"og:title\" content=\"Le marathon des salons de septembre continue !\" \/>\n<meta property=\"og:description\" content=\"Le marathon des salons de septembre continue ! Pour ce nouveau salon, nous vous retrouverons...\" \/>\n<meta property=\"og:url\" content=\"https:\/\/lecasierfrancais.es\/index.php\/2021\/09\/13\/8936\/\" \/>\n<meta property=\"og:site_name\" content=\"Le Casier Fran\u00e7ais\" \/>\n<meta property=\"article:publisher\" content=\"https:\/\/www.facebook.com\/lecasierfrancais\/\" \/>\n<meta property=\"article:published_time\" content=\"2021-09-13T13:01:22+00:00\" \/>\n<meta property=\"article:modified_time\" content=\"2024-06-04T14:21:49+00:00\" \/>\n<meta property=\"og:image\" content=\"https:\/\/lecasierfrancais.es\/wp-content\/uploads\/2021\/09\/Salons_Sept_2021_V24-scaled.jpg\" \/>\n\t<meta property=\"og:image:width\" content=\"2560\" \/>\n\t<meta property=\"og:image:height\" content=\"2560\" \/>\n\t<meta property=\"og:image:type\" content=\"image\/jpeg\" \/>\n<meta name=\"author\" content=\"Le Casier Francais\" \/>\n<meta name=\"twitter:card\" content=\"summary_large_image\" \/>\n<meta name=\"twitter:label1\" content=\"\u00c9crit par\" \/>\n\t<meta name=\"twitter:data1\" content=\"Le Casier Francais\" \/>\n<script type=\"application\/ld+json\" class=\"yoast-schema-graph\">{\"@context\":\"https:\/\/schema.org\",\"@graph\":[{\"@type\":\"WebPage\",\"@id\":\"https:\/\/lecasierfrancais.es\/index.php\/2021\/09\/13\/8936\/\",\"url\":\"https:\/\/lecasierfrancais.es\/index.php\/2021\/09\/13\/8936\/\",\"name\":\"Le marathon des salons de septembre continue ! - Le Casier Fran\u00e7ais\",\"isPartOf\":{\"@id\":\"https:\/\/lecasierfrancais.es\/#website\"},\"primaryImageOfPage\":{\"@id\":\"https:\/\/lecasierfrancais.es\/index.php\/2021\/09\/13\/8936\/#primaryimage\"},\"image\":{\"@id\":\"https:\/\/lecasierfrancais.es\/index.php\/2021\/09\/13\/8936\/#primaryimage\"},\"thumbnailUrl\":\"https:\/\/lecasierfrancais.es\/wp-content\/uploads\/2021\/09\/Salons_Sept_2021_V24-scaled.jpg\",\"datePublished\":\"2021-09-13T13:01:22+00:00\",\"dateModified\":\"2024-06-04T14:21:49+00:00\",\"author\":{\"@id\":\"https:\/\/lecasierfrancais.es\/#\/schema\/person\/ac95c6138096844c56f2c49f81730a7a\"},\"breadcrumb\":{\"@id\":\"https:\/\/lecasierfrancais.es\/index.php\/2021\/09\/13\/8936\/#breadcrumb\"},\"inLanguage\":\"fr-FR\",\"potentialAction\":[{\"@type\":\"ReadAction\",\"target\":[\"https:\/\/lecasierfrancais.es\/index.php\/2021\/09\/13\/8936\/\"]}]},{\"@type\":\"ImageObject\",\"inLanguage\":\"fr-FR\",\"@id\":\"https:\/\/lecasierfrancais.es\/index.php\/2021\/09\/13\/8936\/#primaryimage\",\"url\":\"https:\/\/lecasierfrancais.es\/wp-content\/uploads\/2021\/09\/Salons_Sept_2021_V24-scaled.jpg\",\"contentUrl\":\"https:\/\/lecasierfrancais.es\/wp-content\/uploads\/2021\/09\/Salons_Sept_2021_V24-scaled.jpg\",\"width\":2000,\"height\":2000},{\"@type\":\"BreadcrumbList\",\"@id\":\"https:\/\/lecasierfrancais.es\/index.php\/2021\/09\/13\/8936\/#breadcrumb\",\"itemListElement\":[{\"@type\":\"ListItem\",\"position\":1,\"name\":\"Accueil\",\"item\":\"https:\/\/lecasierfrancais.es\/\"},{\"@type\":\"ListItem\",\"position\":2,\"name\":\"Le marathon des salons de septembre continue !\"}]},{\"@type\":\"WebSite\",\"@id\":\"https:\/\/lecasierfrancais.es\/#website\",\"url\":\"https:\/\/lecasierfrancais.es\/\",\"name\":\"Le Casier Fran\u00e7ais\",\"description\":\"\",\"potentialAction\":[{\"@type\":\"SearchAction\",\"target\":{\"@type\":\"EntryPoint\",\"urlTemplate\":\"https:\/\/lecasierfrancais.es\/?s={search_term_string}\"},\"query-input\":{\"@type\":\"PropertyValueSpecification\",\"valueRequired\":true,\"valueName\":\"search_term_string\"}}],\"inLanguage\":\"fr-FR\"},{\"@type\":\"Person\",\"@id\":\"https:\/\/lecasierfrancais.es\/#\/schema\/person\/ac95c6138096844c56f2c49f81730a7a\",\"name\":\"Le Casier Francais\",\"image\":{\"@type\":\"ImageObject\",\"inLanguage\":\"fr-FR\",\"@id\":\"https:\/\/lecasierfrancais.es\/#\/schema\/person\/image\/\",\"url\":\"https:\/\/secure.gravatar.com\/avatar\/f29776dfd97a4c78aee2ab31cb63a0f4097b8cc071a068daac2d914eb26fbbd4?s=96&d=mm&r=g\",\"contentUrl\":\"https:\/\/secure.gravatar.com\/avatar\/f29776dfd97a4c78aee2ab31cb63a0f4097b8cc071a068daac2d914eb26fbbd4?s=96&d=mm&r=g\",\"caption\":\"Le Casier Francais\"},\"url\":\"https:\/\/lecasierfrancais.es\/index.php\/author\/le-casier-francais\/\"}]}<\/script>\n<!-- \/ Yoast SEO Premium plugin. -->","yoast_head_json":{"title":"Le marathon des salons de septembre continue ! - Le Casier Fran\u00e7ais","robots":{"index":"index","follow":"follow","max-snippet":"max-snippet:-1","max-image-preview":"max-image-preview:large","max-video-preview":"max-video-preview:-1"},"canonical":"https:\/\/lecasierfrancais.es\/index.php\/2021\/09\/13\/8936\/","og_locale":"fr_FR","og_type":"article","og_title":"Le marathon des salons de septembre continue !","og_description":"Le marathon des salons de septembre continue ! Pour ce nouveau salon, nous vous retrouverons...","og_url":"https:\/\/lecasierfrancais.es\/index.php\/2021\/09\/13\/8936\/","og_site_name":"Le Casier Fran\u00e7ais","article_publisher":"https:\/\/www.facebook.com\/lecasierfrancais\/","article_published_time":"2021-09-13T13:01:22+00:00","article_modified_time":"2024-06-04T14:21:49+00:00","og_image":[{"width":2560,"height":2560,"url":"https:\/\/lecasierfrancais.es\/wp-content\/uploads\/2021\/09\/Salons_Sept_2021_V24-scaled.jpg","type":"image\/jpeg"}],"author":"Le Casier Francais","twitter_card":"summary_large_image","twitter_misc":{"\u00c9crit par":"Le Casier Francais"},"schema":{"@context":"https:\/\/schema.org","@graph":[{"@type":"WebPage","@id":"https:\/\/lecasierfrancais.es\/index.php\/2021\/09\/13\/8936\/","url":"https:\/\/lecasierfrancais.es\/index.php\/2021\/09\/13\/8936\/","name":"Le marathon des salons de septembre continue ! - Le Casier Fran\u00e7ais","isPartOf":{"@id":"https:\/\/lecasierfrancais.es\/#website"},"primaryImageOfPage":{"@id":"https:\/\/lecasierfrancais.es\/index.php\/2021\/09\/13\/8936\/#primaryimage"},"image":{"@id":"https:\/\/lecasierfrancais.es\/index.php\/2021\/09\/13\/8936\/#primaryimage"},"thumbnailUrl":"https:\/\/lecasierfrancais.es\/wp-content\/uploads\/2021\/09\/Salons_Sept_2021_V24-scaled.jpg","datePublished":"2021-09-13T13:01:22+00:00","dateModified":"2024-06-04T14:21:49+00:00","author":{"@id":"https:\/\/lecasierfrancais.es\/#\/schema\/person\/ac95c6138096844c56f2c49f81730a7a"},"breadcrumb":{"@id":"https:\/\/lecasierfrancais.es\/index.php\/2021\/09\/13\/8936\/#breadcrumb"},"inLanguage":"fr-FR","potentialAction":[{"@type":"ReadAction","target":["https:\/\/lecasierfrancais.es\/index.php\/2021\/09\/13\/8936\/"]}]},{"@type":"ImageObject","inLanguage":"fr-FR","@id":"https:\/\/lecasierfrancais.es\/index.php\/2021\/09\/13\/8936\/#primaryimage","url":"https:\/\/lecasierfrancais.es\/wp-content\/uploads\/2021\/09\/Salons_Sept_2021_V24-scaled.jpg","contentUrl":"https:\/\/lecasierfrancais.es\/wp-content\/uploads\/2021\/09\/Salons_Sept_2021_V24-scaled.jpg","width":2000,"height":2000},{"@type":"BreadcrumbList","@id":"https:\/\/lecasierfrancais.es\/index.php\/2021\/09\/13\/8936\/#breadcrumb","itemListElement":[{"@type":"ListItem","position":1,"name":"Accueil","item":"https:\/\/lecasierfrancais.es\/"},{"@type":"ListItem","position":2,"name":"Le marathon des salons de septembre continue !"}]},{"@type":"WebSite","@id":"https:\/\/lecasierfrancais.es\/#website","url":"https:\/\/lecasierfrancais.es\/","name":"Le Casier Fran\u00e7ais","description":"","potentialAction":[{"@type":"SearchAction","target":{"@type":"EntryPoint","urlTemplate":"https:\/\/lecasierfrancais.es\/?s={search_term_string}"},"query-input":{"@type":"PropertyValueSpecification","valueRequired":true,"valueName":"search_term_string"}}],"inLanguage":"fr-FR"},{"@type":"Person","@id":"https:\/\/lecasierfrancais.es\/#\/schema\/person\/ac95c6138096844c56f2c49f81730a7a","name":"Le Casier Francais","image":{"@type":"ImageObject","inLanguage":"fr-FR","@id":"https:\/\/lecasierfrancais.es\/#\/schema\/person\/image\/","url":"https:\/\/secure.gravatar.com\/avatar\/f29776dfd97a4c78aee2ab31cb63a0f4097b8cc071a068daac2d914eb26fbbd4?s=96&d=mm&r=g","contentUrl":"https:\/\/secure.gravatar.com\/avatar\/f29776dfd97a4c78aee2ab31cb63a0f4097b8cc071a068daac2d914eb26fbbd4?s=96&d=mm&r=g","caption":"Le Casier Francais"},"url":"https:\/\/lecasierfrancais.es\/index.php\/author\/le-casier-francais\/"}]}},"_links":{"self":[{"href":"https:\/\/lecasierfrancais.es\/index.php\/wp-json\/wp\/v2\/posts\/8936","targetHints":{"allow":["GET"]}}],"collection":[{"href":"https:\/\/lecasierfrancais.es\/index.php\/wp-json\/wp\/v2\/posts"}],"about":[{"href":"https:\/\/lecasierfrancais.es\/index.php\/wp-json\/wp\/v2\/types\/post"}],"author":[{"embeddable":true,"href":"https:\/\/lecasierfrancais.es\/index.php\/wp-json\/wp\/v2\/users\/8"}],"replies":[{"embeddable":true,"href":"https:\/\/lecasierfrancais.es\/index.php\/wp-json\/wp\/v2\/comments?post=8936"}],"version-history":[{"count":3,"href":"https:\/\/lecasierfrancais.es\/index.php\/wp-json\/wp\/v2\/posts\/8936\/revisions"}],"predecessor-version":[{"id":8955,"href":"https:\/\/lecasierfrancais.es\/index.php\/wp-json\/wp\/v2\/posts\/8936\/revisions\/8955"}],"wp:featuredmedia":[{"embeddable":true,"href":"https:\/\/lecasierfrancais.es\/index.php\/wp-json\/wp\/v2\/media\/8937"}],"wp:attachment":[{"href":"https:\/\/lecasierfrancais.es\/index.php\/wp-json\/wp\/v2\/media?parent=8936"}],"wp:term":[{"taxonomy":"category","embeddable":true,"href":"https:\/\/lecasierfrancais.es\/index.php\/wp-json\/wp\/v2\/categories?post=8936"},{"taxonomy":"post_tag","embeddable":true,"href":"https:\/\/lecasierfrancais.es\/index.php\/wp-json\/wp\/v2\/tags?post=8936"}],"curies":[{"name":"wp","href":"https:\/\/api.w.org\/{rel}","templated":true}]}}