{"id":8944,"date":"2021-09-16T15:09:18","date_gmt":"2021-09-16T13:09:18","guid":{"rendered":"https:\/\/lecasierfrancais.fr\/?p=8944"},"modified":"2024-06-04T16:21:48","modified_gmt":"2024-06-04T14:21:48","slug":"ouverture-de-nivelleau","status":"publish","type":"post","link":"https:\/\/lecasierfrancais.es\/index.php\/2021\/09\/16\/ouverture-de-nivelleau\/","title":{"rendered":"Ouverture de Nivelleau"},"content":{"rendered":"<p>Une nouvelle installation dans la r\u00e9gion Pays de la Loire ! \ud83e\udd73<br \/>\nNous revoil\u00e0 avec une implantation de Nivelleau production pour un regroupement de producteurs locaux !<br \/>\nVous pourrez y retrouver des fruits et l\u00e9gumes de la ferme de la Cure les Alleuds et des Jardiniers du pays. \ud83c\udf47\ud83c\udf4f<br \/>\nVous pourrez aussi y retrouver un ensemble de produits laitiers et fromagers de la ferme de l\u2019Aubance et d\u2019Ajou Chemill\u00e9. \ud83e\udd5b\ud83e\uddc0<br \/>\nPour compl\u00e9ter ce panel de produits locaux, plusieurs pizzas artisanales et boissons fra\u00eeches seront aussi de la partie ! \ud83c\udf55\ud83e\udd64<br \/>\nUne superbe collaboration de producteurs pour raviver vos papilles ! \ud83d\ude0b<br \/>\n\ud83d\udceb La Penti\u00e8re, 49320 BLAISON-ST-SULPICE<\/p>\n<p>#Lecasierfrancais #LCF #circuitcourt #ventedirecte #distributeurautomatique #casierautomatique #consommerautrement #produitslocaux #agriculture #fermier #originefrancegarantie #madeinfrance #fromager #maraicher<\/p>\n<p><img decoding=\"async\" class=\"aligncenter wp-image-8945 size-full\" src=\"https:\/\/lecasierfrancais.es\/wp-content\/uploads\/2021\/09\/casiers_Nivelleau-scaled.jpg\" alt=\"\" width=\"2560\" height=\"1920\" srcset=\"https:\/\/lecasierfrancais.es\/wp-content\/uploads\/2021\/09\/casiers_Nivelleau-scaled.jpg 2000w, https:\/\/lecasierfrancais.es\/wp-content\/uploads\/2021\/09\/casiers_Nivelleau-300x225.jpg 300w, https:\/\/lecasierfrancais.es\/wp-content\/uploads\/2021\/09\/casiers_Nivelleau-1024x768.jpg 1024w, https:\/\/lecasierfrancais.es\/wp-content\/uploads\/2021\/09\/casiers_Nivelleau-768x576.jpg 768w, https:\/\/lecasierfrancais.es\/wp-content\/uploads\/2021\/09\/casiers_Nivelleau-1536x1152.jpg 1536w, https:\/\/lecasierfrancais.es\/wp-content\/uploads\/2021\/09\/casiers_Nivelleau-2048x1536.jpg 2048w\" sizes=\"(max-width: 2560px) 100vw, 2560px\" \/><img decoding=\"async\" class=\"aligncenter wp-image-8946 size-full\" src=\"https:\/\/lecasierfrancais.es\/wp-content\/uploads\/2021\/09\/abri_Nivelleau-scaled.jpg\" alt=\"\" width=\"2560\" height=\"1920\" srcset=\"https:\/\/lecasierfrancais.es\/wp-content\/uploads\/2021\/09\/abri_Nivelleau-scaled.jpg 2000w, https:\/\/lecasierfrancais.es\/wp-content\/uploads\/2021\/09\/abri_Nivelleau-300x225.jpg 300w, https:\/\/lecasierfrancais.es\/wp-content\/uploads\/2021\/09\/abri_Nivelleau-1024x768.jpg 1024w, https:\/\/lecasierfrancais.es\/wp-content\/uploads\/2021\/09\/abri_Nivelleau-768x576.jpg 768w, https:\/\/lecasierfrancais.es\/wp-content\/uploads\/2021\/09\/abri_Nivelleau-1536x1152.jpg 1536w, https:\/\/lecasierfrancais.es\/wp-content\/uploads\/2021\/09\/abri_Nivelleau-2048x1536.jpg 2048w\" sizes=\"(max-width: 2560px) 100vw, 2560px\" \/><img decoding=\"async\" class=\"aligncenter wp-image-8947 size-full\" src=\"https:\/\/lecasierfrancais.es\/wp-content\/uploads\/2021\/09\/abri_Nivelleau2-scaled.jpg\" alt=\"\" width=\"1920\" height=\"2560\" srcset=\"https:\/\/lecasierfrancais.es\/wp-content\/uploads\/2021\/09\/abri_Nivelleau2-scaled.jpg 1500w, https:\/\/lecasierfrancais.es\/wp-content\/uploads\/2021\/09\/abri_Nivelleau2-225x300.jpg 225w, https:\/\/lecasierfrancais.es\/wp-content\/uploads\/2021\/09\/abri_Nivelleau2-768x1024.jpg 768w, https:\/\/lecasierfrancais.es\/wp-content\/uploads\/2021\/09\/abri_Nivelleau2-1152x1536.jpg 1152w, https:\/\/lecasierfrancais.es\/wp-content\/uploads\/2021\/09\/abri_Nivelleau2-1536x2048.jpg 1536w\" sizes=\"(max-width: 1920px) 100vw, 1920px\" \/><\/p>\n","protected":false},"excerpt":{"rendered":"<p>Une nouvelle installation dans la r\u00e9gion Pays de la Loire ! \ud83e\udd73 Nous revoil\u00e0 avec&#8230;<\/p>\n","protected":false},"author":8,"featured_media":8945,"comment_status":"open","ping_status":"open","sticky":false,"template":"","format":"standard","meta":{"footnotes":""},"categories":[381],"tags":[443,389,490,384,396,417,387,464,386,388,418,390,452,491,421,383,407,434,451,489,437,488,466,461],"class_list":{"0":"post-8944","1":"post","2":"type-post","3":"status-publish","4":"format-standard","5":"has-post-thumbnail","7":"category-ouvertures","8":"tag-agriculture","9":"tag-automatique","10":"tag-blason-st-sulpice","11":"tag-casier","12":"tag-casiers","13":"tag-circuit-court","14":"tag-circuitcourt","15":"tag-consommerautrement","16":"tag-court","17":"tag-distributeur","18":"tag-distributeur-automatique","19":"tag-distributeurautomatique","20":"tag-fermier","21":"tag-fromager","22":"tag-le-casier-francais","23":"tag-lecasierfrancais","24":"tag-made-in-france","25":"tag-madeinfrance","26":"tag-maraicher","27":"tag-nivelleau","28":"tag-originefrancegarantie","29":"tag-ouverture","30":"tag-produitslocaux","31":"tag-ventedirecte"},"yoast_head":"<!-- This site is optimized with the Yoast SEO Premium plugin v26.1 (Yoast SEO v26.1.1) - https:\/\/yoast.com\/wordpress\/plugins\/seo\/ -->\n<title>Ouverture de Nivelleau - Le Casier Fran\u00e7ais<\/title>\n<meta name=\"robots\" content=\"index, follow, max-snippet:-1, max-image-preview:large, max-video-preview:-1\" \/>\n<link rel=\"canonical\" href=\"https:\/\/lecasierfrancais.es\/index.php\/2021\/09\/16\/ouverture-de-nivelleau\/\" \/>\n<meta property=\"og:locale\" content=\"fr_FR\" \/>\n<meta property=\"og:type\" content=\"article\" \/>\n<meta property=\"og:title\" content=\"Ouverture de Nivelleau\" \/>\n<meta property=\"og:description\" content=\"Une nouvelle installation dans la r\u00e9gion Pays de la Loire ! \ud83e\udd73 Nous revoil\u00e0 avec...\" \/>\n<meta property=\"og:url\" content=\"https:\/\/lecasierfrancais.es\/index.php\/2021\/09\/16\/ouverture-de-nivelleau\/\" \/>\n<meta property=\"og:site_name\" content=\"Le Casier Fran\u00e7ais\" \/>\n<meta property=\"article:publisher\" content=\"https:\/\/www.facebook.com\/lecasierfrancais\/\" \/>\n<meta property=\"article:published_time\" content=\"2021-09-16T13:09:18+00:00\" \/>\n<meta property=\"article:modified_time\" content=\"2024-06-04T14:21:48+00:00\" \/>\n<meta property=\"og:image\" content=\"https:\/\/lecasierfrancais.es\/wp-content\/uploads\/2021\/09\/casiers_Nivelleau-scaled.jpg\" \/>\n\t<meta property=\"og:image:width\" content=\"2560\" \/>\n\t<meta property=\"og:image:height\" content=\"1920\" \/>\n\t<meta property=\"og:image:type\" content=\"image\/jpeg\" \/>\n<meta name=\"author\" content=\"Le Casier Francais\" \/>\n<meta name=\"twitter:card\" content=\"summary_large_image\" \/>\n<meta name=\"twitter:label1\" content=\"\u00c9crit par\" \/>\n\t<meta name=\"twitter:data1\" content=\"Le Casier Francais\" \/>\n\t<meta name=\"twitter:label2\" content=\"Dur\u00e9e de lecture estim\u00e9e\" \/>\n\t<meta name=\"twitter:data2\" content=\"1 minute\" \/>\n<script type=\"application\/ld+json\" class=\"yoast-schema-graph\">{\"@context\":\"https:\/\/schema.org\",\"@graph\":[{\"@type\":\"WebPage\",\"@id\":\"https:\/\/lecasierfrancais.es\/index.php\/2021\/09\/16\/ouverture-de-nivelleau\/\",\"url\":\"https:\/\/lecasierfrancais.es\/index.php\/2021\/09\/16\/ouverture-de-nivelleau\/\",\"name\":\"Ouverture de Nivelleau - Le Casier Fran\u00e7ais\",\"isPartOf\":{\"@id\":\"https:\/\/lecasierfrancais.es\/#website\"},\"primaryImageOfPage\":{\"@id\":\"https:\/\/lecasierfrancais.es\/index.php\/2021\/09\/16\/ouverture-de-nivelleau\/#primaryimage\"},\"image\":{\"@id\":\"https:\/\/lecasierfrancais.es\/index.php\/2021\/09\/16\/ouverture-de-nivelleau\/#primaryimage\"},\"thumbnailUrl\":\"https:\/\/lecasierfrancais.es\/wp-content\/uploads\/2021\/09\/casiers_Nivelleau-scaled.jpg\",\"datePublished\":\"2021-09-16T13:09:18+00:00\",\"dateModified\":\"2024-06-04T14:21:48+00:00\",\"author\":{\"@id\":\"https:\/\/lecasierfrancais.es\/#\/schema\/person\/ac95c6138096844c56f2c49f81730a7a\"},\"breadcrumb\":{\"@id\":\"https:\/\/lecasierfrancais.es\/index.php\/2021\/09\/16\/ouverture-de-nivelleau\/#breadcrumb\"},\"inLanguage\":\"fr-FR\",\"potentialAction\":[{\"@type\":\"ReadAction\",\"target\":[\"https:\/\/lecasierfrancais.es\/index.php\/2021\/09\/16\/ouverture-de-nivelleau\/\"]}]},{\"@type\":\"ImageObject\",\"inLanguage\":\"fr-FR\",\"@id\":\"https:\/\/lecasierfrancais.es\/index.php\/2021\/09\/16\/ouverture-de-nivelleau\/#primaryimage\",\"url\":\"https:\/\/lecasierfrancais.es\/wp-content\/uploads\/2021\/09\/casiers_Nivelleau-scaled.jpg\",\"contentUrl\":\"https:\/\/lecasierfrancais.es\/wp-content\/uploads\/2021\/09\/casiers_Nivelleau-scaled.jpg\",\"width\":2000,\"height\":1500},{\"@type\":\"BreadcrumbList\",\"@id\":\"https:\/\/lecasierfrancais.es\/index.php\/2021\/09\/16\/ouverture-de-nivelleau\/#breadcrumb\",\"itemListElement\":[{\"@type\":\"ListItem\",\"position\":1,\"name\":\"Accueil\",\"item\":\"https:\/\/lecasierfrancais.es\/\"},{\"@type\":\"ListItem\",\"position\":2,\"name\":\"Ouverture de Nivelleau\"}]},{\"@type\":\"WebSite\",\"@id\":\"https:\/\/lecasierfrancais.es\/#website\",\"url\":\"https:\/\/lecasierfrancais.es\/\",\"name\":\"Le Casier Fran\u00e7ais\",\"description\":\"\",\"potentialAction\":[{\"@type\":\"SearchAction\",\"target\":{\"@type\":\"EntryPoint\",\"urlTemplate\":\"https:\/\/lecasierfrancais.es\/?s={search_term_string}\"},\"query-input\":{\"@type\":\"PropertyValueSpecification\",\"valueRequired\":true,\"valueName\":\"search_term_string\"}}],\"inLanguage\":\"fr-FR\"},{\"@type\":\"Person\",\"@id\":\"https:\/\/lecasierfrancais.es\/#\/schema\/person\/ac95c6138096844c56f2c49f81730a7a\",\"name\":\"Le Casier Francais\",\"image\":{\"@type\":\"ImageObject\",\"inLanguage\":\"fr-FR\",\"@id\":\"https:\/\/lecasierfrancais.es\/#\/schema\/person\/image\/\",\"url\":\"https:\/\/secure.gravatar.com\/avatar\/f29776dfd97a4c78aee2ab31cb63a0f4097b8cc071a068daac2d914eb26fbbd4?s=96&d=mm&r=g\",\"contentUrl\":\"https:\/\/secure.gravatar.com\/avatar\/f29776dfd97a4c78aee2ab31cb63a0f4097b8cc071a068daac2d914eb26fbbd4?s=96&d=mm&r=g\",\"caption\":\"Le Casier Francais\"},\"url\":\"https:\/\/lecasierfrancais.es\/index.php\/author\/le-casier-francais\/\"}]}<\/script>\n<!-- \/ Yoast SEO Premium plugin. -->","yoast_head_json":{"title":"Ouverture de Nivelleau - Le Casier Fran\u00e7ais","robots":{"index":"index","follow":"follow","max-snippet":"max-snippet:-1","max-image-preview":"max-image-preview:large","max-video-preview":"max-video-preview:-1"},"canonical":"https:\/\/lecasierfrancais.es\/index.php\/2021\/09\/16\/ouverture-de-nivelleau\/","og_locale":"fr_FR","og_type":"article","og_title":"Ouverture de Nivelleau","og_description":"Une nouvelle installation dans la r\u00e9gion Pays de la Loire ! \ud83e\udd73 Nous revoil\u00e0 avec...","og_url":"https:\/\/lecasierfrancais.es\/index.php\/2021\/09\/16\/ouverture-de-nivelleau\/","og_site_name":"Le Casier Fran\u00e7ais","article_publisher":"https:\/\/www.facebook.com\/lecasierfrancais\/","article_published_time":"2021-09-16T13:09:18+00:00","article_modified_time":"2024-06-04T14:21:48+00:00","og_image":[{"width":2560,"height":1920,"url":"https:\/\/lecasierfrancais.es\/wp-content\/uploads\/2021\/09\/casiers_Nivelleau-scaled.jpg","type":"image\/jpeg"}],"author":"Le Casier Francais","twitter_card":"summary_large_image","twitter_misc":{"\u00c9crit par":"Le Casier Francais","Dur\u00e9e de lecture estim\u00e9e":"1 minute"},"schema":{"@context":"https:\/\/schema.org","@graph":[{"@type":"WebPage","@id":"https:\/\/lecasierfrancais.es\/index.php\/2021\/09\/16\/ouverture-de-nivelleau\/","url":"https:\/\/lecasierfrancais.es\/index.php\/2021\/09\/16\/ouverture-de-nivelleau\/","name":"Ouverture de Nivelleau - Le Casier Fran\u00e7ais","isPartOf":{"@id":"https:\/\/lecasierfrancais.es\/#website"},"primaryImageOfPage":{"@id":"https:\/\/lecasierfrancais.es\/index.php\/2021\/09\/16\/ouverture-de-nivelleau\/#primaryimage"},"image":{"@id":"https:\/\/lecasierfrancais.es\/index.php\/2021\/09\/16\/ouverture-de-nivelleau\/#primaryimage"},"thumbnailUrl":"https:\/\/lecasierfrancais.es\/wp-content\/uploads\/2021\/09\/casiers_Nivelleau-scaled.jpg","datePublished":"2021-09-16T13:09:18+00:00","dateModified":"2024-06-04T14:21:48+00:00","author":{"@id":"https:\/\/lecasierfrancais.es\/#\/schema\/person\/ac95c6138096844c56f2c49f81730a7a"},"breadcrumb":{"@id":"https:\/\/lecasierfrancais.es\/index.php\/2021\/09\/16\/ouverture-de-nivelleau\/#breadcrumb"},"inLanguage":"fr-FR","potentialAction":[{"@type":"ReadAction","target":["https:\/\/lecasierfrancais.es\/index.php\/2021\/09\/16\/ouverture-de-nivelleau\/"]}]},{"@type":"ImageObject","inLanguage":"fr-FR","@id":"https:\/\/lecasierfrancais.es\/index.php\/2021\/09\/16\/ouverture-de-nivelleau\/#primaryimage","url":"https:\/\/lecasierfrancais.es\/wp-content\/uploads\/2021\/09\/casiers_Nivelleau-scaled.jpg","contentUrl":"https:\/\/lecasierfrancais.es\/wp-content\/uploads\/2021\/09\/casiers_Nivelleau-scaled.jpg","width":2000,"height":1500},{"@type":"BreadcrumbList","@id":"https:\/\/lecasierfrancais.es\/index.php\/2021\/09\/16\/ouverture-de-nivelleau\/#breadcrumb","itemListElement":[{"@type":"ListItem","position":1,"name":"Accueil","item":"https:\/\/lecasierfrancais.es\/"},{"@type":"ListItem","position":2,"name":"Ouverture de Nivelleau"}]},{"@type":"WebSite","@id":"https:\/\/lecasierfrancais.es\/#website","url":"https:\/\/lecasierfrancais.es\/","name":"Le Casier Fran\u00e7ais","description":"","potentialAction":[{"@type":"SearchAction","target":{"@type":"EntryPoint","urlTemplate":"https:\/\/lecasierfrancais.es\/?s={search_term_string}"},"query-input":{"@type":"PropertyValueSpecification","valueRequired":true,"valueName":"search_term_string"}}],"inLanguage":"fr-FR"},{"@type":"Person","@id":"https:\/\/lecasierfrancais.es\/#\/schema\/person\/ac95c6138096844c56f2c49f81730a7a","name":"Le Casier Francais","image":{"@type":"ImageObject","inLanguage":"fr-FR","@id":"https:\/\/lecasierfrancais.es\/#\/schema\/person\/image\/","url":"https:\/\/secure.gravatar.com\/avatar\/f29776dfd97a4c78aee2ab31cb63a0f4097b8cc071a068daac2d914eb26fbbd4?s=96&d=mm&r=g","contentUrl":"https:\/\/secure.gravatar.com\/avatar\/f29776dfd97a4c78aee2ab31cb63a0f4097b8cc071a068daac2d914eb26fbbd4?s=96&d=mm&r=g","caption":"Le Casier Francais"},"url":"https:\/\/lecasierfrancais.es\/index.php\/author\/le-casier-francais\/"}]}},"_links":{"self":[{"href":"https:\/\/lecasierfrancais.es\/index.php\/wp-json\/wp\/v2\/posts\/8944","targetHints":{"allow":["GET"]}}],"collection":[{"href":"https:\/\/lecasierfrancais.es\/index.php\/wp-json\/wp\/v2\/posts"}],"about":[{"href":"https:\/\/lecasierfrancais.es\/index.php\/wp-json\/wp\/v2\/types\/post"}],"author":[{"embeddable":true,"href":"https:\/\/lecasierfrancais.es\/index.php\/wp-json\/wp\/v2\/users\/8"}],"replies":[{"embeddable":true,"href":"https:\/\/lecasierfrancais.es\/index.php\/wp-json\/wp\/v2\/comments?post=8944"}],"version-history":[{"count":3,"href":"https:\/\/lecasierfrancais.es\/index.php\/wp-json\/wp\/v2\/posts\/8944\/revisions"}],"predecessor-version":[{"id":8950,"href":"https:\/\/lecasierfrancais.es\/index.php\/wp-json\/wp\/v2\/posts\/8944\/revisions\/8950"}],"wp:featuredmedia":[{"embeddable":true,"href":"https:\/\/lecasierfrancais.es\/index.php\/wp-json\/wp\/v2\/media\/8945"}],"wp:attachment":[{"href":"https:\/\/lecasierfrancais.es\/index.php\/wp-json\/wp\/v2\/media?parent=8944"}],"wp:term":[{"taxonomy":"category","embeddable":true,"href":"https:\/\/lecasierfrancais.es\/index.php\/wp-json\/wp\/v2\/categories?post=8944"},{"taxonomy":"post_tag","embeddable":true,"href":"https:\/\/lecasierfrancais.es\/index.php\/wp-json\/wp\/v2\/tags?post=8944"}],"curies":[{"name":"wp","href":"https:\/\/api.w.org\/{rel}","templated":true}]}}