{"id":9091,"date":"2021-12-21T17:00:05","date_gmt":"2021-12-21T16:00:05","guid":{"rendered":"https:\/\/lecasierfrancais.fr\/?p=9091"},"modified":"2024-06-04T16:21:19","modified_gmt":"2024-06-04T14:21:19","slug":"ouverture-les-champs-da-cote","status":"publish","type":"post","link":"https:\/\/lecasierfrancais.es\/index.php\/2021\/12\/21\/ouverture-les-champs-da-cote\/","title":{"rendered":"Ouverture Les Champs d&rsquo;\u00e0 C\u00f4t\u00e9"},"content":{"rendered":"[vc_row type=\u00a0\u00bbin_container\u00a0\u00bb full_screen_row_position=\u00a0\u00bbmiddle\u00a0\u00bb scene_position=\u00a0\u00bbcenter\u00a0\u00bb text_color=\u00a0\u00bbdark\u00a0\u00bb text_align=\u00a0\u00bbleft\u00a0\u00bb overlay_strength=\u00a0\u00bb0.3&Prime; shape_divider_position=\u00a0\u00bbbottom\u00a0\u00bb][vc_column column_padding=\u00a0\u00bbno-extra-padding\u00a0\u00bb column_padding_position=\u00a0\u00bball\u00a0\u00bb background_color_opacity=\u00a0\u00bb1&Prime; background_hover_color_opacity=\u00a0\u00bb1&Prime; column_shadow=\u00a0\u00bbnone\u00a0\u00bb column_border_radius=\u00a0\u00bbnone\u00a0\u00bb width=\u00a0\u00bb1\/1&Prime; tablet_text_alignment=\u00a0\u00bbdefault\u00a0\u00bb phone_text_alignment=\u00a0\u00bbdefault\u00a0\u00bb column_border_width=\u00a0\u00bbnone\u00a0\u00bb column_border_style=\u00a0\u00bbsolid\u00a0\u00bb][vc_column_text]\n<div class=\"kvgmc6g5 cxmmr5t8 oygrvhab hcukyx3x c1et5uql ii04i59q\">\n<div dir=\"auto\">F\u00e9licitations \u00e0 <a class=\"oajrlxb2 g5ia77u1 qu0x051f esr5mh6w e9989ue4 r7d6kgcz rq0escxv nhd2j8a9 nc684nl6 p7hjln8o kvgmc6g5 cxmmr5t8 oygrvhab hcukyx3x jb3vyjys rz4wbd8a qt6c0cv9 a8nywdso i1ao9s8h esuyzwwr f1sip0of lzcic4wl gpro0wi8 q66pz984 b1v8xokw\" tabindex=\"0\" role=\"link\" href=\"https:\/\/www.facebook.com\/TerreDeRetayon\/?__cft__[0]=AZU8lw1tjPXw_W57XRvlA4-nxtHFME8Gy2zZMp_nAQyJlm93kpkY5MmSA1BRM7Bs7i_l---zM1I2_nurDbGDr3T1lAMBTkDNx_PYnXGkmhi_inN6JMCXOTQfGmKn-EvdPoy9mGcRtolcgTUvcE_2ms8JUbsBVNp1H1wS94Udn9S8Eg&amp;__tn__=kK-R\"><span class=\"nc684nl6\">Les Champs d&rsquo;\u00e0 Cot\u00e9<\/span><\/a> pour cette magnifique installation !<\/div>\n<\/div>\n<div class=\"cxmmr5t8 oygrvhab hcukyx3x c1et5uql o9v6fnle ii04i59q\">\n<div dir=\"auto\">Fruits, l\u00e9gumes et produits d\u2019\u00e9picerie fine vous attendent 24h\/24 7j\/7 \u00e0 Arles. Du 100% local, du 100% circuit court. \ud83c\udf50\ud83e\udd55<\/div>\n<\/div>\n<div class=\"cxmmr5t8 oygrvhab hcukyx3x c1et5uql o9v6fnle ii04i59q\">\n<div dir=\"auto\">Un grand merci \u00e0 Claudia et S\u00e9bastien pour leur confiance ! \ud83e\udd73<\/div>\n<\/div>\n<div class=\"cxmmr5t8 oygrvhab hcukyx3x c1et5uql o9v6fnle ii04i59q\">\n<div dir=\"auto\">\ud83d\udceb 6452 route d&rsquo;Eyguieres, MAS Retayon,13280 ARLES<\/div>\n<\/div>\n<div class=\"cxmmr5t8 oygrvhab hcukyx3x c1et5uql o9v6fnle ii04i59q\">\n<div dir=\"auto\"><a class=\"oajrlxb2 g5ia77u1 qu0x051f esr5mh6w e9989ue4 r7d6kgcz rq0escxv nhd2j8a9 nc684nl6 p7hjln8o kvgmc6g5 cxmmr5t8 oygrvhab hcukyx3x jb3vyjys rz4wbd8a qt6c0cv9 a8nywdso i1ao9s8h esuyzwwr f1sip0of lzcic4wl gpro0wi8 q66pz984 b1v8xokw\" tabindex=\"0\" role=\"link\" href=\"https:\/\/www.facebook.com\/hashtag\/lecasierfrancais?__eep__=6&amp;__cft__[0]=AZU8lw1tjPXw_W57XRvlA4-nxtHFME8Gy2zZMp_nAQyJlm93kpkY5MmSA1BRM7Bs7i_l---zM1I2_nurDbGDr3T1lAMBTkDNx_PYnXGkmhi_inN6JMCXOTQfGmKn-EvdPoy9mGcRtolcgTUvcE_2ms8JUbsBVNp1H1wS94Udn9S8Eg&amp;__tn__=*NK-R\">#lecasierfrancais<\/a> <a class=\"oajrlxb2 g5ia77u1 qu0x051f esr5mh6w e9989ue4 r7d6kgcz rq0escxv nhd2j8a9 nc684nl6 p7hjln8o kvgmc6g5 cxmmr5t8 oygrvhab hcukyx3x jb3vyjys rz4wbd8a qt6c0cv9 a8nywdso i1ao9s8h esuyzwwr f1sip0of lzcic4wl gpro0wi8 q66pz984 b1v8xokw\" tabindex=\"0\" role=\"link\" href=\"https:\/\/www.facebook.com\/hashtag\/lcf?__eep__=6&amp;__cft__[0]=AZU8lw1tjPXw_W57XRvlA4-nxtHFME8Gy2zZMp_nAQyJlm93kpkY5MmSA1BRM7Bs7i_l---zM1I2_nurDbGDr3T1lAMBTkDNx_PYnXGkmhi_inN6JMCXOTQfGmKn-EvdPoy9mGcRtolcgTUvcE_2ms8JUbsBVNp1H1wS94Udn9S8Eg&amp;__tn__=*NK-R\">#LCF<\/a> <a class=\"oajrlxb2 g5ia77u1 qu0x051f esr5mh6w e9989ue4 r7d6kgcz rq0escxv nhd2j8a9 nc684nl6 p7hjln8o kvgmc6g5 cxmmr5t8 oygrvhab hcukyx3x jb3vyjys rz4wbd8a qt6c0cv9 a8nywdso i1ao9s8h esuyzwwr f1sip0of lzcic4wl gpro0wi8 q66pz984 b1v8xokw\" tabindex=\"0\" role=\"link\" href=\"https:\/\/www.facebook.com\/hashtag\/madeinfrance?__eep__=6&amp;__cft__[0]=AZU8lw1tjPXw_W57XRvlA4-nxtHFME8Gy2zZMp_nAQyJlm93kpkY5MmSA1BRM7Bs7i_l---zM1I2_nurDbGDr3T1lAMBTkDNx_PYnXGkmhi_inN6JMCXOTQfGmKn-EvdPoy9mGcRtolcgTUvcE_2ms8JUbsBVNp1H1wS94Udn9S8Eg&amp;__tn__=*NK-R\">#madeinfrance<\/a> <a class=\"oajrlxb2 g5ia77u1 qu0x051f esr5mh6w e9989ue4 r7d6kgcz rq0escxv nhd2j8a9 nc684nl6 p7hjln8o kvgmc6g5 cxmmr5t8 oygrvhab hcukyx3x jb3vyjys rz4wbd8a qt6c0cv9 a8nywdso i1ao9s8h esuyzwwr f1sip0of lzcic4wl gpro0wi8 q66pz984 b1v8xokw\" tabindex=\"0\" role=\"link\" href=\"https:\/\/www.facebook.com\/hashtag\/fabricationfran%C3%A7aise?__eep__=6&amp;__cft__[0]=AZU8lw1tjPXw_W57XRvlA4-nxtHFME8Gy2zZMp_nAQyJlm93kpkY5MmSA1BRM7Bs7i_l---zM1I2_nurDbGDr3T1lAMBTkDNx_PYnXGkmhi_inN6JMCXOTQfGmKn-EvdPoy9mGcRtolcgTUvcE_2ms8JUbsBVNp1H1wS94Udn9S8Eg&amp;__tn__=*NK-R\">#fabricationfran\u00e7aise<\/a> <a class=\"oajrlxb2 g5ia77u1 qu0x051f esr5mh6w e9989ue4 r7d6kgcz rq0escxv nhd2j8a9 nc684nl6 p7hjln8o kvgmc6g5 cxmmr5t8 oygrvhab hcukyx3x jb3vyjys rz4wbd8a qt6c0cv9 a8nywdso i1ao9s8h esuyzwwr f1sip0of lzcic4wl gpro0wi8 q66pz984 b1v8xokw\" tabindex=\"0\" role=\"link\" href=\"https:\/\/www.facebook.com\/hashtag\/casiersautomatiques?__eep__=6&amp;__cft__[0]=AZU8lw1tjPXw_W57XRvlA4-nxtHFME8Gy2zZMp_nAQyJlm93kpkY5MmSA1BRM7Bs7i_l---zM1I2_nurDbGDr3T1lAMBTkDNx_PYnXGkmhi_inN6JMCXOTQfGmKn-EvdPoy9mGcRtolcgTUvcE_2ms8JUbsBVNp1H1wS94Udn9S8Eg&amp;__tn__=*NK-R\">#casiersautomatiques<\/a> <a class=\"oajrlxb2 g5ia77u1 qu0x051f esr5mh6w e9989ue4 r7d6kgcz rq0escxv nhd2j8a9 nc684nl6 p7hjln8o kvgmc6g5 cxmmr5t8 oygrvhab hcukyx3x jb3vyjys rz4wbd8a qt6c0cv9 a8nywdso i1ao9s8h esuyzwwr f1sip0of lzcic4wl gpro0wi8 q66pz984 b1v8xokw\" tabindex=\"0\" role=\"link\" href=\"https:\/\/www.facebook.com\/hashtag\/producteurlocaux?__eep__=6&amp;__cft__[0]=AZU8lw1tjPXw_W57XRvlA4-nxtHFME8Gy2zZMp_nAQyJlm93kpkY5MmSA1BRM7Bs7i_l---zM1I2_nurDbGDr3T1lAMBTkDNx_PYnXGkmhi_inN6JMCXOTQfGmKn-EvdPoy9mGcRtolcgTUvcE_2ms8JUbsBVNp1H1wS94Udn9S8Eg&amp;__tn__=*NK-R\">#producteurlocaux<\/a> <a class=\"oajrlxb2 g5ia77u1 qu0x051f esr5mh6w e9989ue4 r7d6kgcz rq0escxv nhd2j8a9 nc684nl6 p7hjln8o kvgmc6g5 cxmmr5t8 oygrvhab hcukyx3x jb3vyjys rz4wbd8a qt6c0cv9 a8nywdso i1ao9s8h esuyzwwr f1sip0of lzcic4wl gpro0wi8 q66pz984 b1v8xokw\" tabindex=\"0\" role=\"link\" href=\"https:\/\/www.facebook.com\/hashtag\/circuitcourt?__eep__=6&amp;__cft__[0]=AZU8lw1tjPXw_W57XRvlA4-nxtHFME8Gy2zZMp_nAQyJlm93kpkY5MmSA1BRM7Bs7i_l---zM1I2_nurDbGDr3T1lAMBTkDNx_PYnXGkmhi_inN6JMCXOTQfGmKn-EvdPoy9mGcRtolcgTUvcE_2ms8JUbsBVNp1H1wS94Udn9S8Eg&amp;__tn__=*NK-R\">#circuitcourt<\/a> <a class=\"oajrlxb2 g5ia77u1 qu0x051f esr5mh6w e9989ue4 r7d6kgcz rq0escxv nhd2j8a9 nc684nl6 p7hjln8o kvgmc6g5 cxmmr5t8 oygrvhab hcukyx3x jb3vyjys rz4wbd8a qt6c0cv9 a8nywdso i1ao9s8h esuyzwwr f1sip0of lzcic4wl gpro0wi8 q66pz984 b1v8xokw\" tabindex=\"0\" role=\"link\" href=\"https:\/\/www.facebook.com\/hashtag\/ventedirecte?__eep__=6&amp;__cft__[0]=AZU8lw1tjPXw_W57XRvlA4-nxtHFME8Gy2zZMp_nAQyJlm93kpkY5MmSA1BRM7Bs7i_l---zM1I2_nurDbGDr3T1lAMBTkDNx_PYnXGkmhi_inN6JMCXOTQfGmKn-EvdPoy9mGcRtolcgTUvcE_2ms8JUbsBVNp1H1wS94Udn9S8Eg&amp;__tn__=*NK-R\">#ventedirecte<\/a> <a class=\"oajrlxb2 g5ia77u1 qu0x051f esr5mh6w e9989ue4 r7d6kgcz rq0escxv nhd2j8a9 nc684nl6 p7hjln8o kvgmc6g5 cxmmr5t8 oygrvhab hcukyx3x jb3vyjys rz4wbd8a qt6c0cv9 a8nywdso i1ao9s8h esuyzwwr f1sip0of lzcic4wl gpro0wi8 q66pz984 b1v8xokw\" tabindex=\"0\" role=\"link\" href=\"https:\/\/www.facebook.com\/hashtag\/produitfermier?__eep__=6&amp;__cft__[0]=AZU8lw1tjPXw_W57XRvlA4-nxtHFME8Gy2zZMp_nAQyJlm93kpkY5MmSA1BRM7Bs7i_l---zM1I2_nurDbGDr3T1lAMBTkDNx_PYnXGkmhi_inN6JMCXOTQfGmKn-EvdPoy9mGcRtolcgTUvcE_2ms8JUbsBVNp1H1wS94Udn9S8Eg&amp;__tn__=*NK-R\">#produitfermier<\/a><\/div>\n<\/div>\n[\/vc_column_text][\/vc_column][\/vc_row][vc_row type=\u00a0\u00bbin_container\u00a0\u00bb full_screen_row_position=\u00a0\u00bbmiddle\u00a0\u00bb scene_position=\u00a0\u00bbcenter\u00a0\u00bb text_color=\u00a0\u00bbdark\u00a0\u00bb text_align=\u00a0\u00bbleft\u00a0\u00bb overlay_strength=\u00a0\u00bb0.3&Prime; shape_divider_position=\u00a0\u00bbbottom\u00a0\u00bb][vc_column column_padding=\u00a0\u00bbno-extra-padding\u00a0\u00bb column_padding_position=\u00a0\u00bball\u00a0\u00bb background_color_opacity=\u00a0\u00bb1&Prime; background_hover_color_opacity=\u00a0\u00bb1&Prime; column_shadow=\u00a0\u00bbnone\u00a0\u00bb column_border_radius=\u00a0\u00bbnone\u00a0\u00bb width=\u00a0\u00bb1\/1&Prime; tablet_text_alignment=\u00a0\u00bbdefault\u00a0\u00bb phone_text_alignment=\u00a0\u00bbdefault\u00a0\u00bb column_border_width=\u00a0\u00bbnone\u00a0\u00bb column_border_style=\u00a0\u00bbsolid\u00a0\u00bb]<div class=\"img-with-aniamtion-wrap \" data-max-width=\"100%\" data-border-radius=\"none\"><div class=\"inner\"><img decoding=\"async\" data-shadow=\"none\" data-shadow-direction=\"middle\" class=\"img-with-animation \" data-delay=\"0\" height=\"1362\" width=\"1362\" data-animation=\"fade-in\" src=\"https:\/\/lecasierfrancais.es\/wp-content\/uploads\/2021\/12\/Installation_Tronchin.jpg\" srcset=\"https:\/\/lecasierfrancais.es\/wp-content\/uploads\/2021\/12\/Installation_Tronchin.jpg 1362w, https:\/\/lecasierfrancais.es\/wp-content\/uploads\/2021\/12\/Installation_Tronchin-300x300.jpg 300w, https:\/\/lecasierfrancais.es\/wp-content\/uploads\/2021\/12\/Installation_Tronchin-1024x1024.jpg 1024w, https:\/\/lecasierfrancais.es\/wp-content\/uploads\/2021\/12\/Installation_Tronchin-150x150.jpg 150w, https:\/\/lecasierfrancais.es\/wp-content\/uploads\/2021\/12\/Installation_Tronchin-768x768.jpg 768w, https:\/\/lecasierfrancais.es\/wp-content\/uploads\/2021\/12\/Installation_Tronchin-100x100.jpg 100w, https:\/\/lecasierfrancais.es\/wp-content\/uploads\/2021\/12\/Installation_Tronchin-140x140.jpg 140w, https:\/\/lecasierfrancais.es\/wp-content\/uploads\/2021\/12\/Installation_Tronchin-500x500.jpg 500w, https:\/\/lecasierfrancais.es\/wp-content\/uploads\/2021\/12\/Installation_Tronchin-350x350.jpg 350w, https:\/\/lecasierfrancais.es\/wp-content\/uploads\/2021\/12\/Installation_Tronchin-1000x1000.jpg 1000w, https:\/\/lecasierfrancais.es\/wp-content\/uploads\/2021\/12\/Installation_Tronchin-800x800.jpg 800w\" sizes=\"100vw\" alt=\"\" \/><\/div><\/div>[\/vc_column][\/vc_row]\n","protected":false},"excerpt":{"rendered":"<p>[vc_row type=\u00a0\u00bbin_container\u00a0\u00bb full_screen_row_position=\u00a0\u00bbmiddle\u00a0\u00bb scene_position=\u00a0\u00bbcenter\u00a0\u00bb text_color=\u00a0\u00bbdark\u00a0\u00bb text_align=\u00a0\u00bbleft\u00a0\u00bb overlay_strength=\u00a0\u00bb0.3&Prime; shape_divider_position=\u00a0\u00bbbottom\u00a0\u00bb][vc_column column_padding=\u00a0\u00bbno-extra-padding\u00a0\u00bb column_padding_position=\u00a0\u00bball\u00a0\u00bb background_color_opacity=\u00a0\u00bb1&Prime; background_hover_color_opacity=\u00a0\u00bb1&Prime; column_shadow=\u00a0\u00bbnone\u00a0\u00bb column_border_radius=\u00a0\u00bbnone\u00a0\u00bb width=\u00a0\u00bb1\/1&Prime;&#8230;<\/p>\n","protected":false},"author":8,"featured_media":9093,"comment_status":"open","ping_status":"open","sticky":false,"template":"","format":"standard","meta":{"footnotes":""},"categories":[381],"tags":[417,416,382,421,407,517,477],"class_list":{"0":"post-9091","1":"post","2":"type-post","3":"status-publish","4":"format-standard","5":"has-post-thumbnail","7":"category-ouvertures","8":"tag-circuit-court","9":"tag-fabrication-francaise","10":"tag-lcf","11":"tag-le-casier-francais","12":"tag-made-in-france","13":"tag-produit-fermier","14":"tag-vente-directe"},"yoast_head":"<!-- This site is optimized with the Yoast SEO Premium plugin v26.1 (Yoast SEO v26.1.1) - https:\/\/yoast.com\/wordpress\/plugins\/seo\/ -->\n<title>Ouverture Les Champs d&#039;\u00e0 C\u00f4t\u00e9 - Le Casier Fran\u00e7ais<\/title>\n<meta name=\"robots\" content=\"index, follow, max-snippet:-1, max-image-preview:large, max-video-preview:-1\" \/>\n<link rel=\"canonical\" href=\"https:\/\/lecasierfrancais.es\/index.php\/2021\/12\/21\/ouverture-les-champs-da-cote\/\" \/>\n<meta property=\"og:locale\" content=\"fr_FR\" \/>\n<meta property=\"og:type\" content=\"article\" \/>\n<meta property=\"og:title\" content=\"Ouverture Les Champs d&#039;\u00e0 C\u00f4t\u00e9\" \/>\n<meta property=\"og:description\" content=\"[vc_row type=\u00a0\u00bbin_container\u00a0\u00bb full_screen_row_position=\u00a0\u00bbmiddle\u00a0\u00bb scene_position=\u00a0\u00bbcenter\u00a0\u00bb text_color=\u00a0\u00bbdark\u00a0\u00bb text_align=\u00a0\u00bbleft\u00a0\u00bb overlay_strength=\u00a0\u00bb0.3&Prime; shape_divider_position=\u00a0\u00bbbottom\u00a0\u00bb][vc_column column_padding=\u00a0\u00bbno-extra-padding\u00a0\u00bb column_padding_position=\u00a0\u00bball\u00a0\u00bb background_color_opacity=\u00a0\u00bb1&Prime; background_hover_color_opacity=\u00a0\u00bb1&Prime; column_shadow=\u00a0\u00bbnone\u00a0\u00bb column_border_radius=\u00a0\u00bbnone\u00a0\u00bb width=\u00a0\u00bb1\/1&Prime;...\" \/>\n<meta property=\"og:url\" content=\"https:\/\/lecasierfrancais.es\/index.php\/2021\/12\/21\/ouverture-les-champs-da-cote\/\" \/>\n<meta property=\"og:site_name\" content=\"Le Casier Fran\u00e7ais\" \/>\n<meta property=\"article:publisher\" content=\"https:\/\/www.facebook.com\/lecasierfrancais\/\" \/>\n<meta property=\"article:published_time\" content=\"2021-12-21T16:00:05+00:00\" \/>\n<meta property=\"article:modified_time\" content=\"2024-06-04T14:21:19+00:00\" \/>\n<meta property=\"og:image\" content=\"https:\/\/lecasierfrancais.es\/wp-content\/uploads\/2021\/12\/258816010_1503533903341812_5572490616692254194_n.jpg\" \/>\n\t<meta property=\"og:image:width\" content=\"679\" \/>\n\t<meta property=\"og:image:height\" content=\"679\" \/>\n\t<meta property=\"og:image:type\" content=\"image\/jpeg\" \/>\n<meta name=\"author\" content=\"Le Casier Francais\" \/>\n<meta name=\"twitter:card\" content=\"summary_large_image\" \/>\n<meta name=\"twitter:label1\" content=\"\u00c9crit par\" \/>\n\t<meta name=\"twitter:data1\" content=\"Le Casier Francais\" \/>\n\t<meta name=\"twitter:label2\" content=\"Dur\u00e9e de lecture estim\u00e9e\" \/>\n\t<meta name=\"twitter:data2\" content=\"1 minute\" \/>\n<script type=\"application\/ld+json\" class=\"yoast-schema-graph\">{\"@context\":\"https:\/\/schema.org\",\"@graph\":[{\"@type\":\"WebPage\",\"@id\":\"https:\/\/lecasierfrancais.es\/index.php\/2021\/12\/21\/ouverture-les-champs-da-cote\/\",\"url\":\"https:\/\/lecasierfrancais.es\/index.php\/2021\/12\/21\/ouverture-les-champs-da-cote\/\",\"name\":\"Ouverture Les Champs d'\u00e0 C\u00f4t\u00e9 - Le Casier Fran\u00e7ais\",\"isPartOf\":{\"@id\":\"https:\/\/lecasierfrancais.es\/#website\"},\"primaryImageOfPage\":{\"@id\":\"https:\/\/lecasierfrancais.es\/index.php\/2021\/12\/21\/ouverture-les-champs-da-cote\/#primaryimage\"},\"image\":{\"@id\":\"https:\/\/lecasierfrancais.es\/index.php\/2021\/12\/21\/ouverture-les-champs-da-cote\/#primaryimage\"},\"thumbnailUrl\":\"https:\/\/lecasierfrancais.es\/wp-content\/uploads\/2021\/12\/258816010_1503533903341812_5572490616692254194_n.jpg\",\"datePublished\":\"2021-12-21T16:00:05+00:00\",\"dateModified\":\"2024-06-04T14:21:19+00:00\",\"author\":{\"@id\":\"https:\/\/lecasierfrancais.es\/#\/schema\/person\/ac95c6138096844c56f2c49f81730a7a\"},\"breadcrumb\":{\"@id\":\"https:\/\/lecasierfrancais.es\/index.php\/2021\/12\/21\/ouverture-les-champs-da-cote\/#breadcrumb\"},\"inLanguage\":\"fr-FR\",\"potentialAction\":[{\"@type\":\"ReadAction\",\"target\":[\"https:\/\/lecasierfrancais.es\/index.php\/2021\/12\/21\/ouverture-les-champs-da-cote\/\"]}]},{\"@type\":\"ImageObject\",\"inLanguage\":\"fr-FR\",\"@id\":\"https:\/\/lecasierfrancais.es\/index.php\/2021\/12\/21\/ouverture-les-champs-da-cote\/#primaryimage\",\"url\":\"https:\/\/lecasierfrancais.es\/wp-content\/uploads\/2021\/12\/258816010_1503533903341812_5572490616692254194_n.jpg\",\"contentUrl\":\"https:\/\/lecasierfrancais.es\/wp-content\/uploads\/2021\/12\/258816010_1503533903341812_5572490616692254194_n.jpg\",\"width\":679,\"height\":679},{\"@type\":\"BreadcrumbList\",\"@id\":\"https:\/\/lecasierfrancais.es\/index.php\/2021\/12\/21\/ouverture-les-champs-da-cote\/#breadcrumb\",\"itemListElement\":[{\"@type\":\"ListItem\",\"position\":1,\"name\":\"Accueil\",\"item\":\"https:\/\/lecasierfrancais.es\/\"},{\"@type\":\"ListItem\",\"position\":2,\"name\":\"Ouverture Les Champs d&rsquo;\u00e0 C\u00f4t\u00e9\"}]},{\"@type\":\"WebSite\",\"@id\":\"https:\/\/lecasierfrancais.es\/#website\",\"url\":\"https:\/\/lecasierfrancais.es\/\",\"name\":\"Le Casier Fran\u00e7ais\",\"description\":\"\",\"potentialAction\":[{\"@type\":\"SearchAction\",\"target\":{\"@type\":\"EntryPoint\",\"urlTemplate\":\"https:\/\/lecasierfrancais.es\/?s={search_term_string}\"},\"query-input\":{\"@type\":\"PropertyValueSpecification\",\"valueRequired\":true,\"valueName\":\"search_term_string\"}}],\"inLanguage\":\"fr-FR\"},{\"@type\":\"Person\",\"@id\":\"https:\/\/lecasierfrancais.es\/#\/schema\/person\/ac95c6138096844c56f2c49f81730a7a\",\"name\":\"Le Casier Francais\",\"image\":{\"@type\":\"ImageObject\",\"inLanguage\":\"fr-FR\",\"@id\":\"https:\/\/lecasierfrancais.es\/#\/schema\/person\/image\/\",\"url\":\"https:\/\/secure.gravatar.com\/avatar\/f29776dfd97a4c78aee2ab31cb63a0f4097b8cc071a068daac2d914eb26fbbd4?s=96&d=mm&r=g\",\"contentUrl\":\"https:\/\/secure.gravatar.com\/avatar\/f29776dfd97a4c78aee2ab31cb63a0f4097b8cc071a068daac2d914eb26fbbd4?s=96&d=mm&r=g\",\"caption\":\"Le Casier Francais\"},\"url\":\"https:\/\/lecasierfrancais.es\/index.php\/author\/le-casier-francais\/\"}]}<\/script>\n<!-- \/ Yoast SEO Premium plugin. -->","yoast_head_json":{"title":"Ouverture Les Champs d'\u00e0 C\u00f4t\u00e9 - Le Casier Fran\u00e7ais","robots":{"index":"index","follow":"follow","max-snippet":"max-snippet:-1","max-image-preview":"max-image-preview:large","max-video-preview":"max-video-preview:-1"},"canonical":"https:\/\/lecasierfrancais.es\/index.php\/2021\/12\/21\/ouverture-les-champs-da-cote\/","og_locale":"fr_FR","og_type":"article","og_title":"Ouverture Les Champs d'\u00e0 C\u00f4t\u00e9","og_description":"[vc_row type=\u00a0\u00bbin_container\u00a0\u00bb full_screen_row_position=\u00a0\u00bbmiddle\u00a0\u00bb scene_position=\u00a0\u00bbcenter\u00a0\u00bb text_color=\u00a0\u00bbdark\u00a0\u00bb text_align=\u00a0\u00bbleft\u00a0\u00bb overlay_strength=\u00a0\u00bb0.3&Prime; shape_divider_position=\u00a0\u00bbbottom\u00a0\u00bb][vc_column column_padding=\u00a0\u00bbno-extra-padding\u00a0\u00bb column_padding_position=\u00a0\u00bball\u00a0\u00bb background_color_opacity=\u00a0\u00bb1&Prime; background_hover_color_opacity=\u00a0\u00bb1&Prime; column_shadow=\u00a0\u00bbnone\u00a0\u00bb column_border_radius=\u00a0\u00bbnone\u00a0\u00bb width=\u00a0\u00bb1\/1&Prime;...","og_url":"https:\/\/lecasierfrancais.es\/index.php\/2021\/12\/21\/ouverture-les-champs-da-cote\/","og_site_name":"Le Casier Fran\u00e7ais","article_publisher":"https:\/\/www.facebook.com\/lecasierfrancais\/","article_published_time":"2021-12-21T16:00:05+00:00","article_modified_time":"2024-06-04T14:21:19+00:00","og_image":[{"width":679,"height":679,"url":"https:\/\/lecasierfrancais.es\/wp-content\/uploads\/2021\/12\/258816010_1503533903341812_5572490616692254194_n.jpg","type":"image\/jpeg"}],"author":"Le Casier Francais","twitter_card":"summary_large_image","twitter_misc":{"\u00c9crit par":"Le Casier Francais","Dur\u00e9e de lecture estim\u00e9e":"1 minute"},"schema":{"@context":"https:\/\/schema.org","@graph":[{"@type":"WebPage","@id":"https:\/\/lecasierfrancais.es\/index.php\/2021\/12\/21\/ouverture-les-champs-da-cote\/","url":"https:\/\/lecasierfrancais.es\/index.php\/2021\/12\/21\/ouverture-les-champs-da-cote\/","name":"Ouverture Les Champs d'\u00e0 C\u00f4t\u00e9 - Le Casier Fran\u00e7ais","isPartOf":{"@id":"https:\/\/lecasierfrancais.es\/#website"},"primaryImageOfPage":{"@id":"https:\/\/lecasierfrancais.es\/index.php\/2021\/12\/21\/ouverture-les-champs-da-cote\/#primaryimage"},"image":{"@id":"https:\/\/lecasierfrancais.es\/index.php\/2021\/12\/21\/ouverture-les-champs-da-cote\/#primaryimage"},"thumbnailUrl":"https:\/\/lecasierfrancais.es\/wp-content\/uploads\/2021\/12\/258816010_1503533903341812_5572490616692254194_n.jpg","datePublished":"2021-12-21T16:00:05+00:00","dateModified":"2024-06-04T14:21:19+00:00","author":{"@id":"https:\/\/lecasierfrancais.es\/#\/schema\/person\/ac95c6138096844c56f2c49f81730a7a"},"breadcrumb":{"@id":"https:\/\/lecasierfrancais.es\/index.php\/2021\/12\/21\/ouverture-les-champs-da-cote\/#breadcrumb"},"inLanguage":"fr-FR","potentialAction":[{"@type":"ReadAction","target":["https:\/\/lecasierfrancais.es\/index.php\/2021\/12\/21\/ouverture-les-champs-da-cote\/"]}]},{"@type":"ImageObject","inLanguage":"fr-FR","@id":"https:\/\/lecasierfrancais.es\/index.php\/2021\/12\/21\/ouverture-les-champs-da-cote\/#primaryimage","url":"https:\/\/lecasierfrancais.es\/wp-content\/uploads\/2021\/12\/258816010_1503533903341812_5572490616692254194_n.jpg","contentUrl":"https:\/\/lecasierfrancais.es\/wp-content\/uploads\/2021\/12\/258816010_1503533903341812_5572490616692254194_n.jpg","width":679,"height":679},{"@type":"BreadcrumbList","@id":"https:\/\/lecasierfrancais.es\/index.php\/2021\/12\/21\/ouverture-les-champs-da-cote\/#breadcrumb","itemListElement":[{"@type":"ListItem","position":1,"name":"Accueil","item":"https:\/\/lecasierfrancais.es\/"},{"@type":"ListItem","position":2,"name":"Ouverture Les Champs d&rsquo;\u00e0 C\u00f4t\u00e9"}]},{"@type":"WebSite","@id":"https:\/\/lecasierfrancais.es\/#website","url":"https:\/\/lecasierfrancais.es\/","name":"Le Casier Fran\u00e7ais","description":"","potentialAction":[{"@type":"SearchAction","target":{"@type":"EntryPoint","urlTemplate":"https:\/\/lecasierfrancais.es\/?s={search_term_string}"},"query-input":{"@type":"PropertyValueSpecification","valueRequired":true,"valueName":"search_term_string"}}],"inLanguage":"fr-FR"},{"@type":"Person","@id":"https:\/\/lecasierfrancais.es\/#\/schema\/person\/ac95c6138096844c56f2c49f81730a7a","name":"Le Casier Francais","image":{"@type":"ImageObject","inLanguage":"fr-FR","@id":"https:\/\/lecasierfrancais.es\/#\/schema\/person\/image\/","url":"https:\/\/secure.gravatar.com\/avatar\/f29776dfd97a4c78aee2ab31cb63a0f4097b8cc071a068daac2d914eb26fbbd4?s=96&d=mm&r=g","contentUrl":"https:\/\/secure.gravatar.com\/avatar\/f29776dfd97a4c78aee2ab31cb63a0f4097b8cc071a068daac2d914eb26fbbd4?s=96&d=mm&r=g","caption":"Le Casier Francais"},"url":"https:\/\/lecasierfrancais.es\/index.php\/author\/le-casier-francais\/"}]}},"_links":{"self":[{"href":"https:\/\/lecasierfrancais.es\/index.php\/wp-json\/wp\/v2\/posts\/9091","targetHints":{"allow":["GET"]}}],"collection":[{"href":"https:\/\/lecasierfrancais.es\/index.php\/wp-json\/wp\/v2\/posts"}],"about":[{"href":"https:\/\/lecasierfrancais.es\/index.php\/wp-json\/wp\/v2\/types\/post"}],"author":[{"embeddable":true,"href":"https:\/\/lecasierfrancais.es\/index.php\/wp-json\/wp\/v2\/users\/8"}],"replies":[{"embeddable":true,"href":"https:\/\/lecasierfrancais.es\/index.php\/wp-json\/wp\/v2\/comments?post=9091"}],"version-history":[{"count":1,"href":"https:\/\/lecasierfrancais.es\/index.php\/wp-json\/wp\/v2\/posts\/9091\/revisions"}],"predecessor-version":[{"id":9094,"href":"https:\/\/lecasierfrancais.es\/index.php\/wp-json\/wp\/v2\/posts\/9091\/revisions\/9094"}],"wp:featuredmedia":[{"embeddable":true,"href":"https:\/\/lecasierfrancais.es\/index.php\/wp-json\/wp\/v2\/media\/9093"}],"wp:attachment":[{"href":"https:\/\/lecasierfrancais.es\/index.php\/wp-json\/wp\/v2\/media?parent=9091"}],"wp:term":[{"taxonomy":"category","embeddable":true,"href":"https:\/\/lecasierfrancais.es\/index.php\/wp-json\/wp\/v2\/categories?post=9091"},{"taxonomy":"post_tag","embeddable":true,"href":"https:\/\/lecasierfrancais.es\/index.php\/wp-json\/wp\/v2\/tags?post=9091"}],"curies":[{"name":"wp","href":"https:\/\/api.w.org\/{rel}","templated":true}]}}