{"id":9480,"date":"2022-06-14T12:05:53","date_gmt":"2022-06-14T10:05:53","guid":{"rendered":"https:\/\/lecasierfrancais.fr\/?p=9480"},"modified":"2024-06-04T16:16:56","modified_gmt":"2024-06-04T14:16:56","slug":"culturco-le-14-juin","status":"publish","type":"post","link":"https:\/\/lecasierfrancais.es\/index.php\/2022\/06\/14\/culturco-le-14-juin\/","title":{"rendered":"Cultur&#038;Co le 14 juin"},"content":{"rendered":"[vc_row type=\u00a0\u00bbin_container\u00a0\u00bb full_screen_row_position=\u00a0\u00bbmiddle\u00a0\u00bb scene_position=\u00a0\u00bbcenter\u00a0\u00bb text_color=\u00a0\u00bbdark\u00a0\u00bb text_align=\u00a0\u00bbleft\u00a0\u00bb overlay_strength=\u00a0\u00bb0.3&Prime; shape_divider_position=\u00a0\u00bbbottom\u00a0\u00bb][vc_column column_padding=\u00a0\u00bbno-extra-padding\u00a0\u00bb column_padding_position=\u00a0\u00bball\u00a0\u00bb background_color_opacity=\u00a0\u00bb1&Prime; background_hover_color_opacity=\u00a0\u00bb1&Prime; column_shadow=\u00a0\u00bbnone\u00a0\u00bb column_border_radius=\u00a0\u00bbnone\u00a0\u00bb width=\u00a0\u00bb1\/1&Prime; tablet_text_alignment=\u00a0\u00bbdefault\u00a0\u00bb phone_text_alignment=\u00a0\u00bbdefault\u00a0\u00bb column_border_width=\u00a0\u00bbnone\u00a0\u00bb column_border_style=\u00a0\u00bbsolid\u00a0\u00bb][vc_column_text]\u00c0 la ferme exp\u00e9rimentale de Miermaigne, venez rencontrer J\u00e9r\u00f4me sur le Salon Cultur&amp;Co ce mardi 14 juin. Il r\u00e9pondra \u00e0 toutes les questions que vous vous posez pour vos futurs projets d\u2019implantation de distributeurs. Vous pourrez aussi prendre rendez-vous pour visiter notre site de production \u00e0 Templemars (59).<\/p>\n<p>#lecasierfrancais #salon #culturandco #eureetloir #distributeuracasiers #distributeurconnecte #madeinfrance #LCF #distributeurautomatique #centrevaldeloire #miermaigne [\/vc_column_text]<div class=\"divider-wrap\"><div style=\"height: 20px;\" class=\"divider\"><\/div><\/div><div class=\"img-with-aniamtion-wrap \" data-max-width=\"100%\" data-border-radius=\"none\"><div class=\"inner\"><img decoding=\"async\" data-shadow=\"none\" data-shadow-direction=\"middle\" class=\"img-with-animation \" data-delay=\"0\" height=\"2000\" width=\"1600\" data-animation=\"fade-in\" src=\"https:\/\/lecasierfrancais.es\/wp-content\/uploads\/2022\/06\/IMG20220614101649b-scaled.jpg\" srcset=\"https:\/\/lecasierfrancais.es\/wp-content\/uploads\/2022\/06\/IMG20220614101649b-scaled.jpg 1600w, https:\/\/lecasierfrancais.es\/wp-content\/uploads\/2022\/06\/IMG20220614101649b-240x300.jpg 240w, https:\/\/lecasierfrancais.es\/wp-content\/uploads\/2022\/06\/IMG20220614101649b-819x1024.jpg 819w, https:\/\/lecasierfrancais.es\/wp-content\/uploads\/2022\/06\/IMG20220614101649b-768x960.jpg 768w, https:\/\/lecasierfrancais.es\/wp-content\/uploads\/2022\/06\/IMG20220614101649b-1229x1536.jpg 1229w, https:\/\/lecasierfrancais.es\/wp-content\/uploads\/2022\/06\/IMG20220614101649b-1638x2048.jpg 1638w\" sizes=\"100vw\" alt=\"\" \/><\/div><\/div>[\/vc_column][\/vc_row]\n","protected":false},"excerpt":{"rendered":"<p>[vc_row type=\u00a0\u00bbin_container\u00a0\u00bb full_screen_row_position=\u00a0\u00bbmiddle\u00a0\u00bb scene_position=\u00a0\u00bbcenter\u00a0\u00bb text_color=\u00a0\u00bbdark\u00a0\u00bb text_align=\u00a0\u00bbleft\u00a0\u00bb overlay_strength=\u00a0\u00bb0.3&Prime; shape_divider_position=\u00a0\u00bbbottom\u00a0\u00bb][vc_column column_padding=\u00a0\u00bbno-extra-padding\u00a0\u00bb column_padding_position=\u00a0\u00bball\u00a0\u00bb background_color_opacity=\u00a0\u00bb1&Prime; background_hover_color_opacity=\u00a0\u00bb1&Prime; column_shadow=\u00a0\u00bbnone\u00a0\u00bb column_border_radius=\u00a0\u00bbnone\u00a0\u00bb width=\u00a0\u00bb1\/1&Prime;&#8230;<\/p>\n","protected":false},"author":8,"featured_media":9481,"comment_status":"open","ping_status":"open","sticky":false,"template":"","format":"standard","meta":{"footnotes":""},"categories":[392],"tags":[443,389,384,453,460,417,387,547,388,418,390,382,407,546,420,394,477],"class_list":{"0":"post-9480","1":"post","2":"type-post","3":"status-publish","4":"format-standard","5":"has-post-thumbnail","7":"category-salon","8":"tag-agriculture","9":"tag-automatique","10":"tag-casier","11":"tag-casier-automatique","12":"tag-casierautomatique","13":"tag-circuit-court","14":"tag-circuitcourt","15":"tag-culturandco","16":"tag-distributeur","17":"tag-distributeur-automatique","18":"tag-distributeurautomatique","19":"tag-lcf","20":"tag-made-in-france","21":"tag-miermaigne","22":"tag-origine-france","23":"tag-salon","24":"tag-vente-directe"},"yoast_head":"<!-- This site is optimized with the Yoast SEO Premium plugin v26.1 (Yoast SEO v26.1.1) - https:\/\/yoast.com\/wordpress\/plugins\/seo\/ -->\n<title>Cultur&amp;Co le 14 juin - Le Casier Fran\u00e7ais<\/title>\n<meta name=\"robots\" content=\"index, follow, max-snippet:-1, max-image-preview:large, max-video-preview:-1\" \/>\n<link rel=\"canonical\" href=\"https:\/\/lecasierfrancais.es\/index.php\/2022\/06\/14\/culturco-le-14-juin\/\" \/>\n<meta property=\"og:locale\" content=\"fr_FR\" \/>\n<meta property=\"og:type\" content=\"article\" \/>\n<meta property=\"og:title\" content=\"Cultur&amp;Co le 14 juin\" \/>\n<meta property=\"og:description\" content=\"[vc_row type=\u00a0\u00bbin_container\u00a0\u00bb full_screen_row_position=\u00a0\u00bbmiddle\u00a0\u00bb scene_position=\u00a0\u00bbcenter\u00a0\u00bb text_color=\u00a0\u00bbdark\u00a0\u00bb text_align=\u00a0\u00bbleft\u00a0\u00bb overlay_strength=\u00a0\u00bb0.3&Prime; shape_divider_position=\u00a0\u00bbbottom\u00a0\u00bb][vc_column column_padding=\u00a0\u00bbno-extra-padding\u00a0\u00bb column_padding_position=\u00a0\u00bball\u00a0\u00bb background_color_opacity=\u00a0\u00bb1&Prime; background_hover_color_opacity=\u00a0\u00bb1&Prime; column_shadow=\u00a0\u00bbnone\u00a0\u00bb column_border_radius=\u00a0\u00bbnone\u00a0\u00bb width=\u00a0\u00bb1\/1&Prime;...\" \/>\n<meta property=\"og:url\" content=\"https:\/\/lecasierfrancais.es\/index.php\/2022\/06\/14\/culturco-le-14-juin\/\" \/>\n<meta property=\"og:site_name\" content=\"Le Casier Fran\u00e7ais\" \/>\n<meta property=\"article:publisher\" content=\"https:\/\/www.facebook.com\/lecasierfrancais\/\" \/>\n<meta property=\"article:published_time\" content=\"2022-06-14T10:05:53+00:00\" \/>\n<meta property=\"article:modified_time\" content=\"2024-06-04T14:16:56+00:00\" \/>\n<meta property=\"og:image\" content=\"https:\/\/lecasierfrancais.es\/wp-content\/uploads\/2022\/06\/IMG20220614101649b-scaled.jpg\" \/>\n\t<meta property=\"og:image:width\" content=\"2048\" \/>\n\t<meta property=\"og:image:height\" content=\"2560\" \/>\n\t<meta property=\"og:image:type\" content=\"image\/jpeg\" \/>\n<meta name=\"author\" content=\"Le Casier Francais\" \/>\n<meta name=\"twitter:card\" content=\"summary_large_image\" \/>\n<meta name=\"twitter:label1\" content=\"\u00c9crit par\" \/>\n\t<meta name=\"twitter:data1\" content=\"Le Casier Francais\" \/>\n\t<meta name=\"twitter:label2\" content=\"Dur\u00e9e de lecture estim\u00e9e\" \/>\n\t<meta name=\"twitter:data2\" content=\"1 minute\" \/>\n<script type=\"application\/ld+json\" class=\"yoast-schema-graph\">{\"@context\":\"https:\/\/schema.org\",\"@graph\":[{\"@type\":\"WebPage\",\"@id\":\"https:\/\/lecasierfrancais.es\/index.php\/2022\/06\/14\/culturco-le-14-juin\/\",\"url\":\"https:\/\/lecasierfrancais.es\/index.php\/2022\/06\/14\/culturco-le-14-juin\/\",\"name\":\"Cultur&Co le 14 juin - Le Casier Fran\u00e7ais\",\"isPartOf\":{\"@id\":\"https:\/\/lecasierfrancais.es\/#website\"},\"primaryImageOfPage\":{\"@id\":\"https:\/\/lecasierfrancais.es\/index.php\/2022\/06\/14\/culturco-le-14-juin\/#primaryimage\"},\"image\":{\"@id\":\"https:\/\/lecasierfrancais.es\/index.php\/2022\/06\/14\/culturco-le-14-juin\/#primaryimage\"},\"thumbnailUrl\":\"https:\/\/lecasierfrancais.es\/wp-content\/uploads\/2022\/06\/IMG20220614101649b-scaled.jpg\",\"datePublished\":\"2022-06-14T10:05:53+00:00\",\"dateModified\":\"2024-06-04T14:16:56+00:00\",\"author\":{\"@id\":\"https:\/\/lecasierfrancais.es\/#\/schema\/person\/ac95c6138096844c56f2c49f81730a7a\"},\"breadcrumb\":{\"@id\":\"https:\/\/lecasierfrancais.es\/index.php\/2022\/06\/14\/culturco-le-14-juin\/#breadcrumb\"},\"inLanguage\":\"fr-FR\",\"potentialAction\":[{\"@type\":\"ReadAction\",\"target\":[\"https:\/\/lecasierfrancais.es\/index.php\/2022\/06\/14\/culturco-le-14-juin\/\"]}]},{\"@type\":\"ImageObject\",\"inLanguage\":\"fr-FR\",\"@id\":\"https:\/\/lecasierfrancais.es\/index.php\/2022\/06\/14\/culturco-le-14-juin\/#primaryimage\",\"url\":\"https:\/\/lecasierfrancais.es\/wp-content\/uploads\/2022\/06\/IMG20220614101649b-scaled.jpg\",\"contentUrl\":\"https:\/\/lecasierfrancais.es\/wp-content\/uploads\/2022\/06\/IMG20220614101649b-scaled.jpg\",\"width\":1600,\"height\":2000},{\"@type\":\"BreadcrumbList\",\"@id\":\"https:\/\/lecasierfrancais.es\/index.php\/2022\/06\/14\/culturco-le-14-juin\/#breadcrumb\",\"itemListElement\":[{\"@type\":\"ListItem\",\"position\":1,\"name\":\"Accueil\",\"item\":\"https:\/\/lecasierfrancais.es\/\"},{\"@type\":\"ListItem\",\"position\":2,\"name\":\"Cultur&#038;Co le 14 juin\"}]},{\"@type\":\"WebSite\",\"@id\":\"https:\/\/lecasierfrancais.es\/#website\",\"url\":\"https:\/\/lecasierfrancais.es\/\",\"name\":\"Le Casier Fran\u00e7ais\",\"description\":\"\",\"potentialAction\":[{\"@type\":\"SearchAction\",\"target\":{\"@type\":\"EntryPoint\",\"urlTemplate\":\"https:\/\/lecasierfrancais.es\/?s={search_term_string}\"},\"query-input\":{\"@type\":\"PropertyValueSpecification\",\"valueRequired\":true,\"valueName\":\"search_term_string\"}}],\"inLanguage\":\"fr-FR\"},{\"@type\":\"Person\",\"@id\":\"https:\/\/lecasierfrancais.es\/#\/schema\/person\/ac95c6138096844c56f2c49f81730a7a\",\"name\":\"Le Casier Francais\",\"image\":{\"@type\":\"ImageObject\",\"inLanguage\":\"fr-FR\",\"@id\":\"https:\/\/lecasierfrancais.es\/#\/schema\/person\/image\/\",\"url\":\"https:\/\/secure.gravatar.com\/avatar\/f29776dfd97a4c78aee2ab31cb63a0f4097b8cc071a068daac2d914eb26fbbd4?s=96&d=mm&r=g\",\"contentUrl\":\"https:\/\/secure.gravatar.com\/avatar\/f29776dfd97a4c78aee2ab31cb63a0f4097b8cc071a068daac2d914eb26fbbd4?s=96&d=mm&r=g\",\"caption\":\"Le Casier Francais\"},\"url\":\"https:\/\/lecasierfrancais.es\/index.php\/author\/le-casier-francais\/\"}]}<\/script>\n<!-- \/ Yoast SEO Premium plugin. -->","yoast_head_json":{"title":"Cultur&Co le 14 juin - Le Casier Fran\u00e7ais","robots":{"index":"index","follow":"follow","max-snippet":"max-snippet:-1","max-image-preview":"max-image-preview:large","max-video-preview":"max-video-preview:-1"},"canonical":"https:\/\/lecasierfrancais.es\/index.php\/2022\/06\/14\/culturco-le-14-juin\/","og_locale":"fr_FR","og_type":"article","og_title":"Cultur&Co le 14 juin","og_description":"[vc_row type=\u00a0\u00bbin_container\u00a0\u00bb full_screen_row_position=\u00a0\u00bbmiddle\u00a0\u00bb scene_position=\u00a0\u00bbcenter\u00a0\u00bb text_color=\u00a0\u00bbdark\u00a0\u00bb text_align=\u00a0\u00bbleft\u00a0\u00bb overlay_strength=\u00a0\u00bb0.3&Prime; shape_divider_position=\u00a0\u00bbbottom\u00a0\u00bb][vc_column column_padding=\u00a0\u00bbno-extra-padding\u00a0\u00bb column_padding_position=\u00a0\u00bball\u00a0\u00bb background_color_opacity=\u00a0\u00bb1&Prime; background_hover_color_opacity=\u00a0\u00bb1&Prime; column_shadow=\u00a0\u00bbnone\u00a0\u00bb column_border_radius=\u00a0\u00bbnone\u00a0\u00bb width=\u00a0\u00bb1\/1&Prime;...","og_url":"https:\/\/lecasierfrancais.es\/index.php\/2022\/06\/14\/culturco-le-14-juin\/","og_site_name":"Le Casier Fran\u00e7ais","article_publisher":"https:\/\/www.facebook.com\/lecasierfrancais\/","article_published_time":"2022-06-14T10:05:53+00:00","article_modified_time":"2024-06-04T14:16:56+00:00","og_image":[{"width":2048,"height":2560,"url":"https:\/\/lecasierfrancais.es\/wp-content\/uploads\/2022\/06\/IMG20220614101649b-scaled.jpg","type":"image\/jpeg"}],"author":"Le Casier Francais","twitter_card":"summary_large_image","twitter_misc":{"\u00c9crit par":"Le Casier Francais","Dur\u00e9e de lecture estim\u00e9e":"1 minute"},"schema":{"@context":"https:\/\/schema.org","@graph":[{"@type":"WebPage","@id":"https:\/\/lecasierfrancais.es\/index.php\/2022\/06\/14\/culturco-le-14-juin\/","url":"https:\/\/lecasierfrancais.es\/index.php\/2022\/06\/14\/culturco-le-14-juin\/","name":"Cultur&Co le 14 juin - Le Casier Fran\u00e7ais","isPartOf":{"@id":"https:\/\/lecasierfrancais.es\/#website"},"primaryImageOfPage":{"@id":"https:\/\/lecasierfrancais.es\/index.php\/2022\/06\/14\/culturco-le-14-juin\/#primaryimage"},"image":{"@id":"https:\/\/lecasierfrancais.es\/index.php\/2022\/06\/14\/culturco-le-14-juin\/#primaryimage"},"thumbnailUrl":"https:\/\/lecasierfrancais.es\/wp-content\/uploads\/2022\/06\/IMG20220614101649b-scaled.jpg","datePublished":"2022-06-14T10:05:53+00:00","dateModified":"2024-06-04T14:16:56+00:00","author":{"@id":"https:\/\/lecasierfrancais.es\/#\/schema\/person\/ac95c6138096844c56f2c49f81730a7a"},"breadcrumb":{"@id":"https:\/\/lecasierfrancais.es\/index.php\/2022\/06\/14\/culturco-le-14-juin\/#breadcrumb"},"inLanguage":"fr-FR","potentialAction":[{"@type":"ReadAction","target":["https:\/\/lecasierfrancais.es\/index.php\/2022\/06\/14\/culturco-le-14-juin\/"]}]},{"@type":"ImageObject","inLanguage":"fr-FR","@id":"https:\/\/lecasierfrancais.es\/index.php\/2022\/06\/14\/culturco-le-14-juin\/#primaryimage","url":"https:\/\/lecasierfrancais.es\/wp-content\/uploads\/2022\/06\/IMG20220614101649b-scaled.jpg","contentUrl":"https:\/\/lecasierfrancais.es\/wp-content\/uploads\/2022\/06\/IMG20220614101649b-scaled.jpg","width":1600,"height":2000},{"@type":"BreadcrumbList","@id":"https:\/\/lecasierfrancais.es\/index.php\/2022\/06\/14\/culturco-le-14-juin\/#breadcrumb","itemListElement":[{"@type":"ListItem","position":1,"name":"Accueil","item":"https:\/\/lecasierfrancais.es\/"},{"@type":"ListItem","position":2,"name":"Cultur&#038;Co le 14 juin"}]},{"@type":"WebSite","@id":"https:\/\/lecasierfrancais.es\/#website","url":"https:\/\/lecasierfrancais.es\/","name":"Le Casier Fran\u00e7ais","description":"","potentialAction":[{"@type":"SearchAction","target":{"@type":"EntryPoint","urlTemplate":"https:\/\/lecasierfrancais.es\/?s={search_term_string}"},"query-input":{"@type":"PropertyValueSpecification","valueRequired":true,"valueName":"search_term_string"}}],"inLanguage":"fr-FR"},{"@type":"Person","@id":"https:\/\/lecasierfrancais.es\/#\/schema\/person\/ac95c6138096844c56f2c49f81730a7a","name":"Le Casier Francais","image":{"@type":"ImageObject","inLanguage":"fr-FR","@id":"https:\/\/lecasierfrancais.es\/#\/schema\/person\/image\/","url":"https:\/\/secure.gravatar.com\/avatar\/f29776dfd97a4c78aee2ab31cb63a0f4097b8cc071a068daac2d914eb26fbbd4?s=96&d=mm&r=g","contentUrl":"https:\/\/secure.gravatar.com\/avatar\/f29776dfd97a4c78aee2ab31cb63a0f4097b8cc071a068daac2d914eb26fbbd4?s=96&d=mm&r=g","caption":"Le Casier Francais"},"url":"https:\/\/lecasierfrancais.es\/index.php\/author\/le-casier-francais\/"}]}},"_links":{"self":[{"href":"https:\/\/lecasierfrancais.es\/index.php\/wp-json\/wp\/v2\/posts\/9480","targetHints":{"allow":["GET"]}}],"collection":[{"href":"https:\/\/lecasierfrancais.es\/index.php\/wp-json\/wp\/v2\/posts"}],"about":[{"href":"https:\/\/lecasierfrancais.es\/index.php\/wp-json\/wp\/v2\/types\/post"}],"author":[{"embeddable":true,"href":"https:\/\/lecasierfrancais.es\/index.php\/wp-json\/wp\/v2\/users\/8"}],"replies":[{"embeddable":true,"href":"https:\/\/lecasierfrancais.es\/index.php\/wp-json\/wp\/v2\/comments?post=9480"}],"version-history":[{"count":2,"href":"https:\/\/lecasierfrancais.es\/index.php\/wp-json\/wp\/v2\/posts\/9480\/revisions"}],"predecessor-version":[{"id":9898,"href":"https:\/\/lecasierfrancais.es\/index.php\/wp-json\/wp\/v2\/posts\/9480\/revisions\/9898"}],"wp:featuredmedia":[{"embeddable":true,"href":"https:\/\/lecasierfrancais.es\/index.php\/wp-json\/wp\/v2\/media\/9481"}],"wp:attachment":[{"href":"https:\/\/lecasierfrancais.es\/index.php\/wp-json\/wp\/v2\/media?parent=9480"}],"wp:term":[{"taxonomy":"category","embeddable":true,"href":"https:\/\/lecasierfrancais.es\/index.php\/wp-json\/wp\/v2\/categories?post=9480"},{"taxonomy":"post_tag","embeddable":true,"href":"https:\/\/lecasierfrancais.es\/index.php\/wp-json\/wp\/v2\/tags?post=9480"}],"curies":[{"name":"wp","href":"https:\/\/api.w.org\/{rel}","templated":true}]}}