{"id":9916,"date":"2022-09-29T10:59:13","date_gmt":"2022-09-29T08:59:13","guid":{"rendered":"https:\/\/lecasierfrancais.fr\/?p=9916"},"modified":"2024-06-04T16:23:00","modified_gmt":"2024-06-04T14:23:00","slug":"ouverture-en-belgique","status":"publish","type":"post","link":"https:\/\/lecasierfrancais.es\/index.php\/2022\/09\/29\/ouverture-en-belgique\/","title":{"rendered":"Ouverture en Belgique !"},"content":{"rendered":"[vc_row type=\u00a0\u00bbin_container\u00a0\u00bb full_screen_row_position=\u00a0\u00bbmiddle\u00a0\u00bb equal_height=\u00a0\u00bbyes\u00a0\u00bb content_placement=\u00a0\u00bbmiddle\u00a0\u00bb scene_position=\u00a0\u00bbcenter\u00a0\u00bb text_color=\u00a0\u00bbdark\u00a0\u00bb text_align=\u00a0\u00bbleft\u00a0\u00bb overlay_strength=\u00a0\u00bb0.3&Prime; shape_divider_position=\u00a0\u00bbbottom\u00a0\u00bb shape_type=\u00a0\u00bb\u00a0\u00bb][vc_column column_padding=\u00a0\u00bbno-extra-padding\u00a0\u00bb column_padding_position=\u00a0\u00bball\u00a0\u00bb background_color_opacity=\u00a0\u00bb1&Prime; background_hover_color_opacity=\u00a0\u00bb1&Prime; column_shadow=\u00a0\u00bbnone\u00a0\u00bb column_border_radius=\u00a0\u00bbnone\u00a0\u00bb width=\u00a0\u00bb1\/1&Prime; tablet_text_alignment=\u00a0\u00bbdefault\u00a0\u00bb phone_text_alignment=\u00a0\u00bbdefault\u00a0\u00bb column_border_width=\u00a0\u00bbnone\u00a0\u00bb column_border_style=\u00a0\u00bbsolid\u00a0\u00bb][vc_column_text]Nouvelle installation en <em>Belgique\u00a0<\/em>! F\u00e9licitations \u00e0 <strong>Caroline\u2019s Kitchen<\/strong> pour l\u2019ouverture de sa boutique !<\/p>\n<p>Le Casier Fran\u00e7ais est ravi de vous pr\u00e9senter une nouvelle installation.<\/p>\n<p>Install\u00e9e \u00e0 la Hulpe en Brabant Wallon, retrouvez une boutique de d\u00e9gustation avec un service traiteur, <strong>Caroline\u2019s Kitchen<\/strong> propose une alimentation saine, qui est sans cesse r\u00e9invent\u00e9e pour le bien-\u00eatre de votre corps, mais aussi pour satisfaire les gourmands.<\/p>\n<p>Ce sont des produits sans gluten, sans lactose, sans produits raffin\u00e9s ou transform\u00e9s, ni sucres ajout\u00e9s. Retrouvez des ingr\u00e9dients simples, authentiques et qualitatifs qu\u2019ils ont d\u00e9cid\u00e9 de transformer eux-m\u00eames avec leur savoir-faire.<\/p>\n<p>Vous pouvez les retrouver \u00e0 cette adresse :<\/p>\n<blockquote>\n<ul>\n<li><em>Rue des Combattants 51, 1310 La Hulpe (Belgique)<\/em><\/li>\n<\/ul>\n<\/blockquote>\n<p>#Lecasierfrancais #CarolinesKitchen #HealthyFood #Traiteur #distributeurautomatique #casierconnect\u00e9 #casierautomatique #originefrancegarantie #hautsdefrance #Belgique #collaborateurs #installation[\/vc_column_text][\/vc_column][\/vc_row][vc_row type=\u00a0\u00bbin_container\u00a0\u00bb full_screen_row_position=\u00a0\u00bbmiddle\u00a0\u00bb scene_position=\u00a0\u00bbcenter\u00a0\u00bb text_color=\u00a0\u00bbdark\u00a0\u00bb text_align=\u00a0\u00bbleft\u00a0\u00bb overlay_strength=\u00a0\u00bb0.3&Prime; shape_divider_position=\u00a0\u00bbbottom\u00a0\u00bb][vc_column column_padding=\u00a0\u00bbno-extra-padding\u00a0\u00bb column_padding_position=\u00a0\u00bball\u00a0\u00bb background_color_opacity=\u00a0\u00bb1&Prime; background_hover_color_opacity=\u00a0\u00bb1&Prime; column_shadow=\u00a0\u00bbnone\u00a0\u00bb column_border_radius=\u00a0\u00bbnone\u00a0\u00bb width=\u00a0\u00bb1\/1&Prime; tablet_text_alignment=\u00a0\u00bbdefault\u00a0\u00bb phone_text_alignment=\u00a0\u00bbdefault\u00a0\u00bb column_border_width=\u00a0\u00bbnone\u00a0\u00bb column_border_style=\u00a0\u00bbsolid\u00a0\u00bb][nectar_cta btn_style=\u00a0\u00bbsee-through\u00a0\u00bb heading_tag=\u00a0\u00bbh6&Prime; link_type=\u00a0\u00bbregular\u00a0\u00bb alignment=\u00a0\u00bbleft\u00a0\u00bb link_text=\u00a0\u00bbhttps:\/\/www.facebook.com\/carolineskitchen1310&Prime;][\/vc_column][\/vc_row][vc_row type=\u00a0\u00bbin_container\u00a0\u00bb full_screen_row_position=\u00a0\u00bbmiddle\u00a0\u00bb scene_position=\u00a0\u00bbcenter\u00a0\u00bb text_color=\u00a0\u00bbdark\u00a0\u00bb text_align=\u00a0\u00bbleft\u00a0\u00bb overlay_strength=\u00a0\u00bb0.3&Prime; shape_divider_position=\u00a0\u00bbbottom\u00a0\u00bb][vc_column column_padding=\u00a0\u00bbno-extra-padding\u00a0\u00bb column_padding_position=\u00a0\u00bball\u00a0\u00bb background_color_opacity=\u00a0\u00bb1&Prime; background_hover_color_opacity=\u00a0\u00bb1&Prime; column_shadow=\u00a0\u00bbnone\u00a0\u00bb column_border_radius=\u00a0\u00bbnone\u00a0\u00bb width=\u00a0\u00bb1\/1&Prime; tablet_text_alignment=\u00a0\u00bbdefault\u00a0\u00bb phone_text_alignment=\u00a0\u00bbdefault\u00a0\u00bb column_border_width=\u00a0\u00bbnone\u00a0\u00bb column_border_style=\u00a0\u00bbsolid\u00a0\u00bb]<div class=\"img-with-aniamtion-wrap \" data-max-width=\"100%\" data-border-radius=\"none\"><div class=\"inner\"><img decoding=\"async\" data-shadow=\"none\" data-shadow-direction=\"middle\" class=\"img-with-animation \" data-delay=\"0\" height=\"775\" width=\"1033\" data-animation=\"fade-in\" src=\"https:\/\/lecasierfrancais.es\/wp-content\/uploads\/2022\/09\/3bcfdd26-21db-4e8f-920e-dd0ae685ae08.jpg\" srcset=\"https:\/\/lecasierfrancais.es\/wp-content\/uploads\/2022\/09\/3bcfdd26-21db-4e8f-920e-dd0ae685ae08.jpg 1033w, https:\/\/lecasierfrancais.es\/wp-content\/uploads\/2022\/09\/3bcfdd26-21db-4e8f-920e-dd0ae685ae08-300x225.jpg 300w, https:\/\/lecasierfrancais.es\/wp-content\/uploads\/2022\/09\/3bcfdd26-21db-4e8f-920e-dd0ae685ae08-1024x768.jpg 1024w, https:\/\/lecasierfrancais.es\/wp-content\/uploads\/2022\/09\/3bcfdd26-21db-4e8f-920e-dd0ae685ae08-768x576.jpg 768w\" sizes=\"100vw\" alt=\"\" \/><\/div><\/div>[\/vc_column][\/vc_row]\n","protected":false},"excerpt":{"rendered":"<p>[vc_row type=\u00a0\u00bbin_container\u00a0\u00bb full_screen_row_position=\u00a0\u00bbmiddle\u00a0\u00bb equal_height=\u00a0\u00bbyes\u00a0\u00bb content_placement=\u00a0\u00bbmiddle\u00a0\u00bb scene_position=\u00a0\u00bbcenter\u00a0\u00bb text_color=\u00a0\u00bbdark\u00a0\u00bb text_align=\u00a0\u00bbleft\u00a0\u00bb overlay_strength=\u00a0\u00bb0.3&Prime; shape_divider_position=\u00a0\u00bbbottom\u00a0\u00bb shape_type=\u00a0\u00bb\u00a0\u00bb][vc_column column_padding=\u00a0\u00bbno-extra-padding\u00a0\u00bb column_padding_position=\u00a0\u00bball\u00a0\u00bb background_color_opacity=\u00a0\u00bb1&Prime; background_hover_color_opacity=\u00a0\u00bb1&Prime;&#8230;<\/p>\n","protected":false},"author":8,"featured_media":9914,"comment_status":"open","ping_status":"open","sticky":false,"template":"","format":"standard","meta":{"footnotes":""},"categories":[381],"tags":[553,549,460,551,555,390,552,550,554,383,437,445],"class_list":{"0":"post-9916","1":"post","2":"type-post","3":"status-publish","4":"format-standard","5":"has-post-thumbnail","7":"category-ouvertures","8":"tag-belgique","9":"tag-carolineskitchen","10":"tag-casierautomatique","11":"tag-casierconnecte","12":"tag-collaborateurs","13":"tag-distributeurautomatique","14":"tag-hautsdefrance","15":"tag-healthyfood","16":"tag-installation","17":"tag-lecasierfrancais","18":"tag-originefrancegarantie","19":"tag-traiteur"},"yoast_head":"<!-- This site is optimized with the Yoast SEO Premium plugin v26.1 (Yoast SEO v26.1.1) - https:\/\/yoast.com\/wordpress\/plugins\/seo\/ -->\n<title>Ouverture en Belgique ! - Le Casier Fran\u00e7ais Ouverture en Belgique !<\/title>\n<meta name=\"description\" content=\"Le Casier Fran\u00e7ais Ouverture en Belgique ! - Le Casier Fran\u00e7ais - Ouvertures Le Casier Fran\u00e7ais\" \/>\n<meta name=\"robots\" content=\"index, follow, max-snippet:-1, max-image-preview:large, max-video-preview:-1\" \/>\n<link rel=\"canonical\" href=\"https:\/\/lecasierfrancais.es\/index.php\/2022\/09\/29\/ouverture-en-belgique\/\" \/>\n<meta property=\"og:locale\" content=\"fr_FR\" \/>\n<meta property=\"og:type\" content=\"article\" \/>\n<meta property=\"og:title\" content=\"Ouverture en Belgique !\" \/>\n<meta property=\"og:description\" content=\"Le Casier Fran\u00e7ais Ouverture en Belgique ! - Le Casier Fran\u00e7ais - Ouvertures Le Casier Fran\u00e7ais\" \/>\n<meta property=\"og:url\" content=\"https:\/\/lecasierfrancais.es\/index.php\/2022\/09\/29\/ouverture-en-belgique\/\" \/>\n<meta property=\"og:site_name\" content=\"Le Casier Fran\u00e7ais\" \/>\n<meta property=\"article:publisher\" content=\"https:\/\/www.facebook.com\/lecasierfrancais\/\" \/>\n<meta property=\"article:published_time\" content=\"2022-09-29T08:59:13+00:00\" \/>\n<meta property=\"article:modified_time\" content=\"2024-06-04T14:23:00+00:00\" \/>\n<meta property=\"og:image\" content=\"https:\/\/lecasierfrancais.es\/wp-content\/uploads\/2022\/09\/Carolines-Kitchen.png\" \/>\n\t<meta property=\"og:image:width\" content=\"940\" \/>\n\t<meta property=\"og:image:height\" content=\"788\" \/>\n\t<meta property=\"og:image:type\" content=\"image\/png\" \/>\n<meta name=\"author\" content=\"Le Casier Francais\" \/>\n<meta name=\"twitter:card\" content=\"summary_large_image\" \/>\n<meta name=\"twitter:label1\" content=\"\u00c9crit par\" \/>\n\t<meta name=\"twitter:data1\" content=\"Le Casier Francais\" \/>\n\t<meta name=\"twitter:label2\" content=\"Dur\u00e9e de lecture estim\u00e9e\" \/>\n\t<meta name=\"twitter:data2\" content=\"2 minutes\" \/>\n<script type=\"application\/ld+json\" class=\"yoast-schema-graph\">{\"@context\":\"https:\/\/schema.org\",\"@graph\":[{\"@type\":\"WebPage\",\"@id\":\"https:\/\/lecasierfrancais.es\/index.php\/2022\/09\/29\/ouverture-en-belgique\/\",\"url\":\"https:\/\/lecasierfrancais.es\/index.php\/2022\/09\/29\/ouverture-en-belgique\/\",\"name\":\"Ouverture en Belgique ! - Le Casier Fran\u00e7ais Ouverture en Belgique !\",\"isPartOf\":{\"@id\":\"https:\/\/lecasierfrancais.es\/#website\"},\"primaryImageOfPage\":{\"@id\":\"https:\/\/lecasierfrancais.es\/index.php\/2022\/09\/29\/ouverture-en-belgique\/#primaryimage\"},\"image\":{\"@id\":\"https:\/\/lecasierfrancais.es\/index.php\/2022\/09\/29\/ouverture-en-belgique\/#primaryimage\"},\"thumbnailUrl\":\"https:\/\/lecasierfrancais.es\/wp-content\/uploads\/2022\/09\/Carolines-Kitchen.png\",\"datePublished\":\"2022-09-29T08:59:13+00:00\",\"dateModified\":\"2024-06-04T14:23:00+00:00\",\"author\":{\"@id\":\"https:\/\/lecasierfrancais.es\/#\/schema\/person\/ac95c6138096844c56f2c49f81730a7a\"},\"description\":\"Le Casier Fran\u00e7ais Ouverture en Belgique ! - Le Casier Fran\u00e7ais - Ouvertures Le Casier Fran\u00e7ais\",\"breadcrumb\":{\"@id\":\"https:\/\/lecasierfrancais.es\/index.php\/2022\/09\/29\/ouverture-en-belgique\/#breadcrumb\"},\"inLanguage\":\"fr-FR\",\"potentialAction\":[{\"@type\":\"ReadAction\",\"target\":[\"https:\/\/lecasierfrancais.es\/index.php\/2022\/09\/29\/ouverture-en-belgique\/\"]}]},{\"@type\":\"ImageObject\",\"inLanguage\":\"fr-FR\",\"@id\":\"https:\/\/lecasierfrancais.es\/index.php\/2022\/09\/29\/ouverture-en-belgique\/#primaryimage\",\"url\":\"https:\/\/lecasierfrancais.es\/wp-content\/uploads\/2022\/09\/Carolines-Kitchen.png\",\"contentUrl\":\"https:\/\/lecasierfrancais.es\/wp-content\/uploads\/2022\/09\/Carolines-Kitchen.png\",\"width\":940,\"height\":788},{\"@type\":\"BreadcrumbList\",\"@id\":\"https:\/\/lecasierfrancais.es\/index.php\/2022\/09\/29\/ouverture-en-belgique\/#breadcrumb\",\"itemListElement\":[{\"@type\":\"ListItem\",\"position\":1,\"name\":\"Accueil\",\"item\":\"https:\/\/lecasierfrancais.es\/\"},{\"@type\":\"ListItem\",\"position\":2,\"name\":\"Ouverture en Belgique !\"}]},{\"@type\":\"WebSite\",\"@id\":\"https:\/\/lecasierfrancais.es\/#website\",\"url\":\"https:\/\/lecasierfrancais.es\/\",\"name\":\"Le Casier Fran\u00e7ais\",\"description\":\"\",\"potentialAction\":[{\"@type\":\"SearchAction\",\"target\":{\"@type\":\"EntryPoint\",\"urlTemplate\":\"https:\/\/lecasierfrancais.es\/?s={search_term_string}\"},\"query-input\":{\"@type\":\"PropertyValueSpecification\",\"valueRequired\":true,\"valueName\":\"search_term_string\"}}],\"inLanguage\":\"fr-FR\"},{\"@type\":\"Person\",\"@id\":\"https:\/\/lecasierfrancais.es\/#\/schema\/person\/ac95c6138096844c56f2c49f81730a7a\",\"name\":\"Le Casier Francais\",\"image\":{\"@type\":\"ImageObject\",\"inLanguage\":\"fr-FR\",\"@id\":\"https:\/\/lecasierfrancais.es\/#\/schema\/person\/image\/\",\"url\":\"https:\/\/secure.gravatar.com\/avatar\/f29776dfd97a4c78aee2ab31cb63a0f4097b8cc071a068daac2d914eb26fbbd4?s=96&d=mm&r=g\",\"contentUrl\":\"https:\/\/secure.gravatar.com\/avatar\/f29776dfd97a4c78aee2ab31cb63a0f4097b8cc071a068daac2d914eb26fbbd4?s=96&d=mm&r=g\",\"caption\":\"Le Casier Francais\"},\"url\":\"https:\/\/lecasierfrancais.es\/index.php\/author\/le-casier-francais\/\"}]}<\/script>\n<!-- \/ Yoast SEO Premium plugin. -->","yoast_head_json":{"title":"Ouverture en Belgique ! - Le Casier Fran\u00e7ais Ouverture en Belgique !","description":"Le Casier Fran\u00e7ais Ouverture en Belgique ! - Le Casier Fran\u00e7ais - Ouvertures Le Casier Fran\u00e7ais","robots":{"index":"index","follow":"follow","max-snippet":"max-snippet:-1","max-image-preview":"max-image-preview:large","max-video-preview":"max-video-preview:-1"},"canonical":"https:\/\/lecasierfrancais.es\/index.php\/2022\/09\/29\/ouverture-en-belgique\/","og_locale":"fr_FR","og_type":"article","og_title":"Ouverture en Belgique !","og_description":"Le Casier Fran\u00e7ais Ouverture en Belgique ! - Le Casier Fran\u00e7ais - Ouvertures Le Casier Fran\u00e7ais","og_url":"https:\/\/lecasierfrancais.es\/index.php\/2022\/09\/29\/ouverture-en-belgique\/","og_site_name":"Le Casier Fran\u00e7ais","article_publisher":"https:\/\/www.facebook.com\/lecasierfrancais\/","article_published_time":"2022-09-29T08:59:13+00:00","article_modified_time":"2024-06-04T14:23:00+00:00","og_image":[{"width":940,"height":788,"url":"https:\/\/lecasierfrancais.es\/wp-content\/uploads\/2022\/09\/Carolines-Kitchen.png","type":"image\/png"}],"author":"Le Casier Francais","twitter_card":"summary_large_image","twitter_misc":{"\u00c9crit par":"Le Casier Francais","Dur\u00e9e de lecture estim\u00e9e":"2 minutes"},"schema":{"@context":"https:\/\/schema.org","@graph":[{"@type":"WebPage","@id":"https:\/\/lecasierfrancais.es\/index.php\/2022\/09\/29\/ouverture-en-belgique\/","url":"https:\/\/lecasierfrancais.es\/index.php\/2022\/09\/29\/ouverture-en-belgique\/","name":"Ouverture en Belgique ! - Le Casier Fran\u00e7ais Ouverture en Belgique !","isPartOf":{"@id":"https:\/\/lecasierfrancais.es\/#website"},"primaryImageOfPage":{"@id":"https:\/\/lecasierfrancais.es\/index.php\/2022\/09\/29\/ouverture-en-belgique\/#primaryimage"},"image":{"@id":"https:\/\/lecasierfrancais.es\/index.php\/2022\/09\/29\/ouverture-en-belgique\/#primaryimage"},"thumbnailUrl":"https:\/\/lecasierfrancais.es\/wp-content\/uploads\/2022\/09\/Carolines-Kitchen.png","datePublished":"2022-09-29T08:59:13+00:00","dateModified":"2024-06-04T14:23:00+00:00","author":{"@id":"https:\/\/lecasierfrancais.es\/#\/schema\/person\/ac95c6138096844c56f2c49f81730a7a"},"description":"Le Casier Fran\u00e7ais Ouverture en Belgique ! - Le Casier Fran\u00e7ais - Ouvertures Le Casier Fran\u00e7ais","breadcrumb":{"@id":"https:\/\/lecasierfrancais.es\/index.php\/2022\/09\/29\/ouverture-en-belgique\/#breadcrumb"},"inLanguage":"fr-FR","potentialAction":[{"@type":"ReadAction","target":["https:\/\/lecasierfrancais.es\/index.php\/2022\/09\/29\/ouverture-en-belgique\/"]}]},{"@type":"ImageObject","inLanguage":"fr-FR","@id":"https:\/\/lecasierfrancais.es\/index.php\/2022\/09\/29\/ouverture-en-belgique\/#primaryimage","url":"https:\/\/lecasierfrancais.es\/wp-content\/uploads\/2022\/09\/Carolines-Kitchen.png","contentUrl":"https:\/\/lecasierfrancais.es\/wp-content\/uploads\/2022\/09\/Carolines-Kitchen.png","width":940,"height":788},{"@type":"BreadcrumbList","@id":"https:\/\/lecasierfrancais.es\/index.php\/2022\/09\/29\/ouverture-en-belgique\/#breadcrumb","itemListElement":[{"@type":"ListItem","position":1,"name":"Accueil","item":"https:\/\/lecasierfrancais.es\/"},{"@type":"ListItem","position":2,"name":"Ouverture en Belgique !"}]},{"@type":"WebSite","@id":"https:\/\/lecasierfrancais.es\/#website","url":"https:\/\/lecasierfrancais.es\/","name":"Le Casier Fran\u00e7ais","description":"","potentialAction":[{"@type":"SearchAction","target":{"@type":"EntryPoint","urlTemplate":"https:\/\/lecasierfrancais.es\/?s={search_term_string}"},"query-input":{"@type":"PropertyValueSpecification","valueRequired":true,"valueName":"search_term_string"}}],"inLanguage":"fr-FR"},{"@type":"Person","@id":"https:\/\/lecasierfrancais.es\/#\/schema\/person\/ac95c6138096844c56f2c49f81730a7a","name":"Le Casier Francais","image":{"@type":"ImageObject","inLanguage":"fr-FR","@id":"https:\/\/lecasierfrancais.es\/#\/schema\/person\/image\/","url":"https:\/\/secure.gravatar.com\/avatar\/f29776dfd97a4c78aee2ab31cb63a0f4097b8cc071a068daac2d914eb26fbbd4?s=96&d=mm&r=g","contentUrl":"https:\/\/secure.gravatar.com\/avatar\/f29776dfd97a4c78aee2ab31cb63a0f4097b8cc071a068daac2d914eb26fbbd4?s=96&d=mm&r=g","caption":"Le Casier Francais"},"url":"https:\/\/lecasierfrancais.es\/index.php\/author\/le-casier-francais\/"}]}},"_links":{"self":[{"href":"https:\/\/lecasierfrancais.es\/index.php\/wp-json\/wp\/v2\/posts\/9916","targetHints":{"allow":["GET"]}}],"collection":[{"href":"https:\/\/lecasierfrancais.es\/index.php\/wp-json\/wp\/v2\/posts"}],"about":[{"href":"https:\/\/lecasierfrancais.es\/index.php\/wp-json\/wp\/v2\/types\/post"}],"author":[{"embeddable":true,"href":"https:\/\/lecasierfrancais.es\/index.php\/wp-json\/wp\/v2\/users\/8"}],"replies":[{"embeddable":true,"href":"https:\/\/lecasierfrancais.es\/index.php\/wp-json\/wp\/v2\/comments?post=9916"}],"version-history":[{"count":17,"href":"https:\/\/lecasierfrancais.es\/index.php\/wp-json\/wp\/v2\/posts\/9916\/revisions"}],"predecessor-version":[{"id":9935,"href":"https:\/\/lecasierfrancais.es\/index.php\/wp-json\/wp\/v2\/posts\/9916\/revisions\/9935"}],"wp:featuredmedia":[{"embeddable":true,"href":"https:\/\/lecasierfrancais.es\/index.php\/wp-json\/wp\/v2\/media\/9914"}],"wp:attachment":[{"href":"https:\/\/lecasierfrancais.es\/index.php\/wp-json\/wp\/v2\/media?parent=9916"}],"wp:term":[{"taxonomy":"category","embeddable":true,"href":"https:\/\/lecasierfrancais.es\/index.php\/wp-json\/wp\/v2\/categories?post=9916"},{"taxonomy":"post_tag","embeddable":true,"href":"https:\/\/lecasierfrancais.es\/index.php\/wp-json\/wp\/v2\/tags?post=9916"}],"curies":[{"name":"wp","href":"https:\/\/api.w.org\/{rel}","templated":true}]}}