{"id":9939,"date":"2022-10-17T08:38:43","date_gmt":"2022-10-17T06:38:43","guid":{"rendered":"https:\/\/lecasierfrancais.fr\/?p=9939"},"modified":"2024-06-04T16:16:23","modified_gmt":"2024-06-04T14:16:23","slug":"9939","status":"publish","type":"post","link":"https:\/\/lecasierfrancais.es\/index.php\/2022\/10\/17\/9939\/","title":{"rendered":"Gaec d&rsquo;Emmerin \u00e0 l&rsquo;\u00e8re du digital?"},"content":{"rendered":"[vc_row type=\u00a0\u00bbin_container\u00a0\u00bb full_screen_row_position=\u00a0\u00bbmiddle\u00a0\u00bb scene_position=\u00a0\u00bbcenter\u00a0\u00bb text_color=\u00a0\u00bbdark\u00a0\u00bb text_align=\u00a0\u00bbleft\u00a0\u00bb overlay_strength=\u00a0\u00bb0.3&Prime; shape_divider_position=\u00a0\u00bbbottom\u00a0\u00bb][vc_column column_padding=\u00a0\u00bbno-extra-padding\u00a0\u00bb column_padding_position=\u00a0\u00bball\u00a0\u00bb background_color_opacity=\u00a0\u00bb1&Prime; background_hover_color_opacity=\u00a0\u00bb1&Prime; column_shadow=\u00a0\u00bbnone\u00a0\u00bb column_border_radius=\u00a0\u00bbnone\u00a0\u00bb width=\u00a0\u00bb1\/1&Prime; tablet_text_alignment=\u00a0\u00bbdefault\u00a0\u00bb phone_text_alignment=\u00a0\u00bbdefault\u00a0\u00bb column_border_width=\u00a0\u00bbnone\u00a0\u00bb column_border_style=\u00a0\u00bbsolid\u00a0\u00bb][vc_text_separator title=\u00a0\u00bbDepuis plusieurs ann\u00e9es, GAEC d\u2019Emmerin nous a fait confiance en optant pour des casiers connect\u00e9s Made in France.\u00a0\u00bb]<div class=\"img-with-aniamtion-wrap \" data-max-width=\"100%\" data-border-radius=\"none\"><div class=\"inner\"><img decoding=\"async\" data-shadow=\"none\" data-shadow-direction=\"middle\" class=\"img-with-animation \" data-delay=\"0\" height=\"1920\" width=\"2557\" data-animation=\"fade-in\" src=\"https:\/\/lecasierfrancais.es\/wp-content\/uploads\/2022\/08\/Casiersconnectes_Application.jpg\" srcset=\"https:\/\/lecasierfrancais.es\/wp-content\/uploads\/2022\/08\/Casiersconnectes_Application.jpg 2557w, https:\/\/lecasierfrancais.es\/wp-content\/uploads\/2022\/08\/Casiersconnectes_Application-300x225.jpg 300w, https:\/\/lecasierfrancais.es\/wp-content\/uploads\/2022\/08\/Casiersconnectes_Application-1024x769.jpg 1024w, https:\/\/lecasierfrancais.es\/wp-content\/uploads\/2022\/08\/Casiersconnectes_Application-768x577.jpg 768w, https:\/\/lecasierfrancais.es\/wp-content\/uploads\/2022\/08\/Casiersconnectes_Application-1536x1153.jpg 1536w, https:\/\/lecasierfrancais.es\/wp-content\/uploads\/2022\/08\/Casiersconnectes_Application-2048x1538.jpg 2048w\" sizes=\"100vw\" alt=\"\" \/><\/div><\/div>[vc_column_text]\n<p style=\"text-align: justify;\">Mara\u00eechers depuis quatre g\u00e9n\u00e9rations, Babeth et Beno\u00eet nous ont ouvert leurs portes pour visiter l\u2019organisation de leur boutique, mais aussi pour admirer l\u2019entretien des casiers connect\u00e9s.<\/p>\n<p style=\"text-align: justify;\">Pourquoi ont-ils choisi des distributeurs de casier connect\u00e9s\u00a0?<\/p>\n<p style=\"text-align: justify;\">GAEC d\u2019Emmerin propose des produits locaux de qualit\u00e9, les casiers leur ont permis de construire un point de vente rapprochant les producteurs locaux des clients aux alentours en proposant des produits de la ferme de qualit\u00e9 \u00e0 prix raisonnable.<\/p>\n<p style=\"text-align: justify;\">Ils mettent en avant le circuit court pour aider et favoriser la consommation locale, mais aussi pour faire poursuivre la tradition d\u2019aller chercher soit m\u00eame les produits \u00e0 la ferme et d\u2019entretenir les relations avec clients.<\/p>\n<p style=\"text-align: justify;\">Ils font reprendre vie au circuit court en permettant aux autres producteurs locaux de vendre leurs diff\u00e9rents produits, gr\u00e2ce \u00e0 cela, ils peuvent proposer un large choix de produits dans leurs casiers et surtout avoir la possibilit\u00e9 de proposer des fruits et l\u00e9gumes de saison.<\/p>\n<p style=\"text-align: justify;\">Pour aider Babeth et Beno\u00eet, mais \u00e9galement nos autres collaborateurs, Le Casier Fran\u00e7ais a d\u00e9cid\u00e9 de cr\u00e9er un service d\u2019abonnement pour aider \u00e0 optimiser l\u2019organisation de leurs distributeurs avec aisance et facilit\u00e9 et d\u2019avoir un suivi r\u00e9el sur les casiers et leurs produits.<\/p>\n<p style=\"text-align: justify;\">\u00ab\u00a0Le Kiosque \u00bb Permet de param\u00e9trer et de g\u00e9rer la machine \u00e0 partir de plusieurs supports comme les PC, tablettes et smartphones.<\/p>\n<p style=\"text-align: justify;\">Vous pouvez avoir la possibilit\u00e9 de proposer l\u2019option Click &amp; Case Collect aux clients, qui est le retrait en magasin, il permet aux clients de r\u00e9server un produit qui se trouve en stock par t\u00e9l\u00e9phone ou via notre application mobile LCF.<\/p>\n<p style=\"text-align: justify;\">Le Click and Collect est utile pour les clients, cela leur permet de retirer facilement leurs commandes dans les casiers, cela contribue \u00e0 r\u00e9duire les files d&rsquo;attente \u00e0 la borne de commande et de paiement lors des heures de pointe.<\/p>\n<p style=\"text-align: justify;\">Nos casiers peuvent \u00eatre \u00e9galement r\u00e9frig\u00e9r\u00e9s. Avec Le Kiosque, il y a la possibilit\u00e9 de proposer la garantie de tra\u00e7abilit\u00e9 des temp\u00e9ratures des casiers, pour que les produits soient toujours conserv\u00e9s \u00e0 la bonne temp\u00e9rature et donc limiter la d\u00e9gradation des produits frais.<\/p>\n<p style=\"text-align: justify;\">L\u2019application permet de voir en temps et en heure les casiers vides ou remplis, Beno\u00eet et Babeth organisent ainsi des cr\u00e9neaux dans la journ\u00e9e pour pouvoir remplir leurs casiers.<\/p>\n<p style=\"text-align: justify;\">Le Kiosque est un outil d\u2019aide qui permet \u00e0 GAEC d\u2019Emmerin de g\u00e9rer le remplissage de leurs casiers pour \u00eatre \u00e0 l\u2019aff\u00fbt des clients, tout en satisfaisant leurs demandes et leurs besoins.<\/p>\n<p style=\"text-align: justify;\">C\u2019est un \u00e9norme travail qui est fourni tout autour de la boutique concernant l\u2019am\u00e9nagement et l\u2019ambiance des casiers qui s\u00e9duisent toujours autant\u00a0!<\/p>\n<p style=\"text-align: justify;\">Le Casier Fran\u00e7ais est ravi de faire perdurer ses relations avec ses partenaires et de voir l\u2019\u00e9volution des casiers chez nos collaborateurs !<\/p>\n<p style=\"text-align: justify;\">Retrouvez les casiers de GAEC d\u2019Emmerin au\u00a0: 1 Chemin de Santes, 59320 Emmerin.<\/p>\n<p style=\"text-align: justify;\">#LeCasierFran\u00e7ais #DistributeurAutomatique #CasierConnect\u00e9 #GAECEmmerin #Mara\u00eecher #MadeInFrance #Certifi\u00e9OrigineFrance #HautsDeFrance #LeKiosque #CircuitCourt #ProducteursLocaux<\/p>\n[\/vc_column_text][vc_zigzag][nectar_cta btn_style=\u00a0\u00bbsee-through\u00a0\u00bb heading_tag=\u00a0\u00bbh6&Prime; link_type=\u00a0\u00bbregular\u00a0\u00bb alignment=\u00a0\u00bbleft\u00a0\u00bb link_text=\u00a0\u00bbN\u2019h\u00e9sitez pas \u00e0 les retrouver sur leur page Facebook : \u00a0\u00bb url=\u00a0\u00bbhttps:\/\/www.facebook.com\/gaecdemmerin\u00a0\u00bb][vc_gallery type=\u00a0\u00bbflickity_style\u00a0\u00bb images=\u00a0\u00bb9888,9891,9867,9941,9940&Prime; flickity_controls=\u00a0\u00bbpagination\u00a0\u00bb flickity_desktop_columns=\u00a0\u00bb1&Prime; flickity_small_desktop_columns=\u00a0\u00bb1&Prime; flickity_tablet_columns=\u00a0\u00bb1&Prime; flickity_autoplay=\u00a0\u00bbtrue\u00a0\u00bb flickity_box_shadow=\u00a0\u00bbnone\u00a0\u00bb onclick=\u00a0\u00bblink_no\u00a0\u00bb][\/vc_column][\/vc_row][vc_row type=\u00a0\u00bbin_container\u00a0\u00bb full_screen_row_position=\u00a0\u00bbmiddle\u00a0\u00bb scene_position=\u00a0\u00bbcenter\u00a0\u00bb text_color=\u00a0\u00bbdark\u00a0\u00bb text_align=\u00a0\u00bbleft\u00a0\u00bb overlay_strength=\u00a0\u00bb0.3&Prime; shape_divider_position=\u00a0\u00bbbottom\u00a0\u00bb][vc_column column_padding=\u00a0\u00bbno-extra-padding\u00a0\u00bb column_padding_position=\u00a0\u00bball\u00a0\u00bb background_color_opacity=\u00a0\u00bb1&Prime; background_hover_color_opacity=\u00a0\u00bb1&Prime; column_shadow=\u00a0\u00bbnone\u00a0\u00bb column_border_radius=\u00a0\u00bbnone\u00a0\u00bb width=\u00a0\u00bb1\/1&Prime; tablet_text_alignment=\u00a0\u00bbdefault\u00a0\u00bb phone_text_alignment=\u00a0\u00bbdefault\u00a0\u00bb column_border_width=\u00a0\u00bbnone\u00a0\u00bb column_border_style=\u00a0\u00bbsolid\u00a0\u00bb][\/vc_column][\/vc_row]\n","protected":false},"excerpt":{"rendered":"<p>[vc_row type=\u00a0\u00bbin_container\u00a0\u00bb full_screen_row_position=\u00a0\u00bbmiddle\u00a0\u00bb scene_position=\u00a0\u00bbcenter\u00a0\u00bb text_color=\u00a0\u00bbdark\u00a0\u00bb text_align=\u00a0\u00bbleft\u00a0\u00bb overlay_strength=\u00a0\u00bb0.3&Prime; shape_divider_position=\u00a0\u00bbbottom\u00a0\u00bb][vc_column column_padding=\u00a0\u00bbno-extra-padding\u00a0\u00bb column_padding_position=\u00a0\u00bball\u00a0\u00bb background_color_opacity=\u00a0\u00bb1&Prime; background_hover_color_opacity=\u00a0\u00bb1&Prime; column_shadow=\u00a0\u00bbnone\u00a0\u00bb column_border_radius=\u00a0\u00bbnone\u00a0\u00bb width=\u00a0\u00bb1\/1&Prime;&#8230;<\/p>\n","protected":false},"author":8,"featured_media":9891,"comment_status":"open","ping_status":"open","sticky":false,"template":"","format":"standard","meta":{"footnotes":""},"categories":[405],"tags":[443,389,460,396,387,383,503,461],"class_list":{"0":"post-9939","1":"post","2":"type-post","3":"status-publish","4":"format-standard","5":"has-post-thumbnail","7":"category-news","8":"tag-agriculture","9":"tag-automatique","10":"tag-casierautomatique","11":"tag-casiers","12":"tag-circuitcourt","13":"tag-lecasierfrancais","14":"tag-origine-france-garantie","15":"tag-ventedirecte"},"yoast_head":"<!-- This site is optimized with the Yoast SEO Premium plugin v26.1 (Yoast SEO v26.1.1) - https:\/\/yoast.com\/wordpress\/plugins\/seo\/ -->\n<title>Gaec d&#039;Emmerin \u00e0 l&#039;\u00e8re du digital? - Le Casier Fran\u00e7ais<\/title>\n<meta name=\"robots\" content=\"index, follow, max-snippet:-1, max-image-preview:large, max-video-preview:-1\" \/>\n<link rel=\"canonical\" href=\"https:\/\/lecasierfrancais.es\/index.php\/2022\/10\/17\/9939\/\" \/>\n<meta property=\"og:locale\" content=\"fr_FR\" \/>\n<meta property=\"og:type\" content=\"article\" \/>\n<meta property=\"og:title\" content=\"Gaec d&#039;Emmerin \u00e0 l&#039;\u00e8re du digital?\" \/>\n<meta property=\"og:description\" content=\"[vc_row type=\u00a0\u00bbin_container\u00a0\u00bb full_screen_row_position=\u00a0\u00bbmiddle\u00a0\u00bb scene_position=\u00a0\u00bbcenter\u00a0\u00bb text_color=\u00a0\u00bbdark\u00a0\u00bb text_align=\u00a0\u00bbleft\u00a0\u00bb overlay_strength=\u00a0\u00bb0.3&Prime; shape_divider_position=\u00a0\u00bbbottom\u00a0\u00bb][vc_column column_padding=\u00a0\u00bbno-extra-padding\u00a0\u00bb column_padding_position=\u00a0\u00bball\u00a0\u00bb background_color_opacity=\u00a0\u00bb1&Prime; background_hover_color_opacity=\u00a0\u00bb1&Prime; column_shadow=\u00a0\u00bbnone\u00a0\u00bb column_border_radius=\u00a0\u00bbnone\u00a0\u00bb width=\u00a0\u00bb1\/1&Prime;...\" \/>\n<meta property=\"og:url\" content=\"https:\/\/lecasierfrancais.es\/index.php\/2022\/10\/17\/9939\/\" \/>\n<meta property=\"og:site_name\" content=\"Le Casier Fran\u00e7ais\" \/>\n<meta property=\"article:publisher\" content=\"https:\/\/www.facebook.com\/lecasierfrancais\/\" \/>\n<meta property=\"article:published_time\" content=\"2022-10-17T06:38:43+00:00\" \/>\n<meta property=\"article:modified_time\" content=\"2024-06-04T14:16:23+00:00\" \/>\n<meta property=\"og:image\" content=\"https:\/\/lecasierfrancais.es\/wp-content\/uploads\/2022\/08\/Casiersconnectes_Application.jpg\" \/>\n\t<meta property=\"og:image:width\" content=\"2557\" \/>\n\t<meta property=\"og:image:height\" content=\"1920\" \/>\n\t<meta property=\"og:image:type\" content=\"image\/jpeg\" \/>\n<meta name=\"author\" content=\"Le Casier Francais\" \/>\n<meta name=\"twitter:card\" content=\"summary_large_image\" \/>\n<meta name=\"twitter:label1\" content=\"\u00c9crit par\" \/>\n\t<meta name=\"twitter:data1\" content=\"Le Casier Francais\" \/>\n\t<meta name=\"twitter:label2\" content=\"Dur\u00e9e de lecture estim\u00e9e\" \/>\n\t<meta name=\"twitter:data2\" content=\"4 minutes\" \/>\n<script type=\"application\/ld+json\" class=\"yoast-schema-graph\">{\"@context\":\"https:\/\/schema.org\",\"@graph\":[{\"@type\":\"WebPage\",\"@id\":\"https:\/\/lecasierfrancais.es\/index.php\/2022\/10\/17\/9939\/\",\"url\":\"https:\/\/lecasierfrancais.es\/index.php\/2022\/10\/17\/9939\/\",\"name\":\"Gaec d'Emmerin \u00e0 l'\u00e8re du digital? - Le Casier Fran\u00e7ais\",\"isPartOf\":{\"@id\":\"https:\/\/lecasierfrancais.es\/#website\"},\"primaryImageOfPage\":{\"@id\":\"https:\/\/lecasierfrancais.es\/index.php\/2022\/10\/17\/9939\/#primaryimage\"},\"image\":{\"@id\":\"https:\/\/lecasierfrancais.es\/index.php\/2022\/10\/17\/9939\/#primaryimage\"},\"thumbnailUrl\":\"https:\/\/lecasierfrancais.es\/wp-content\/uploads\/2022\/08\/Casiersconnectes_Application.jpg\",\"datePublished\":\"2022-10-17T06:38:43+00:00\",\"dateModified\":\"2024-06-04T14:16:23+00:00\",\"author\":{\"@id\":\"https:\/\/lecasierfrancais.es\/#\/schema\/person\/ac95c6138096844c56f2c49f81730a7a\"},\"breadcrumb\":{\"@id\":\"https:\/\/lecasierfrancais.es\/index.php\/2022\/10\/17\/9939\/#breadcrumb\"},\"inLanguage\":\"fr-FR\",\"potentialAction\":[{\"@type\":\"ReadAction\",\"target\":[\"https:\/\/lecasierfrancais.es\/index.php\/2022\/10\/17\/9939\/\"]}]},{\"@type\":\"ImageObject\",\"inLanguage\":\"fr-FR\",\"@id\":\"https:\/\/lecasierfrancais.es\/index.php\/2022\/10\/17\/9939\/#primaryimage\",\"url\":\"https:\/\/lecasierfrancais.es\/wp-content\/uploads\/2022\/08\/Casiersconnectes_Application.jpg\",\"contentUrl\":\"https:\/\/lecasierfrancais.es\/wp-content\/uploads\/2022\/08\/Casiersconnectes_Application.jpg\",\"width\":2557,\"height\":1920},{\"@type\":\"BreadcrumbList\",\"@id\":\"https:\/\/lecasierfrancais.es\/index.php\/2022\/10\/17\/9939\/#breadcrumb\",\"itemListElement\":[{\"@type\":\"ListItem\",\"position\":1,\"name\":\"Accueil\",\"item\":\"https:\/\/lecasierfrancais.es\/\"},{\"@type\":\"ListItem\",\"position\":2,\"name\":\"Gaec d&rsquo;Emmerin \u00e0 l&rsquo;\u00e8re du digital?\"}]},{\"@type\":\"WebSite\",\"@id\":\"https:\/\/lecasierfrancais.es\/#website\",\"url\":\"https:\/\/lecasierfrancais.es\/\",\"name\":\"Le Casier Fran\u00e7ais\",\"description\":\"\",\"potentialAction\":[{\"@type\":\"SearchAction\",\"target\":{\"@type\":\"EntryPoint\",\"urlTemplate\":\"https:\/\/lecasierfrancais.es\/?s={search_term_string}\"},\"query-input\":{\"@type\":\"PropertyValueSpecification\",\"valueRequired\":true,\"valueName\":\"search_term_string\"}}],\"inLanguage\":\"fr-FR\"},{\"@type\":\"Person\",\"@id\":\"https:\/\/lecasierfrancais.es\/#\/schema\/person\/ac95c6138096844c56f2c49f81730a7a\",\"name\":\"Le Casier Francais\",\"image\":{\"@type\":\"ImageObject\",\"inLanguage\":\"fr-FR\",\"@id\":\"https:\/\/lecasierfrancais.es\/#\/schema\/person\/image\/\",\"url\":\"https:\/\/secure.gravatar.com\/avatar\/f29776dfd97a4c78aee2ab31cb63a0f4097b8cc071a068daac2d914eb26fbbd4?s=96&d=mm&r=g\",\"contentUrl\":\"https:\/\/secure.gravatar.com\/avatar\/f29776dfd97a4c78aee2ab31cb63a0f4097b8cc071a068daac2d914eb26fbbd4?s=96&d=mm&r=g\",\"caption\":\"Le Casier Francais\"},\"url\":\"https:\/\/lecasierfrancais.es\/index.php\/author\/le-casier-francais\/\"}]}<\/script>\n<!-- \/ Yoast SEO Premium plugin. -->","yoast_head_json":{"title":"Gaec d'Emmerin \u00e0 l'\u00e8re du digital? - Le Casier Fran\u00e7ais","robots":{"index":"index","follow":"follow","max-snippet":"max-snippet:-1","max-image-preview":"max-image-preview:large","max-video-preview":"max-video-preview:-1"},"canonical":"https:\/\/lecasierfrancais.es\/index.php\/2022\/10\/17\/9939\/","og_locale":"fr_FR","og_type":"article","og_title":"Gaec d'Emmerin \u00e0 l'\u00e8re du digital?","og_description":"[vc_row type=\u00a0\u00bbin_container\u00a0\u00bb full_screen_row_position=\u00a0\u00bbmiddle\u00a0\u00bb scene_position=\u00a0\u00bbcenter\u00a0\u00bb text_color=\u00a0\u00bbdark\u00a0\u00bb text_align=\u00a0\u00bbleft\u00a0\u00bb overlay_strength=\u00a0\u00bb0.3&Prime; shape_divider_position=\u00a0\u00bbbottom\u00a0\u00bb][vc_column column_padding=\u00a0\u00bbno-extra-padding\u00a0\u00bb column_padding_position=\u00a0\u00bball\u00a0\u00bb background_color_opacity=\u00a0\u00bb1&Prime; background_hover_color_opacity=\u00a0\u00bb1&Prime; column_shadow=\u00a0\u00bbnone\u00a0\u00bb column_border_radius=\u00a0\u00bbnone\u00a0\u00bb width=\u00a0\u00bb1\/1&Prime;...","og_url":"https:\/\/lecasierfrancais.es\/index.php\/2022\/10\/17\/9939\/","og_site_name":"Le Casier Fran\u00e7ais","article_publisher":"https:\/\/www.facebook.com\/lecasierfrancais\/","article_published_time":"2022-10-17T06:38:43+00:00","article_modified_time":"2024-06-04T14:16:23+00:00","og_image":[{"width":2557,"height":1920,"url":"https:\/\/lecasierfrancais.es\/wp-content\/uploads\/2022\/08\/Casiersconnectes_Application.jpg","type":"image\/jpeg"}],"author":"Le Casier Francais","twitter_card":"summary_large_image","twitter_misc":{"\u00c9crit par":"Le Casier Francais","Dur\u00e9e de lecture estim\u00e9e":"4 minutes"},"schema":{"@context":"https:\/\/schema.org","@graph":[{"@type":"WebPage","@id":"https:\/\/lecasierfrancais.es\/index.php\/2022\/10\/17\/9939\/","url":"https:\/\/lecasierfrancais.es\/index.php\/2022\/10\/17\/9939\/","name":"Gaec d'Emmerin \u00e0 l'\u00e8re du digital? - Le Casier Fran\u00e7ais","isPartOf":{"@id":"https:\/\/lecasierfrancais.es\/#website"},"primaryImageOfPage":{"@id":"https:\/\/lecasierfrancais.es\/index.php\/2022\/10\/17\/9939\/#primaryimage"},"image":{"@id":"https:\/\/lecasierfrancais.es\/index.php\/2022\/10\/17\/9939\/#primaryimage"},"thumbnailUrl":"https:\/\/lecasierfrancais.es\/wp-content\/uploads\/2022\/08\/Casiersconnectes_Application.jpg","datePublished":"2022-10-17T06:38:43+00:00","dateModified":"2024-06-04T14:16:23+00:00","author":{"@id":"https:\/\/lecasierfrancais.es\/#\/schema\/person\/ac95c6138096844c56f2c49f81730a7a"},"breadcrumb":{"@id":"https:\/\/lecasierfrancais.es\/index.php\/2022\/10\/17\/9939\/#breadcrumb"},"inLanguage":"fr-FR","potentialAction":[{"@type":"ReadAction","target":["https:\/\/lecasierfrancais.es\/index.php\/2022\/10\/17\/9939\/"]}]},{"@type":"ImageObject","inLanguage":"fr-FR","@id":"https:\/\/lecasierfrancais.es\/index.php\/2022\/10\/17\/9939\/#primaryimage","url":"https:\/\/lecasierfrancais.es\/wp-content\/uploads\/2022\/08\/Casiersconnectes_Application.jpg","contentUrl":"https:\/\/lecasierfrancais.es\/wp-content\/uploads\/2022\/08\/Casiersconnectes_Application.jpg","width":2557,"height":1920},{"@type":"BreadcrumbList","@id":"https:\/\/lecasierfrancais.es\/index.php\/2022\/10\/17\/9939\/#breadcrumb","itemListElement":[{"@type":"ListItem","position":1,"name":"Accueil","item":"https:\/\/lecasierfrancais.es\/"},{"@type":"ListItem","position":2,"name":"Gaec d&rsquo;Emmerin \u00e0 l&rsquo;\u00e8re du digital?"}]},{"@type":"WebSite","@id":"https:\/\/lecasierfrancais.es\/#website","url":"https:\/\/lecasierfrancais.es\/","name":"Le Casier Fran\u00e7ais","description":"","potentialAction":[{"@type":"SearchAction","target":{"@type":"EntryPoint","urlTemplate":"https:\/\/lecasierfrancais.es\/?s={search_term_string}"},"query-input":{"@type":"PropertyValueSpecification","valueRequired":true,"valueName":"search_term_string"}}],"inLanguage":"fr-FR"},{"@type":"Person","@id":"https:\/\/lecasierfrancais.es\/#\/schema\/person\/ac95c6138096844c56f2c49f81730a7a","name":"Le Casier Francais","image":{"@type":"ImageObject","inLanguage":"fr-FR","@id":"https:\/\/lecasierfrancais.es\/#\/schema\/person\/image\/","url":"https:\/\/secure.gravatar.com\/avatar\/f29776dfd97a4c78aee2ab31cb63a0f4097b8cc071a068daac2d914eb26fbbd4?s=96&d=mm&r=g","contentUrl":"https:\/\/secure.gravatar.com\/avatar\/f29776dfd97a4c78aee2ab31cb63a0f4097b8cc071a068daac2d914eb26fbbd4?s=96&d=mm&r=g","caption":"Le Casier Francais"},"url":"https:\/\/lecasierfrancais.es\/index.php\/author\/le-casier-francais\/"}]}},"_links":{"self":[{"href":"https:\/\/lecasierfrancais.es\/index.php\/wp-json\/wp\/v2\/posts\/9939","targetHints":{"allow":["GET"]}}],"collection":[{"href":"https:\/\/lecasierfrancais.es\/index.php\/wp-json\/wp\/v2\/posts"}],"about":[{"href":"https:\/\/lecasierfrancais.es\/index.php\/wp-json\/wp\/v2\/types\/post"}],"author":[{"embeddable":true,"href":"https:\/\/lecasierfrancais.es\/index.php\/wp-json\/wp\/v2\/users\/8"}],"replies":[{"embeddable":true,"href":"https:\/\/lecasierfrancais.es\/index.php\/wp-json\/wp\/v2\/comments?post=9939"}],"version-history":[{"count":22,"href":"https:\/\/lecasierfrancais.es\/index.php\/wp-json\/wp\/v2\/posts\/9939\/revisions"}],"predecessor-version":[{"id":9960,"href":"https:\/\/lecasierfrancais.es\/index.php\/wp-json\/wp\/v2\/posts\/9939\/revisions\/9960"}],"wp:featuredmedia":[{"embeddable":true,"href":"https:\/\/lecasierfrancais.es\/index.php\/wp-json\/wp\/v2\/media\/9891"}],"wp:attachment":[{"href":"https:\/\/lecasierfrancais.es\/index.php\/wp-json\/wp\/v2\/media?parent=9939"}],"wp:term":[{"taxonomy":"category","embeddable":true,"href":"https:\/\/lecasierfrancais.es\/index.php\/wp-json\/wp\/v2\/categories?post=9939"},{"taxonomy":"post_tag","embeddable":true,"href":"https:\/\/lecasierfrancais.es\/index.php\/wp-json\/wp\/v2\/tags?post=9939"}],"curies":[{"name":"wp","href":"https:\/\/api.w.org\/{rel}","templated":true}]}}